{"id":666032,"date":"2025-05-06T00:00:35","date_gmt":"2025-05-06T06:00:35","guid":{"rendered":"https:\/\/www.diarioimagen.net\/?p=666032"},"modified":"2025-05-05T20:20:44","modified_gmt":"2025-05-06T02:20:44","slug":"la-pasada-gestion-de-ecatepec-esfumo-28-millones-de-pesos","status":"publish","type":"post","link":"https:\/\/www.diarioimagen.net\/?p=666032","title":{"rendered":"La pasada gesti\u00f3n de Ecatepec  \u201cesfum\u00f3\u201d 28 millones de pesos"},"content":{"rendered":"<ul>\n<li><strong>Denuncia la alcaldesa Azucena Cisneros<\/strong><\/li>\n<\/ul>\n<p><strong>\u00a0<\/strong><\/p>\n<div id=\"attachment_666033\" style=\"width: 470px\" class=\"wp-caption alignnone\"><img loading=\"lazy\" decoding=\"async\" aria-describedby=\"caption-attachment-666033\" class=\"wp-image-666033 size-large\" src=\"https:\/\/www.diarioimagen.net\/wp-content\/uploads\/2025\/05\/BAENA-2-ok-2-460x257.jpg\" alt=\"\" width=\"460\" height=\"257\" srcset=\"https:\/\/www.diarioimagen.net\/wp-content\/uploads\/2025\/05\/BAENA-2-ok-2-460x257.jpg 460w, https:\/\/www.diarioimagen.net\/wp-content\/uploads\/2025\/05\/BAENA-2-ok-2-240x134.jpg 240w, https:\/\/www.diarioimagen.net\/wp-content\/uploads\/2025\/05\/BAENA-2-ok-2-768x429.jpg 768w, https:\/\/www.diarioimagen.net\/wp-content\/uploads\/2025\/05\/BAENA-2-ok-2-1536x858.jpg 1536w, https:\/\/www.diarioimagen.net\/wp-content\/uploads\/2025\/05\/BAENA-2-ok-2-2048x1144.jpg 2048w, https:\/\/www.diarioimagen.net\/wp-content\/uploads\/2025\/05\/BAENA-2-ok-2-235x132.jpg 235w, https:\/\/www.diarioimagen.net\/wp-content\/uploads\/2025\/05\/BAENA-2-ok-2-202x114.jpg 202w, https:\/\/www.diarioimagen.net\/wp-content\/uploads\/2025\/05\/BAENA-2-ok-2-350x196.jpg 350w, https:\/\/www.diarioimagen.net\/wp-content\/uploads\/2025\/05\/BAENA-2-ok-2-220x123.jpg 220w, https:\/\/www.diarioimagen.net\/wp-content\/uploads\/2025\/05\/BAENA-2-ok-2-237x132.jpg 237w\" sizes=\"auto, (max-width: 460px) 100vw, 460px\" \/><p id=\"caption-attachment-666033\" class=\"wp-caption-text\">S\u00edndicos, regidores y la alcaldesa Azucena Cisneros aprobaron realizar un pago inicial al ISSEMyM de 3 millones 882 mil pesos.<\/p><\/div>\n<p>Ecatepec, M\u00e9x.- Debido a que la administraci\u00f3n pasada encabezada por Fernando Vilchis Contreras, actual diputado federal del PT, no cumpli\u00f3 durante el a\u00f1o 2021 con el pago de las cuotas de los trabajadores al Instituto de Seguridad Social del Estado de M\u00e9xico y Municipios (ISSEMyM), el cabildo local\u00a0 aprob\u00f3 la liquidaci\u00f3n del adeudo por m\u00e1s de 28 millones de pesos para poder acceder a diversas partidas de recursos estatales.<\/p>\n<p>&nbsp;<\/p>\n<p>El monto original del adeudo en 2021 era de 10 millones de pesos y durante los siguientes tres a\u00f1os la administraci\u00f3n se neg\u00f3 a pagar por lo que a la fecha por las multas, actualizaciones y recargos suman 28 millones 357 mil 758 pesos.<\/p>\n<p>&nbsp;<\/p>\n<p>La presidenta municipal Azucena Cisneros Coss afirm\u00f3 que esta situaci\u00f3n es una negligencia y de irresponsabilidad de la anterior administraci\u00f3n que deriva en responsabilidades administrativas y un quebranto al erario p\u00fablico.<\/p>\n<p>&nbsp;<\/p>\n<p>\u201cEs algo muy delicado y verdaderamente vergonzoso que se pierdan 28 millones de pesos por negligencia, y se sigue un proceso administrativo para las autoridades que estaba en ese momento\u201d, dijo.<\/p>\n<p>&nbsp;<\/p>\n<p>En sesi\u00f3n de cabildo, los s\u00edndicos, regidores y la alcaldesa, aprobaron realizar el pago al ISSEMyM, celebrando un convenio con la instituci\u00f3n cubriendo un pago inicial de 3 millones 882 mil pesos y posteriormente seis pagos mensuales por un monto de 4 millones 266 mil 798 pesos.<\/p>\n<p>&nbsp;<\/p>\n<p>Se inform\u00f3 que, durante el a\u00f1o 2021, del primero de enero al 31 de diciembre, la administraci\u00f3n que encabez\u00f3 Vilchis Contreras (2019-2021 y 2022-2024), omiti\u00f3 pagar 10 millones 731 mil pesos por concepto de cuotas y aportaciones de los trabajadores del ayuntamiento de Ecatepec.<\/p>\n<p>&nbsp;<\/p>\n<p>Durante los tres a\u00f1os siguientes, el d\u00e9bito se acumul\u00f3 hasta llegar a 28 millones 357 mil pesos, debido a los recargos (11 millones 131 mil pesos), multas del 40 por ciento de contribuci\u00f3n omitida (4 millones 292 mil pesos), actualizaciones (2 millones 111 mil pesos) y actualizaciones de multas (90 mil pesos).<\/p>\n<p>&nbsp;<\/p>\n<p>El tesorero municipal, Alejandro Hern\u00e1ndez Aguilar afirm\u00f3 que el pasado mes de febrero les fue notificado por el ISSEMYM del adeudo con el expediente n\u00famero DF\/RG\/012\/2024.<\/p>\n<p>&nbsp;<\/p>\n<p>\u201cEs importante se\u00f1alar que una vez que se celebre el convenio con el ISSEMyM se pretende proteger las ministraciones del Fondo Estatal de Fortalecimiento Municipal (FEFOM) del ejercicio fiscal 2025, ya que en los lineamientos de este fondo en su numeral 10 establece que la administraci\u00f3n de los recursos del FEFOM estar\u00e1 sujeta a que los municipios y sus organismos auxiliares est\u00e9n al corriente en el cumplimiento de sus obligaciones, correspondientes a 2025 en relaci\u00f3n con los pagos que deben hacer al ISSEMyM por concepto de cuotas y aportaciones, asi como de cualquier convenio que documente adeudos anteriores\u201d, dijo.<\/p>\n<p>&nbsp;<\/p>\n<p>En la sesi\u00f3n de cabildo la regidora del PT, \u00c9rika Berenice V\u00e1zquez Garc\u00eda cuestion\u00f3 la aprobaci\u00f3n del pago y pidi\u00f3 un informe al respecto, cuando ella en 2021 se desempe\u00f1aba como directora de administraci\u00f3n y fue quien omiti\u00f3 pagar dichas aportaciones al ISSEMyM.<\/p>\n<p>&nbsp;<\/p>\n<p>&nbsp;<\/p>\n<p>&nbsp;<\/p>\n","protected":false},"excerpt":{"rendered":"<p>Denuncia la alcaldesa Azucena Cisneros \u00a0 Ecatepec, M\u00e9x.- Debido a que la administraci\u00f3n pasada encabezada por Fernando Vilchis Contreras, actual diputado federal del PT, no cumpli\u00f3 durante el a\u00f1o 2021 con el pago de las cuotas de los trabajadores al Instituto de Seguridad Social del Estado de M\u00e9xico y Municipios (ISSEMyM), el cabildo local\u00a0 aprob\u00f3 [&hellip;]<\/p>\n","protected":false},"author":14,"featured_media":666033,"comment_status":"open","ping_status":"open","sticky":false,"template":"","format":"standard","meta":{"_monsterinsights_skip_tracking":false,"_monsterinsights_sitenote_active":false,"_monsterinsights_sitenote_note":"","_monsterinsights_sitenote_category":0,"footnotes":""},"categories":[5],"tags":[],"class_list":["post-666032","post","type-post","status-publish","format-standard","has-post-thumbnail","hentry","category-estado-de-mexico"],"_links":{"self":[{"href":"https:\/\/www.diarioimagen.net\/index.php?rest_route=\/wp\/v2\/posts\/666032","targetHints":{"allow":["GET"]}}],"collection":[{"href":"https:\/\/www.diarioimagen.net\/index.php?rest_route=\/wp\/v2\/posts"}],"about":[{"href":"https:\/\/www.diarioimagen.net\/index.php?rest_route=\/wp\/v2\/types\/post"}],"author":[{"embeddable":true,"href":"https:\/\/www.diarioimagen.net\/index.php?rest_route=\/wp\/v2\/users\/14"}],"replies":[{"embeddable":true,"href":"https:\/\/www.diarioimagen.net\/index.php?rest_route=%2Fwp%2Fv2%2Fcomments&post=666032"}],"version-history":[{"count":1,"href":"https:\/\/www.diarioimagen.net\/index.php?rest_route=\/wp\/v2\/posts\/666032\/revisions"}],"predecessor-version":[{"id":666034,"href":"https:\/\/www.diarioimagen.net\/index.php?rest_route=\/wp\/v2\/posts\/666032\/revisions\/666034"}],"wp:featuredmedia":[{"embeddable":true,"href":"https:\/\/www.diarioimagen.net\/index.php?rest_route=\/wp\/v2\/media\/666033"}],"wp:attachment":[{"href":"https:\/\/www.diarioimagen.net\/index.php?rest_route=%2Fwp%2Fv2%2Fmedia&parent=666032"}],"wp:term":[{"taxonomy":"category","embeddable":true,"href":"https:\/\/www.diarioimagen.net\/index.php?rest_route=%2Fwp%2Fv2%2Fcategories&post=666032"},{"taxonomy":"post_tag","embeddable":true,"href":"https:\/\/www.diarioimagen.net\/index.php?rest_route=%2Fwp%2Fv2%2Ftags&post=666032"}],"curies":[{"name":"wp","href":"https:\/\/api.w.org\/{rel}","templated":true}]}}