{"id":666043,"date":"2025-05-06T00:00:00","date_gmt":"2025-05-06T06:00:00","guid":{"rendered":"https:\/\/www.diarioimagen.net\/?p=666043"},"modified":"2025-05-05T20:26:14","modified_gmt":"2025-05-06T02:26:14","slug":"conmemora-delfina-gomez-alvarez-163-aniversario-de-la-batalla-de-puebla","status":"publish","type":"post","link":"https:\/\/www.diarioimagen.net\/?p=666043","title":{"rendered":"Conmemora Delfina G\u00f3mez \u00c1lvarez  \u00a0163 aniversario de la Batalla de Puebla"},"content":{"rendered":"<ul>\n<li><strong>Ceremonia en la 22\/a Zona Militar en Estado de M\u00e9xico<\/strong><\/li>\n<li><strong>Preside la Mesa de Coordinaci\u00f3n para la Construcci\u00f3n de la Paz y reconoce a las Fuerzas Armadas <\/strong><\/li>\n<\/ul>\n<div id=\"attachment_666044\" style=\"width: 415px\" class=\"wp-caption alignnone\"><img loading=\"lazy\" decoding=\"async\" aria-describedby=\"caption-attachment-666044\" class=\"wp-image-666044 size-large\" src=\"https:\/\/www.diarioimagen.net\/wp-content\/uploads\/2025\/05\/DELFINA-ok-405x270.jpg\" alt=\"\" width=\"405\" height=\"270\" srcset=\"https:\/\/www.diarioimagen.net\/wp-content\/uploads\/2025\/05\/DELFINA-ok-405x270.jpg 405w, https:\/\/www.diarioimagen.net\/wp-content\/uploads\/2025\/05\/DELFINA-ok-240x160.jpg 240w, https:\/\/www.diarioimagen.net\/wp-content\/uploads\/2025\/05\/DELFINA-ok-768x511.jpg 768w, https:\/\/www.diarioimagen.net\/wp-content\/uploads\/2025\/05\/DELFINA-ok.jpg 1500w\" sizes=\"auto, (max-width: 405px) 100vw, 405px\" \/><p id=\"caption-attachment-666044\" class=\"wp-caption-text\">Delfina G\u00f3mez \u00c1lvarez asisti\u00f3 como invitada de honor a la Ceremonia Conmemorativa por el 163 Aniversario de la Batalla de Puebla, efectuada en las instalaciones de la 22\/a zona<\/p><\/div>\n<p>&nbsp;<\/p>\n<p>Santa Mar\u00eda Ray\u00f3n, Estado de M\u00e9xico.- La gobernadora del Estado de M\u00e9xico, Delfina G\u00f3mez \u00c1lvarez asisti\u00f3 como invitada de honor a la Ceremonia Conmemorativa por el 163 Aniversario de la Batalla de Puebla, efectuada en las instalaciones de la 22\/a zona militar con sede en el municipio de Santa Mar\u00eda Ray\u00f3n; previamente, la Mandataria mexiquense presidi\u00f3 la Mesa de Coordinaci\u00f3n para la Construcci\u00f3n de la Paz.<\/p>\n<p>\u201cEn la 22\/a Zona Militar, en el municipio de #Ray\u00f3n, realizamos este lunes nuestra reuni\u00f3n de la Mesa de Coordinaci\u00f3n para la Construcci\u00f3n de la Paz. Las Fuerzas Armadas son un apoyo valioso para alcanzar la paz y la seguridad en nuestro #EdoM\u00e9x. #ElPoderDeServir\u201d, se\u00f1al\u00f3 la mandataria estatal en sus redes sociales.<\/p>\n<p>Durante el evento, se realiz\u00f3 un enlace a la ceremonia encabezada por la Presidenta de M\u00e9xico, Claudia Sheinbaum Pardo, quien tom\u00f3 protesta de Bandera a los soldados del Servicio Militar Nacional clase 2006 y a mujeres voluntarias.<\/p>\n<p>\u201cRecordar nuestra historia es esencial para fortalecer el amor a la patria en las y los j\u00f3venes, como quienes hoy forman parte del Servicio Militar Nacional y que se comprometieron a defender la soberan\u00eda y la integridad de nuestra naci\u00f3n,\u201d coment\u00f3 la Gobernadora Delfina G\u00f3mez \u00c1lvarez en un segundo mensaje de redes sociales.<\/p>\n<p>En la 22\/a Zona Militar, al hacer uso de la palabra en el evento, el Coronel de Infanter\u00eda E.M., Juan Manuel Becerra Mata, Comandante del 25\/o Batall\u00f3n de Infanter\u00eda y del Centro de Adiestramiento destac\u00f3 que en la Batalla de Puebla \u201cnuestros antepasados nos dieron el mensaje de que podemos superar las circunstancias m\u00e1s adversas que en cada \u00e9poca ponen a prueba nuestras voluntades y de las que siempre emergemos victoriosos, m\u00e1s fuertes y mejor preparados.\u201d<\/p>\n<p>A los conscriptos y mujeres voluntarias del Servicio Militar Nacional que rindieron protesta, les dijo que \u00abning\u00fan llamado es m\u00e1s grande que el de ser convocados a la defensa de la Patria, y de todos los compromisos, ninguno es m\u00e1s honroso que servir a nuestro pueblo en todos los frentes de batalla, con el estudio, el trabajo y el fortalecimiento de los valores que se forjan en nuestras Fuerzas Armadas\u00bb, asever\u00f3.<\/p>\n<p>&nbsp;<\/p>\n<p>&nbsp;<\/p>\n<p>&nbsp;<\/p>\n","protected":false},"excerpt":{"rendered":"<p>Ceremonia en la 22\/a Zona Militar en Estado de M\u00e9xico Preside la Mesa de Coordinaci\u00f3n para la Construcci\u00f3n de la Paz y reconoce a las Fuerzas Armadas &nbsp; Santa Mar\u00eda Ray\u00f3n, Estado de M\u00e9xico.- La gobernadora del Estado de M\u00e9xico, Delfina G\u00f3mez \u00c1lvarez asisti\u00f3 como invitada de honor a la Ceremonia Conmemorativa por el 163 [&hellip;]<\/p>\n","protected":false},"author":14,"featured_media":666044,"comment_status":"open","ping_status":"open","sticky":false,"template":"","format":"standard","meta":{"_monsterinsights_skip_tracking":false,"_monsterinsights_sitenote_active":false,"_monsterinsights_sitenote_note":"","_monsterinsights_sitenote_category":0,"footnotes":""},"categories":[5],"tags":[],"class_list":["post-666043","post","type-post","status-publish","format-standard","has-post-thumbnail","hentry","category-estado-de-mexico"],"_links":{"self":[{"href":"https:\/\/www.diarioimagen.net\/index.php?rest_route=\/wp\/v2\/posts\/666043","targetHints":{"allow":["GET"]}}],"collection":[{"href":"https:\/\/www.diarioimagen.net\/index.php?rest_route=\/wp\/v2\/posts"}],"about":[{"href":"https:\/\/www.diarioimagen.net\/index.php?rest_route=\/wp\/v2\/types\/post"}],"author":[{"embeddable":true,"href":"https:\/\/www.diarioimagen.net\/index.php?rest_route=\/wp\/v2\/users\/14"}],"replies":[{"embeddable":true,"href":"https:\/\/www.diarioimagen.net\/index.php?rest_route=%2Fwp%2Fv2%2Fcomments&post=666043"}],"version-history":[{"count":1,"href":"https:\/\/www.diarioimagen.net\/index.php?rest_route=\/wp\/v2\/posts\/666043\/revisions"}],"predecessor-version":[{"id":666045,"href":"https:\/\/www.diarioimagen.net\/index.php?rest_route=\/wp\/v2\/posts\/666043\/revisions\/666045"}],"wp:featuredmedia":[{"embeddable":true,"href":"https:\/\/www.diarioimagen.net\/index.php?rest_route=\/wp\/v2\/media\/666044"}],"wp:attachment":[{"href":"https:\/\/www.diarioimagen.net\/index.php?rest_route=%2Fwp%2Fv2%2Fmedia&parent=666043"}],"wp:term":[{"taxonomy":"category","embeddable":true,"href":"https:\/\/www.diarioimagen.net\/index.php?rest_route=%2Fwp%2Fv2%2Fcategories&post=666043"},{"taxonomy":"post_tag","embeddable":true,"href":"https:\/\/www.diarioimagen.net\/index.php?rest_route=%2Fwp%2Fv2%2Ftags&post=666043"}],"curies":[{"name":"wp","href":"https:\/\/api.w.org\/{rel}","templated":true}]}}