{"id":666050,"date":"2025-05-06T00:00:06","date_gmt":"2025-05-06T06:00:06","guid":{"rendered":"https:\/\/www.diarioimagen.net\/?p=666050"},"modified":"2025-05-05T20:30:23","modified_gmt":"2025-05-06T02:30:23","slug":"el-gem-y-jalisco-se-unen-en-favor-de-donacion-y-trasplante-de-tejidos","status":"publish","type":"post","link":"https:\/\/www.diarioimagen.net\/?p=666050","title":{"rendered":"El GEM y Jalisco se unen en favor de donaci\u00f3n y trasplante de tejidos"},"content":{"rendered":"<ul>\n<li><strong>Acuerdo de colaboraci\u00f3n<\/strong><\/li>\n<\/ul>\n<p><strong>\u00a0<\/strong><\/p>\n<div id=\"attachment_666051\" style=\"width: 370px\" class=\"wp-caption alignnone\"><img loading=\"lazy\" decoding=\"async\" aria-describedby=\"caption-attachment-666051\" class=\"wp-image-666051 size-large\" src=\"https:\/\/www.diarioimagen.net\/wp-content\/uploads\/2025\/05\/EDOMEX-2-OK-2-360x270.jpg\" alt=\"\" width=\"360\" height=\"270\" srcset=\"https:\/\/www.diarioimagen.net\/wp-content\/uploads\/2025\/05\/EDOMEX-2-OK-2-360x270.jpg 360w, https:\/\/www.diarioimagen.net\/wp-content\/uploads\/2025\/05\/EDOMEX-2-OK-2-240x180.jpg 240w, https:\/\/www.diarioimagen.net\/wp-content\/uploads\/2025\/05\/EDOMEX-2-OK-2-768x577.jpg 768w, https:\/\/www.diarioimagen.net\/wp-content\/uploads\/2025\/05\/EDOMEX-2-OK-2.jpg 1500w\" sizes=\"auto, (max-width: 360px) 100vw, 360px\" \/><p id=\"caption-attachment-666051\" class=\"wp-caption-text\">Estado de M\u00e9xico y de Jalisco firmaron convenio que establece las bases para la procuraci\u00f3n, procesamiento, almacenamiento y suministro eficiente de piel y tejido musculoesquel\u00e9tico.<\/p><\/div>\n<p>&nbsp;<\/p>\n<p>Guadalajara, Jalisco.-\u00a0 Las secretar\u00edas de Salud del Estado de M\u00e9xico y de Jalisco firmaron convenio que establece las bases para la procuraci\u00f3n, procesamiento, almacenamiento y suministro eficiente de piel y tejido musculoesquel\u00e9tico entre ambas instituciones, sum\u00e1ndose a los ya existentes como Guerrero y Michoac\u00e1n.<\/p>\n<p>Macarena Montoya Olvera, Secretaria de Salud destac\u00f3 que la procuraci\u00f3n de \u00f3rganos y tejidos \u201ces una de las grandes necesidades en M\u00e9xico el tener \u00f3rganos y tejidos disponibles para que personas que est\u00e1n esperando o personas que tienen alguna enfermedad y requieren un tejido, pues sean prontamente atendidas\u201d.<\/p>\n<p>A\u00f1adi\u00f3 que, con este convenio de colaboraci\u00f3n se va a convertir en una realidad, toda vez que el trabajo en equipo entre los sistemas de salud de Jalisco y el Estado de M\u00e9xico fortalecen la cultura de donaci\u00f3n, recepci\u00f3n de \u00f3rganos y tejidos para los pacientes que lo necesiten.<\/p>\n<p>Por su parte, H\u00e9ctor Ra\u00fal P\u00e9rez G\u00f3mez, Secretario de Salud de Jalisco se\u00f1al\u00f3 que esta colaboraci\u00f3n con el Estado de M\u00e9xico abre la posibilidad de dar soluci\u00f3n a m\u00faltiples problemas de salud, gracias a la donaci\u00f3n de tejidos \u201ccomo los musculoesquel\u00e9ticos, piel, c\u00f3rneas y tejidos que hoy por hoy se requieren para aliviar problemas diversos de salud p\u00fablica del pa\u00eds\u201d.<\/p>\n<p>Se\u00f1al\u00f3 que \u201ccreemos en la coordinaci\u00f3n como principio rector de una salud p\u00fablica moderna, eficaz y humana. Este acuerdo es una muestra tangible de c\u00f3mo las instituciones, cuando colaboran, pueden generar impacto a nivel nacional, poniendo al paciente en el centro de nuestras decisiones\u201d.<\/p>\n<p>Macarena Montoya subray\u00f3 que a trav\u00e9s del Banco de Tejidos del Estado de M\u00e9xico, los establecimientos tendr\u00e1n acceso a tejidos para suministro en todas las unidades m\u00e9dicas de la instituci\u00f3n jalisciense para la procuraci\u00f3n o trasplante.<\/p>\n<p>Los tejidos donados de manera altruista como hueso, ligamentos, tendones y piel son fundamentales en cirug\u00edas reconstructivas, ya que permiten restaurar la estructura y funci\u00f3n del cuerpo, mejorando la calidad de vida de los pacientes que han sufrido alg\u00fan trauma, quemadura u ortopedia.<\/p>\n<p>&nbsp;<\/p>\n<p>&nbsp;<\/p>\n","protected":false},"excerpt":{"rendered":"<p>Acuerdo de colaboraci\u00f3n \u00a0 &nbsp; Guadalajara, Jalisco.-\u00a0 Las secretar\u00edas de Salud del Estado de M\u00e9xico y de Jalisco firmaron convenio que establece las bases para la procuraci\u00f3n, procesamiento, almacenamiento y suministro eficiente de piel y tejido musculoesquel\u00e9tico entre ambas instituciones, sum\u00e1ndose a los ya existentes como Guerrero y Michoac\u00e1n. Macarena Montoya Olvera, Secretaria de Salud [&hellip;]<\/p>\n","protected":false},"author":14,"featured_media":666051,"comment_status":"open","ping_status":"open","sticky":false,"template":"","format":"standard","meta":{"_monsterinsights_skip_tracking":false,"_monsterinsights_sitenote_active":false,"_monsterinsights_sitenote_note":"","_monsterinsights_sitenote_category":0,"footnotes":""},"categories":[5],"tags":[],"class_list":["post-666050","post","type-post","status-publish","format-standard","has-post-thumbnail","hentry","category-estado-de-mexico"],"_links":{"self":[{"href":"https:\/\/www.diarioimagen.net\/index.php?rest_route=\/wp\/v2\/posts\/666050","targetHints":{"allow":["GET"]}}],"collection":[{"href":"https:\/\/www.diarioimagen.net\/index.php?rest_route=\/wp\/v2\/posts"}],"about":[{"href":"https:\/\/www.diarioimagen.net\/index.php?rest_route=\/wp\/v2\/types\/post"}],"author":[{"embeddable":true,"href":"https:\/\/www.diarioimagen.net\/index.php?rest_route=\/wp\/v2\/users\/14"}],"replies":[{"embeddable":true,"href":"https:\/\/www.diarioimagen.net\/index.php?rest_route=%2Fwp%2Fv2%2Fcomments&post=666050"}],"version-history":[{"count":1,"href":"https:\/\/www.diarioimagen.net\/index.php?rest_route=\/wp\/v2\/posts\/666050\/revisions"}],"predecessor-version":[{"id":666052,"href":"https:\/\/www.diarioimagen.net\/index.php?rest_route=\/wp\/v2\/posts\/666050\/revisions\/666052"}],"wp:featuredmedia":[{"embeddable":true,"href":"https:\/\/www.diarioimagen.net\/index.php?rest_route=\/wp\/v2\/media\/666051"}],"wp:attachment":[{"href":"https:\/\/www.diarioimagen.net\/index.php?rest_route=%2Fwp%2Fv2%2Fmedia&parent=666050"}],"wp:term":[{"taxonomy":"category","embeddable":true,"href":"https:\/\/www.diarioimagen.net\/index.php?rest_route=%2Fwp%2Fv2%2Fcategories&post=666050"},{"taxonomy":"post_tag","embeddable":true,"href":"https:\/\/www.diarioimagen.net\/index.php?rest_route=%2Fwp%2Fv2%2Ftags&post=666050"}],"curies":[{"name":"wp","href":"https:\/\/api.w.org\/{rel}","templated":true}]}}