{"id":666312,"date":"2025-05-07T00:00:40","date_gmt":"2025-05-07T06:00:40","guid":{"rendered":"https:\/\/www.diarioimagen.net\/?p=666312"},"modified":"2025-05-06T20:29:38","modified_gmt":"2025-05-07T02:29:38","slug":"centros-universitarios-y-unidades-academicas-profesionales-tendran-representacion-en-proceso-de-sucesion-de-la-uaemex","status":"publish","type":"post","link":"https:\/\/www.diarioimagen.net\/?p=666312","title":{"rendered":"Centros Universitarios y Unidades Acad\u00e9micas Profesionales tendr\u00e1n representaci\u00f3n en proceso de sucesi\u00f3n de la UAEM\u00e9x"},"content":{"rendered":"<p>&nbsp;<\/p>\n<ul>\n<li><strong>El H. Consejo Universitario aprob\u00f3 incorporar en el Proceso de Elecci\u00f3n a Rectora para el Periodo Ordinario 2021-2025 a los Centros Universitarios y las Unidades Acad\u00e9micas Profesionales.<\/strong><\/li>\n<\/ul>\n<div id=\"attachment_666313\" style=\"width: 470px\" class=\"wp-caption alignnone\"><img loading=\"lazy\" decoding=\"async\" aria-describedby=\"caption-attachment-666313\" class=\"wp-image-666313 size-large\" src=\"https:\/\/www.diarioimagen.net\/wp-content\/uploads\/2025\/05\/UAEM-2b-460x259.jpg\" alt=\"\" width=\"460\" height=\"259\" srcset=\"https:\/\/www.diarioimagen.net\/wp-content\/uploads\/2025\/05\/UAEM-2b-460x259.jpg 460w, https:\/\/www.diarioimagen.net\/wp-content\/uploads\/2025\/05\/UAEM-2b-240x135.jpg 240w, https:\/\/www.diarioimagen.net\/wp-content\/uploads\/2025\/05\/UAEM-2b-768x432.jpg 768w, https:\/\/www.diarioimagen.net\/wp-content\/uploads\/2025\/05\/UAEM-2b-480x270.jpg 480w, https:\/\/www.diarioimagen.net\/wp-content\/uploads\/2025\/05\/UAEM-2b-235x132.jpg 235w, https:\/\/www.diarioimagen.net\/wp-content\/uploads\/2025\/05\/UAEM-2b-202x114.jpg 202w, https:\/\/www.diarioimagen.net\/wp-content\/uploads\/2025\/05\/UAEM-2b-350x196.jpg 350w, https:\/\/www.diarioimagen.net\/wp-content\/uploads\/2025\/05\/UAEM-2b-220x123.jpg 220w, https:\/\/www.diarioimagen.net\/wp-content\/uploads\/2025\/05\/UAEM-2b-237x132.jpg 237w, https:\/\/www.diarioimagen.net\/wp-content\/uploads\/2025\/05\/UAEM-2b.jpg 1333w\" sizes=\"auto, (max-width: 460px) 100vw, 460px\" \/><p id=\"caption-attachment-666313\" class=\"wp-caption-text\">Centros Universitarios y Unidades Acad\u00e9micas Profesionales tendr\u00e1n representaci\u00f3n en proceso de sucesi\u00f3n de la UAEM\u00e9x<\/p><\/div>\n<p><strong>Toluca, M\u00e9x. <\/strong>De manera hist\u00f3rica, la Comisi\u00f3n Especial Electoral, de la cual forman parte las y los representantes de las aspirantes a la Rector\u00eda de la Universidad Aut\u00f3noma del Estado de M\u00e9xico (UAEM\u00e9x), aprobaron incluir la representaci\u00f3n de los Centros Universitarios y Unidades Acad\u00e9micas Profesionales en la elecci\u00f3n de la Rectora para el Periodo Ordinario 2025-2029, iniciativa avalada por el H. Consejo Universitario.<\/p>\n<p>Durante la Sesi\u00f3n Ordinaria, correspondiente al mes de abril, se explic\u00f3 que esta determinaci\u00f3n responde a la demanda de sumar a la mayor\u00eda los espacios y sectores universitarios en el proceso de sucesi\u00f3n, para lo cual se decidi\u00f3 incorporar a una persona titular del personal directivo, una del personal acad\u00e9mico y dos representantes del alumnado.<\/p>\n<p>En este sentido, el H. Consejo Universitario design\u00f3 por insaculaci\u00f3n al CU Valle de Teotihuac\u00e1n como representante de las y los directivos, al CU Amecameca en representaci\u00f3n del profesorado y como representantes del alumnado a un estudiante del Centro Universitario Texcoco y otro del Centro Universitario Nezahualc\u00f3yotl.<\/p>\n<p>Cabe hacer menci\u00f3n, que el proceso de evaluaci\u00f3n de las propuestas de las aspirantes contin\u00faa el 6 y 7 de mayo con la auscultaci\u00f3n cualitativa; el 9 de mayo se realizar\u00e1 un encuentro de las aspirantes ante el pleno del H. Consejo Universitario; el 12 de mayo tendr\u00e1 lugar la auscultaci\u00f3n cuantitativa y, finalmente, el 14 de mayo se llevar\u00e1 a cabo la elecci\u00f3n de la primera Rectora de la instituci\u00f3n.<\/p>\n","protected":false},"excerpt":{"rendered":"<p>&nbsp; El H. Consejo Universitario aprob\u00f3 incorporar en el Proceso de Elecci\u00f3n a Rectora para el Periodo Ordinario 2021-2025 a los Centros Universitarios y las Unidades Acad\u00e9micas Profesionales. Toluca, M\u00e9x. De manera hist\u00f3rica, la Comisi\u00f3n Especial Electoral, de la cual forman parte las y los representantes de las aspirantes a la Rector\u00eda de la Universidad [&hellip;]<\/p>\n","protected":false},"author":14,"featured_media":666313,"comment_status":"open","ping_status":"open","sticky":false,"template":"","format":"standard","meta":{"_monsterinsights_skip_tracking":false,"_monsterinsights_sitenote_active":false,"_monsterinsights_sitenote_note":"","_monsterinsights_sitenote_category":0,"footnotes":""},"categories":[16,5],"tags":[],"class_list":["post-666312","post","type-post","status-publish","format-standard","has-post-thumbnail","hentry","category-destacadas","category-estado-de-mexico"],"_links":{"self":[{"href":"https:\/\/www.diarioimagen.net\/index.php?rest_route=\/wp\/v2\/posts\/666312","targetHints":{"allow":["GET"]}}],"collection":[{"href":"https:\/\/www.diarioimagen.net\/index.php?rest_route=\/wp\/v2\/posts"}],"about":[{"href":"https:\/\/www.diarioimagen.net\/index.php?rest_route=\/wp\/v2\/types\/post"}],"author":[{"embeddable":true,"href":"https:\/\/www.diarioimagen.net\/index.php?rest_route=\/wp\/v2\/users\/14"}],"replies":[{"embeddable":true,"href":"https:\/\/www.diarioimagen.net\/index.php?rest_route=%2Fwp%2Fv2%2Fcomments&post=666312"}],"version-history":[{"count":1,"href":"https:\/\/www.diarioimagen.net\/index.php?rest_route=\/wp\/v2\/posts\/666312\/revisions"}],"predecessor-version":[{"id":666314,"href":"https:\/\/www.diarioimagen.net\/index.php?rest_route=\/wp\/v2\/posts\/666312\/revisions\/666314"}],"wp:featuredmedia":[{"embeddable":true,"href":"https:\/\/www.diarioimagen.net\/index.php?rest_route=\/wp\/v2\/media\/666313"}],"wp:attachment":[{"href":"https:\/\/www.diarioimagen.net\/index.php?rest_route=%2Fwp%2Fv2%2Fmedia&parent=666312"}],"wp:term":[{"taxonomy":"category","embeddable":true,"href":"https:\/\/www.diarioimagen.net\/index.php?rest_route=%2Fwp%2Fv2%2Fcategories&post=666312"},{"taxonomy":"post_tag","embeddable":true,"href":"https:\/\/www.diarioimagen.net\/index.php?rest_route=%2Fwp%2Fv2%2Ftags&post=666312"}],"curies":[{"name":"wp","href":"https:\/\/api.w.org\/{rel}","templated":true}]}}