{"id":666412,"date":"2025-05-08T00:00:31","date_gmt":"2025-05-08T06:00:31","guid":{"rendered":"https:\/\/www.diarioimagen.net\/?p=666412"},"modified":"2025-05-07T18:56:47","modified_gmt":"2025-05-08T00:56:47","slug":"azucena-cisneros-encabezo-el-operativo-rastrillo-social-en-la-r1","status":"publish","type":"post","link":"https:\/\/www.diarioimagen.net\/?p=666412","title":{"rendered":"Azucena Cisneros encabez\u00f3 el operativo Rastrillo Social en la R1"},"content":{"rendered":"<p>&nbsp;<\/p>\n<p><img loading=\"lazy\" decoding=\"async\" class=\"alignnone wp-image-666413 size-large\" src=\"https:\/\/www.diarioimagen.net\/wp-content\/uploads\/2025\/05\/BAENA-4-ok-4-383x270.jpg\" alt=\"\" width=\"383\" height=\"270\" srcset=\"https:\/\/www.diarioimagen.net\/wp-content\/uploads\/2025\/05\/BAENA-4-ok-4-383x270.jpg 383w, https:\/\/www.diarioimagen.net\/wp-content\/uploads\/2025\/05\/BAENA-4-ok-4-240x169.jpg 240w, https:\/\/www.diarioimagen.net\/wp-content\/uploads\/2025\/05\/BAENA-4-ok-4-768x541.jpg 768w, https:\/\/www.diarioimagen.net\/wp-content\/uploads\/2025\/05\/BAENA-4-ok-4-1536x1082.jpg 1536w, https:\/\/www.diarioimagen.net\/wp-content\/uploads\/2025\/05\/BAENA-4-ok-4-2048x1442.jpg 2048w\" sizes=\"auto, (max-width: 383px) 100vw, 383px\" \/><\/p>\n<p>&nbsp;<\/p>\n<p>&nbsp;<\/p>\n<p>&nbsp;<\/p>\n<p>Ecatepec, M\u00e9x.- A fin de liberar las calles de Ecatepec de basura, veh\u00edculos chatarra y materiales de construcci\u00f3n, entre otros objetos que impidan, dificulten u obstruyan el tr\u00e1nsito peatonal, ciclista o vehicular, la presidenta municipal Azucena Cisneros Coss encabez\u00f3 el operativo Rastrillo Social en avenida Adolfo L\u00f3pez Mateos, mejor conocida como R1. \u201cTenemos que aprender a vivir en orden, tenemos que hacer hasta lo imposible para que podamos tener calles liberadas (y) espacios p\u00fablicos recreativos limpios\u201d, se\u00f1al\u00f3 durante el recorrido que realiz\u00f3 por la vialidad, ubicada entre las colonias Villas de Ecatepec y Alfredo del Mazo, acompa\u00f1ada por alrededor de 100 servidores p\u00fablicos del gobierno municipal. La alcaldesa asegur\u00f3 que los objetos y la basura promueven la inseguridad y las inundaciones, por lo que se notific\u00f3 a los propietarios de los negocios que no pueden invadir las \u00e1reas peatonales.<\/p>\n<p>&nbsp;<\/p>\n<p>&nbsp;<\/p>\n<p>&nbsp;<\/p>\n<p>En el operativo Rastrillo se retiraron basura, llantas y cascajo de la vialidad y parques recreativos, adem\u00e1s de que notificaron a los propietarios de veh\u00edculos abandonados en calle Canad\u00e1, colonia Jardines de Cerro Gordo.<\/p>\n<p>&nbsp;<\/p>\n<p>Asimismo, Azucena Cisneros dio instrucciones para la rehabilitaci\u00f3n de banquetas y la poda de \u00e1rboles.<\/p>\n<p>&nbsp;<\/p>\n<p>Hay que destacar que previamente personal del Ayuntamiento llev\u00f3 a cabo la entrega de alrededor de 200 notificaciones a los vecinos de la R1, en el tramo entre Canal de la Draga y avenida Carlos Hank, para que de manera voluntaria retiraran de la v\u00eda p\u00fablica los objetos que se localizaban afuera de sus domicilios.<\/p>\n","protected":false},"excerpt":{"rendered":"<p>&nbsp; &nbsp; &nbsp; &nbsp; Ecatepec, M\u00e9x.- A fin de liberar las calles de Ecatepec de basura, veh\u00edculos chatarra y materiales de construcci\u00f3n, entre otros objetos que impidan, dificulten u obstruyan el tr\u00e1nsito peatonal, ciclista o vehicular, la presidenta municipal Azucena Cisneros Coss encabez\u00f3 el operativo Rastrillo Social en avenida Adolfo L\u00f3pez Mateos, mejor conocida como [&hellip;]<\/p>\n","protected":false},"author":14,"featured_media":666413,"comment_status":"open","ping_status":"open","sticky":false,"template":"","format":"standard","meta":{"_monsterinsights_skip_tracking":false,"_monsterinsights_sitenote_active":false,"_monsterinsights_sitenote_note":"","_monsterinsights_sitenote_category":0,"footnotes":""},"categories":[5],"tags":[],"class_list":["post-666412","post","type-post","status-publish","format-standard","has-post-thumbnail","hentry","category-estado-de-mexico"],"_links":{"self":[{"href":"https:\/\/www.diarioimagen.net\/index.php?rest_route=\/wp\/v2\/posts\/666412","targetHints":{"allow":["GET"]}}],"collection":[{"href":"https:\/\/www.diarioimagen.net\/index.php?rest_route=\/wp\/v2\/posts"}],"about":[{"href":"https:\/\/www.diarioimagen.net\/index.php?rest_route=\/wp\/v2\/types\/post"}],"author":[{"embeddable":true,"href":"https:\/\/www.diarioimagen.net\/index.php?rest_route=\/wp\/v2\/users\/14"}],"replies":[{"embeddable":true,"href":"https:\/\/www.diarioimagen.net\/index.php?rest_route=%2Fwp%2Fv2%2Fcomments&post=666412"}],"version-history":[{"count":1,"href":"https:\/\/www.diarioimagen.net\/index.php?rest_route=\/wp\/v2\/posts\/666412\/revisions"}],"predecessor-version":[{"id":666414,"href":"https:\/\/www.diarioimagen.net\/index.php?rest_route=\/wp\/v2\/posts\/666412\/revisions\/666414"}],"wp:featuredmedia":[{"embeddable":true,"href":"https:\/\/www.diarioimagen.net\/index.php?rest_route=\/wp\/v2\/media\/666413"}],"wp:attachment":[{"href":"https:\/\/www.diarioimagen.net\/index.php?rest_route=%2Fwp%2Fv2%2Fmedia&parent=666412"}],"wp:term":[{"taxonomy":"category","embeddable":true,"href":"https:\/\/www.diarioimagen.net\/index.php?rest_route=%2Fwp%2Fv2%2Fcategories&post=666412"},{"taxonomy":"post_tag","embeddable":true,"href":"https:\/\/www.diarioimagen.net\/index.php?rest_route=%2Fwp%2Fv2%2Ftags&post=666412"}],"curies":[{"name":"wp","href":"https:\/\/api.w.org\/{rel}","templated":true}]}}