{"id":666421,"date":"2025-05-08T00:00:01","date_gmt":"2025-05-08T06:00:01","guid":{"rendered":"https:\/\/www.diarioimagen.net\/?p=666421"},"modified":"2025-05-07T19:02:19","modified_gmt":"2025-05-08T01:02:19","slug":"dia-de-las-madres-hace-crecer-la-derrama-economica-del-pais","status":"publish","type":"post","link":"https:\/\/www.diarioimagen.net\/?p=666421","title":{"rendered":"D\u00eda de las Madres hace crecer la derrama econ\u00f3mica del pa\u00eds"},"content":{"rendered":"<ul>\n<li><strong>Consejo de la comunicaci\u00f3n<\/strong><\/li>\n<li><strong>Lideres del sector restaurantero, floral y franquicias lo confirman<\/strong><\/li>\n<\/ul>\n<div id=\"attachment_666422\" style=\"width: 417px\" class=\"wp-caption alignnone\"><img loading=\"lazy\" decoding=\"async\" aria-describedby=\"caption-attachment-666422\" class=\"wp-image-666422 size-large\" src=\"https:\/\/www.diarioimagen.net\/wp-content\/uploads\/2025\/05\/COMUNICACION01-407x270.jpeg\" alt=\"\" width=\"407\" height=\"270\" srcset=\"https:\/\/www.diarioimagen.net\/wp-content\/uploads\/2025\/05\/COMUNICACION01-407x270.jpeg 407w, https:\/\/www.diarioimagen.net\/wp-content\/uploads\/2025\/05\/COMUNICACION01-240x159.jpeg 240w, https:\/\/www.diarioimagen.net\/wp-content\/uploads\/2025\/05\/COMUNICACION01-768x510.jpeg 768w, https:\/\/www.diarioimagen.net\/wp-content\/uploads\/2025\/05\/COMUNICACION01.jpeg 1333w\" sizes=\"auto, (max-width: 407px) 100vw, 407px\" \/><p id=\"caption-attachment-666422\" class=\"wp-caption-text\">En cuanto los aranceles, refieren que no afectar\u00e1n tanto a las franquicias ni al sector restaurantero.<\/p><\/div>\n<p>&nbsp;<\/p>\n<p>El d\u00eda de las madres adem\u00e1s de ser un d\u00eda importante y lleno de festejos tambi\u00e9n aumenta la derrama econ\u00f3mica del pa\u00eds. En una conferencia en l\u00ednea a cargo del Consejo de la comunicaci\u00f3n, los lideres del sector restaurantero, floral y franquicias lo confirmaron y explicaron algunos datos.<\/p>\n<p>&nbsp;<\/p>\n<p>La presidenta de Asociaci\u00f3n Mexicana de franquicias Betsab\u00e9 Eslava coment\u00f3 \u201ces un d\u00eda muy importante que aumenta la derrama econ\u00f3mica un 30 %, incrementando tambi\u00e9n los empleos, somos m\u00e1s de 1500 marcas en una industria que es motor de la econom\u00eda, las ventas m\u00e1s altas son en diciembre, pero el d\u00eda de las madres es el segundo d\u00eda m\u00e1s importante\u201d.<\/p>\n<p>&nbsp;<\/p>\n<p>El sistema <em>delivery<\/em> ocupa m\u00e1s del 60 % de ventas en esta fecha y las marcas mexicanas son m\u00e1s de 30 que tienen importancia internacional.<\/p>\n<p>&nbsp;<\/p>\n<p>Federico Mart\u00ednez presidente de Consejo Mexicano de la Flor explic\u00f3 \u201cse ve un incremento grande para los arreglos florales y esperan 4 mil millones de pesos en derrama econ\u00f3mica, si bien son empleos permanentes, para fechas como esta los productores y floristas ven m\u00e1s empleos temporales, por lo que siempre se prepara una producci\u00f3n especial de flores ornamentales\u201d<\/p>\n<p>&nbsp;<\/p>\n<p>\u201cSe preparan con tiempo para estas ventas por las diferentes caracter\u00edsticas de las flores y cambios clim\u00e1ticos, desde finales del mes de abril se empiezan a almacenar en c\u00e1maras fr\u00edas y enviando a los puntos de ventas\u201d, agreg\u00f3 Federico Mart\u00ednez destacando que las flores son un complemento en los regalos que queda perfecto y muy apreciado pues existen variedades de precios para todos los bolsillos.<\/p>\n<p>&nbsp;<\/p>\n<p>Mireya Ruiz presidenta de directores de cadenas de restaurantes declar\u00f3 \u201cel d\u00eda de las madres es el m\u00e1s importante en la industria restaurantera, si bien incrementa la derrama, se modifica esta vez porque, de por si, el s\u00e1bado es una buena venta, se llena el s\u00e1bado y se reparte a los siguientes d\u00edas, se espera 2 mil millones de pesos, es decir, 25% m\u00e1s por d\u00eda. En el tema de empleos doblan turnos o con horas extras, no se contratan m\u00e1s a menos que sean salones de banquetes.\u201d<\/p>\n<p>&nbsp;<\/p>\n<p>El consumidor ha cambiado, por lo que han estado interesados en traer franquicias a M\u00e9xico las cuales llegar\u00e1n este a\u00f1o, as\u00ed como algunas franquicias mexicanas ir\u00e1n a diferentes lugares. El incremento de la venta floral en la pandemia bajo en la pandemia, la recuperaci\u00f3n fue a partir del a\u00f1o 2022 y en el a\u00f1o 2024 ya estaban en n\u00fameros de pre pandemia este a\u00f1o se crecer\u00e1 un 5% en relaci\u00f3n al a\u00f1o pasado.<\/p>\n<p>En cuanto los aranceles, refieren que no afectar\u00e1n tanto a las franquicias ni al sector restaurantero ya que la mayor\u00eda de sus productos son mexicanos.<\/p>\n<p>&nbsp;<\/p>\n","protected":false},"excerpt":{"rendered":"<p>Consejo de la comunicaci\u00f3n Lideres del sector restaurantero, floral y franquicias lo confirman &nbsp; El d\u00eda de las madres adem\u00e1s de ser un d\u00eda importante y lleno de festejos tambi\u00e9n aumenta la derrama econ\u00f3mica del pa\u00eds. En una conferencia en l\u00ednea a cargo del Consejo de la comunicaci\u00f3n, los lideres del sector restaurantero, floral y [&hellip;]<\/p>\n","protected":false},"author":14,"featured_media":666422,"comment_status":"open","ping_status":"open","sticky":false,"template":"","format":"standard","meta":{"_monsterinsights_skip_tracking":false,"_monsterinsights_sitenote_active":false,"_monsterinsights_sitenote_note":"","_monsterinsights_sitenote_category":0,"footnotes":""},"categories":[12,8],"tags":[],"class_list":["post-666421","post","type-post","status-publish","format-standard","has-post-thumbnail","hentry","category-espectaculos","category-finanzas"],"_links":{"self":[{"href":"https:\/\/www.diarioimagen.net\/index.php?rest_route=\/wp\/v2\/posts\/666421","targetHints":{"allow":["GET"]}}],"collection":[{"href":"https:\/\/www.diarioimagen.net\/index.php?rest_route=\/wp\/v2\/posts"}],"about":[{"href":"https:\/\/www.diarioimagen.net\/index.php?rest_route=\/wp\/v2\/types\/post"}],"author":[{"embeddable":true,"href":"https:\/\/www.diarioimagen.net\/index.php?rest_route=\/wp\/v2\/users\/14"}],"replies":[{"embeddable":true,"href":"https:\/\/www.diarioimagen.net\/index.php?rest_route=%2Fwp%2Fv2%2Fcomments&post=666421"}],"version-history":[{"count":1,"href":"https:\/\/www.diarioimagen.net\/index.php?rest_route=\/wp\/v2\/posts\/666421\/revisions"}],"predecessor-version":[{"id":666423,"href":"https:\/\/www.diarioimagen.net\/index.php?rest_route=\/wp\/v2\/posts\/666421\/revisions\/666423"}],"wp:featuredmedia":[{"embeddable":true,"href":"https:\/\/www.diarioimagen.net\/index.php?rest_route=\/wp\/v2\/media\/666422"}],"wp:attachment":[{"href":"https:\/\/www.diarioimagen.net\/index.php?rest_route=%2Fwp%2Fv2%2Fmedia&parent=666421"}],"wp:term":[{"taxonomy":"category","embeddable":true,"href":"https:\/\/www.diarioimagen.net\/index.php?rest_route=%2Fwp%2Fv2%2Fcategories&post=666421"},{"taxonomy":"post_tag","embeddable":true,"href":"https:\/\/www.diarioimagen.net\/index.php?rest_route=%2Fwp%2Fv2%2Ftags&post=666421"}],"curies":[{"name":"wp","href":"https:\/\/api.w.org\/{rel}","templated":true}]}}