{"id":666468,"date":"2025-05-08T00:00:57","date_gmt":"2025-05-08T06:00:57","guid":{"rendered":"https:\/\/www.diarioimagen.net\/?p=666468"},"modified":"2025-05-08T00:04:56","modified_gmt":"2025-05-08T06:04:56","slug":"y-ahora-fernandez-norona-cierra-el-microfono-de-la-tribuna-a-opositores","status":"publish","type":"post","link":"https:\/\/www.diarioimagen.net\/?p=666468","title":{"rendered":"Y ahora, Fern\u00e1ndez Noro\u00f1a cierra  el micr\u00f3fono de la tribuna a opositores \u00a0\u00a0"},"content":{"rendered":"<p>&nbsp;<\/p>\n<p><strong>\u00a0<\/strong><\/p>\n<p><strong>TRAS LA PUERTA DEL PODER\u00a0 <\/strong>Roberto Vizca\u00edno<\/p>\n<p><strong>\u00a0<\/strong><\/p>\n<p>&nbsp;<\/p>\n<p><strong>\u00a0<\/strong><\/p>\n<p>El escenario del pleno del Senado -que ayer recibi\u00f3 a diputados y senadores de la Comisi\u00f3n Permanente- fue un d\u00e9j\u00e0 vu, pero al rev\u00e9s.<\/p>\n<p>Ahora, quien cerr\u00f3 el micr\u00f3fono de la tribuna parlamentaria para dejar sin voz ni sonido a sus contrarios, fue\u00a0<strong>Gerardo Fern\u00e1ndez Noro\u00f1a,<\/strong>\u00a0quien desde la presidencia dej\u00f3 hablando solos a la panista\u00a0<strong>Lilly T\u00e9llez<\/strong>\u00a0y al priista\u00a0<strong>Rub\u00e9n Moreira<\/strong>.<\/p>\n<p>Lo hizo en medio de la griter\u00eda y amagos de diputados y senadores de PRI y PAN de subir hasta donde estaba\u00a0<strong>Fern\u00e1ndez Noro\u00f1a\u00a0<\/strong>\u201cpa\u00b4romperle su mad\u2026\u201d dec\u00eda un opositor por dem\u00e1s\u00a0<strong>caliente<\/strong>\u00a0contra la parodia populista de este personajazo popular y callejero que fue el ese s\u00ed ingenioso\u00a0<strong><em>Changole\u00f3n<\/em><\/strong>.<\/p>\n<p>Socarr\u00f3n, mala entra\u00f1a,\u00a0<strong>Fern\u00e1ndez Noro\u00f1a<\/strong>\u00a0se regodeaba de su decisi\u00f3n basada, esgrim\u00eda, en un acuerdo de Mesa Directiva que estableci\u00f3 que s\u00f3lo se tendr\u00edan 10 minutos de exposici\u00f3n y apenas 2 interpelaciones por diputados o senador en tribuna.<\/p>\n<p>A partir de eso, \u00e9l ten\u00eda en sus manos la decisi\u00f3n de cerrar el micr\u00f3fono de quien estuviera en uso de la palabra.<\/p>\n<p>Y as\u00ed lo hizo con la senadora T\u00e9llez y el diputado Moreira.<\/p>\n<p>En otras legislaturas, cuando\u00a0<strong>Fern\u00e1ndez Noro\u00f1a<\/strong>\u00a0interrump\u00eda groseramente a comparecientes, el sacaba su meg\u00e1fono y continuaba saboteando el acto.<\/p>\n<p>Ayer, los opositores lo recordaron y prometieron llevar a las siguientes sesiones de la Comisi\u00f3n Permanente sus meg\u00e1fonos para enfrentar al censor\u00a0<strong>Fern\u00e1ndez Noro\u00f1a<\/strong>.<\/p>\n<p>&nbsp;<\/p>\n<p><strong>Estamos a nada del Estado dictatorial: PRI y PAN<\/strong><\/p>\n<p>&nbsp;<\/p>\n<p>Ante las amenazas de confiscar, nacionalizar, decomisar TV Azteca a\u00a0<strong>Ricardo Salinas Pliego,\u00a0<\/strong>como lo exigi\u00f3 Paco Ignacio Taibo II, titular del Fondo de Cultura Econ\u00f3mica, y de estar en proceso de aprobar una reforma de telecomunicaciones que le dar\u00eda a Morena y su gobierno el poder de retirar y dar a quienes ellos quisieran concesiones de radio y TV, as\u00ed como bajar el switch a portales informativos y plataformas digitales, la oposici\u00f3n PAN y PRI ven c\u00f3mo se impone en M\u00e9xico r\u00e1pidamente un Estado autoritario, dictatorial.<\/p>\n<p>\u201cEstamos en medio de una embestida de un Estado que se quiere convertir en una entidad autoritaria y dictatorial.\u00a0<strong>Quien no lo est\u00e9 viendo, disc\u00falpenme, pero creo que comete un error<\/strong>\u201d, advirti\u00f3\u00a0<strong>Moreira<\/strong>.<\/p>\n<p>Y enumer\u00f3 los hechos que, dice \u00e9l, lo apuntan:<\/p>\n<p>\u201cLey org\u00e1nica de la administraci\u00f3n\u2026 la agencia digital -que tendr\u00eda rango de secretar\u00eda de Estado- para la regulaci\u00f3n, y que tendr\u00eda facultades de cambiar normas oficiales, quitar reglamentos, que est\u00e1n destinados sobre todo a la funci\u00f3n econ\u00f3mica. Ley de la telecomunicaciones, esa agencia puede vigilar todo y bajarle el switch a todo\u2026<\/p>\n<p>\u201c\u00bfNo nos estamos dando cuenta que la Ley de seguridad e inteligencia en curso de ser aprobada es un ente dictatorial?.<\/p>\n<p>\u201cHace dos d\u00edas, el se\u00f1or\u00a0<strong>Paco Ignacio Taibo<\/strong> pidi\u00f3 retirarle la concesi\u00f3n a Canal 13 (TV Azteca) en el Consejo de Morena \u00a1y es aplaudido y festejado!&#8230; no es cosa menor, vean lo que est\u00e1n diciendo.<\/p>\n<p>\u201cNo lo dijo un personaje que no tuviera influencia dentro de Morena,\u00a0<strong>Taibo<\/strong>\u00a0es su ide\u00f3logo\u2026<\/p>\n<p>\u201cD\u00e9monos cuenta,\u00a0<strong>est\u00e1n desmantelando la democracia en este pa\u00eds<\/strong>, vienen unas elecciones de jueces que es exactamente lo mismo, quitaron los \u00f3rganos aut\u00f3nomos, \u00bfd\u00f3nde se va a defender usted o todos?, \u00bfd\u00f3nde nos vamos a informar?\u201d, indica alarmado.<\/p>\n<p><strong>Ricardo Anaya<\/strong>, coordinador de los senadores del PAN, no s\u00f3lo coincidi\u00f3, sino que advirti\u00f3 que el s\u00f3lo hecho de que\u00a0<strong>Taibo II<\/strong>\u00a0-reconocido por su radicalismo dentro de Morena-, pida que se decomise TV Azteca, para sembrar desconfianza y temor, para cualquier proyecto de inversi\u00f3n, en el resto del sector.<\/p>\n<p>&nbsp;<\/p>\n<p>&nbsp;<\/p>\n<p><strong>Sheinbaum: no nacionalizaremos TV Azteca;<\/strong> <strong>no le creemos: opositores<\/strong><\/p>\n<p>&nbsp;<\/p>\n<p>En su ma\u00f1anera de ayer mismo, la presidenta\u00a0<strong>Claudia Sheinbaum<\/strong>\u00a0sali\u00f3 a responderle a su director del Fondo de Cultura Econ\u00f3mica,\u00a0<strong>Paco Ignacio Taibo II,\u00a0<\/strong>que no est\u00e1 en su \u00e1nimo e intenci\u00f3n nacionalizar esa televisora.<\/p>\n<p>\u201cHay libertad de expresi\u00f3n y cada quien puede decir, tambi\u00e9n el director o el due\u00f1o de TV Azteca tambi\u00e9n dice much\u00edsimas cosas, entonces no quiere decir que estemos de acuerdo con lo que dice <strong>Paco<\/strong>, no, no es nuestra intenci\u00f3n lo que plantea\u00a0<strong>Paco<\/strong>\u201d, dijo en una respuesta deshilvanada, confusa.<\/p>\n<p>Pero aprovech\u00f3 para lanzarse contra la televisora y su propietario:<\/p>\n<p>\u201cEl problema aqu\u00ed, escuchen ustedes, este canal, esta televisora, si nosotros pusi\u00e9ramos el detector de mentiras dedicado a la televisora, no acabar\u00edamos todas las ma\u00f1aneras, es mentira tras mentira, tras mentira, tras mentira, pero hay libertad de expresi\u00f3n\u201d, insisti\u00f3.<\/p>\n<p>Interrogados al respecto, los opositores en Senado y Diputados indicaron que no creen en la Presidenta.<\/p>\n<p>Ella y sus grupos mantienen viva \u00a0y en curso de aprobaci\u00f3n la reforma de telecomunicaciones que en su art\u00edculo 9 prev\u00e9 que su gobierno puede retirarle la concesi\u00f3n de radio y TV y de plataformas digitales a quienes quieran.<\/p>\n<p>Mientras no retire esa reforma, lo que diga no es cre\u00edble, se afirm\u00f3.<\/p>\n<p>&nbsp;<\/p>\n<p>\/ Twitter: @_Vizcaino \/ Facebook<\/p>\n<p>\/\u00a0<a href=\"https:\/\/www.facebook.com\/rvizcainoa\">https:\/\/www.facebook.com\/rvizcainoa<\/a><\/p>\n<p>&nbsp;<\/p>\n<p>&nbsp;<\/p>\n","protected":false},"excerpt":{"rendered":"<p>&nbsp; \u00a0 TRAS LA PUERTA DEL PODER\u00a0 Roberto Vizca\u00edno \u00a0 &nbsp; \u00a0 El escenario del pleno del Senado -que ayer recibi\u00f3 a diputados y senadores de la Comisi\u00f3n Permanente- fue un d\u00e9j\u00e0 vu, pero al rev\u00e9s. Ahora, quien cerr\u00f3 el micr\u00f3fono de la tribuna parlamentaria para dejar sin voz ni sonido a sus contrarios, fue\u00a0Gerardo [&hellip;]<\/p>\n","protected":false},"author":14,"featured_media":0,"comment_status":"open","ping_status":"open","sticky":false,"template":"","format":"standard","meta":{"_monsterinsights_skip_tracking":false,"_monsterinsights_sitenote_active":false,"_monsterinsights_sitenote_note":"","_monsterinsights_sitenote_category":0,"footnotes":""},"categories":[136],"tags":[],"class_list":["post-666468","post","type-post","status-publish","format-standard","hentry","category-roberto-vizcaino-opinion"],"_links":{"self":[{"href":"https:\/\/www.diarioimagen.net\/index.php?rest_route=\/wp\/v2\/posts\/666468","targetHints":{"allow":["GET"]}}],"collection":[{"href":"https:\/\/www.diarioimagen.net\/index.php?rest_route=\/wp\/v2\/posts"}],"about":[{"href":"https:\/\/www.diarioimagen.net\/index.php?rest_route=\/wp\/v2\/types\/post"}],"author":[{"embeddable":true,"href":"https:\/\/www.diarioimagen.net\/index.php?rest_route=\/wp\/v2\/users\/14"}],"replies":[{"embeddable":true,"href":"https:\/\/www.diarioimagen.net\/index.php?rest_route=%2Fwp%2Fv2%2Fcomments&post=666468"}],"version-history":[{"count":1,"href":"https:\/\/www.diarioimagen.net\/index.php?rest_route=\/wp\/v2\/posts\/666468\/revisions"}],"predecessor-version":[{"id":666469,"href":"https:\/\/www.diarioimagen.net\/index.php?rest_route=\/wp\/v2\/posts\/666468\/revisions\/666469"}],"wp:attachment":[{"href":"https:\/\/www.diarioimagen.net\/index.php?rest_route=%2Fwp%2Fv2%2Fmedia&parent=666468"}],"wp:term":[{"taxonomy":"category","embeddable":true,"href":"https:\/\/www.diarioimagen.net\/index.php?rest_route=%2Fwp%2Fv2%2Fcategories&post=666468"},{"taxonomy":"post_tag","embeddable":true,"href":"https:\/\/www.diarioimagen.net\/index.php?rest_route=%2Fwp%2Fv2%2Ftags&post=666468"}],"curies":[{"name":"wp","href":"https:\/\/api.w.org\/{rel}","templated":true}]}}