{"id":666638,"date":"2025-05-09T00:00:23","date_gmt":"2025-05-09T06:00:23","guid":{"rendered":"https:\/\/www.diarioimagen.net\/?p=666638"},"modified":"2025-05-08T20:42:14","modified_gmt":"2025-05-09T02:42:14","slug":"no-le-demos-vueltas-esta-es-la-ley-censura-dicen-opositores-al-inicio-de-conversatorios","status":"publish","type":"post","link":"https:\/\/www.diarioimagen.net\/?p=666638","title":{"rendered":"\u201cNo le demos vueltas, \u00e9sta es la ley censura\u201d,  dicen opositores al inicio de conversatorios"},"content":{"rendered":"<p><strong>\u00a0<\/strong><\/p>\n<p><strong>TRAS LA PUERTA DEL PODER\u00a0 <\/strong>Roberto Vizca\u00edno<\/p>\n<p>&nbsp;<\/p>\n<p><strong>\u00a0<\/strong><\/p>\n<p><strong>\u00a0<\/strong><\/p>\n<p>Ayer iniciaron en el Senado los conversatorios sobre la reforma de telecomunicaciones.<\/p>\n<p>Para el PAN, PRI y MC -como para concesionarios de Radio y TV, publicistas, intelectuales, acad\u00e9micos, periodistas y millones de ciudadanos-, la \u00fanica soluci\u00f3n ante las inquietudes pol\u00edticas y sociales por la reforma a las telecomunicaciones en curso, es su retiro.<\/p>\n<p>Esta exigencia es considerada\u00a0<strong>exagerada<\/strong>\u00a0para la presidenta\u00a0<strong>Claudia Sheinbaum<\/strong>\u00a0y sus c\u00edrculos oficialistas legislativos de Morena, PT y Verde, para quienes todo se solucionar\u00eda retir\u00e1ndole al dictamen el Art\u00edculo 109.<\/p>\n<p>El debate y cr\u00edtica, inquietudes y desconfianzas surgen de que ese art\u00edculo da facultades al gobierno para suspender portales y plataformas digitales.<\/p>\n<p>Dice este art\u00edculo:<\/p>\n<p>\u201cLas autoridades competentes, en el \u00e1mbito de sus atribuciones y conforme a las leyes aplicables, podr\u00e1n solicitar a las plataformas (digitales) comerciales la suspensi\u00f3n temporal de la prestaci\u00f3n de sus servicios\u00a0en caso de incumplimiento de las obligaciones fiscales o de otras disposiciones de la ley que regulen su actividad\u201d.<\/p>\n<p>Sin embargo, esta reforma prev\u00e9 la creaci\u00f3n de una Comisi\u00f3n o Agencia Digital que decidir\u00e1 unilateralmente sobre el inicio o cierre de concesiones, en Radio, TV y medios digitales.<\/p>\n<p>Es decir: definir\u00e1 desde la Presidencia los l\u00edmites a la libertad de expresi\u00f3n e informaci\u00f3n en el pa\u00eds.<\/p>\n<p>Por eso, para\u00a0<strong>Ricardo Anaya<\/strong>, coordinador de los senadores del PAN, retirar s\u00f3lo el Art\u00edculo 109 ser\u00eda un enga\u00f1o porque en todo lo dem\u00e1s de la reforma est\u00e1 la amenaza a los fundamentos de libertad que requiere la democracia en M\u00e9xico.<\/p>\n<p>Persistir en promulgar esta reforma, afectar\u00eda directamente al T-MEC, apunt\u00f3, \u201cporque concentra en una sola persona (la presidenta\u00a0<strong>Claudia Sheinbaum<\/strong>) todas las facultades para dar concesiones, quitar concesiones, bloquear tu plataforma digital, bloquear tu cuenta de Twitter, de Facebook, de Instagram si no le gusta al gobierno lo que est\u00e1s diciendo\u201d, indic\u00f3.<\/p>\n<p><strong>Rub\u00e9n Moreira<\/strong>, coordinador de los diputados federales del PRI, coincide totalmente con Anaya y reclama que la \u00fanica soluci\u00f3n a este debate nacional, es que la presidenta\u00a0<strong>Sheinbaum<\/strong>\u00a0retire su reforma de telecomunicaciones en curso, no solo el Art\u00edculo 109. El razonamiento y argumentaci\u00f3n es la misma que la de los dem\u00e1s.<\/p>\n<p>\u201cNo le demos vuelta: esta es la ley censura\u201d, afirma.<\/p>\n<p>Pero va m\u00e1s all\u00e1 y considera que el objetivo de imponer esta Ley es porque el Gobierno de\u00a0<strong>Claudia Sheinbaum<\/strong>\u00a0y de la llamada 4T tiene como fin el Estado dictatorial, autoritario.<\/p>\n<p>\u201c\u2026 d\u00e9monos cuenta,\u00a0<strong>est\u00e1n desmantelando la democracia en este pa\u00eds<\/strong>\u2026 en el contexto de la desaparici\u00f3n de los \u00f3rganos aut\u00f3nomos e instituciones, en el contexto de la embestida a todos los medios,\u00a0<strong><em>porque hay una embestida<\/em><\/strong>\u00a0del r\u00e9gimen a las televisoras, la radio y el ecosistema digital \u00a0v\u00e9alo usted tambi\u00e9n en ese contexto\u201d.<\/p>\n<p>Recuerda que han ido cerrando programas cr\u00edticos, corriendo-despidiendo-jubilando conductores, ahogando financieramente a los impresos y digitales inc\u00f3modos\u2026 \u201c<strong>simplemente no quieren no toleran voces discordantes, no quieren voces libres<\/strong>\u201d.<\/p>\n<p>Insiste:<\/p>\n<p>\u201cHoy muchos medios se mueven a las redes sociales y de ah\u00ed viene el peligro del 109,\u00a0pues te bajo la red social<em>\u2026<\/em> he visto muchas cosas\u2026 est\u00e1n haciendo maquinaciones para llevarnos a una dictadura.<\/p>\n<p>\u201cLo que dijo Paco Ignacio Taibo (de pedir la nacionalizaci\u00f3n la confiscaci\u00f3n de TV Azteca) no lo dijo cualquiera, lo dijo el director del Fondo de Cultura Econ\u00f3mica, la Presidenta no est\u00e1 de acuerdo.<\/p>\n<p>\u201cEs una amenaza a la democracia\u2026 el se\u00f1or\u00a0<strong>Taibo<\/strong>\u00a0est\u00e1 amenazando a la libertad\u2026\u201d, reiter\u00f3\u00a0<strong>Moreira<\/strong>.<\/p>\n<p>&nbsp;<\/p>\n<p><strong>Confrontados, divergentes<\/strong><\/p>\n<p>&nbsp;<\/p>\n<p>Durante el primer conversatorio intervinieron el senador Javier Corral como secretario de la Comisi\u00f3n de Radio, Televisi\u00f3n y Cinematograf\u00eda del Senado; el senador\u00a0<strong>Clemente Casta\u00f1eda<\/strong>, coordinador de MC; la senadora\u00a0<strong>Karen Castrej\u00f3n, del\u00a0PV<\/strong>; la senadora\u00a0<strong>Lizeth S\u00e1nchez<\/strong>, del PT; la senadora priista\u00a0<strong>Carolina Viggiano; Manuel Huerta<\/strong>\u00a0por Morena.<\/p>\n<p>En esa tribuna, igual, pasaron\u00a0<strong>Francisca Mart\u00ednez Flores<\/strong>, presidenta de Radio Independiente de M\u00e9xico;\u00a0<strong>Javier Ju\u00e1rez Mojica<\/strong>, comisionado presidente del IFT -organismo en v\u00edas de extinci\u00f3n-; <strong>Jos\u00e9 Antonio Garc\u00eda Herrera,<\/strong>\u00a0presidente de la C\u00e1mara de la Industria de la Radio y la Televisi\u00f3n, la CIRT;\u00a0<strong>Jorge Bravo Torres,\u00a0<\/strong>presidente de la Asociaci\u00f3n Mexicana de Derecho a la Informaci\u00f3n; <strong>Adriana Labardini Inzunza,<\/strong>\u00a0presidenta de la asociaci\u00f3n Conectadas.<\/p>\n<p>Un foro de confrontaci\u00f3n y divergencias, propuestas en un sentido y su contrario y para hacer llamados a la presidenta\u00a0<strong>Sheinbaum Pardo<\/strong>\u00a0para ir a su lado.<\/p>\n<p>Es apenas el inicio de un ejercicio que los opositores legislativos y pol\u00edticos, intelectuales y empresariales consideran un \u201cenga\u00f1o\u201d del oficialismo para al final aprobar su Reforma de Telecomunicaciones sin moverle ni una sola coma.<\/p>\n<p>Ha ocurrido en las otras Reformas que fueron sometidas a foros, advierten.<\/p>\n<p>Al final, sacaron adelante lo que quisieron, digo yo.<\/p>\n<p>&nbsp;<\/p>\n<p><strong>Digitalizaci\u00f3n, vacuna contra el fracaso empresarial<\/strong><\/p>\n<p>&nbsp;<\/p>\n<p>La realidad empresarial es inmisericorde. Lo es porque la mayor\u00eda de quienes emprenden un negocio dan vida con entusiasmo a un proyecto de comercializaci\u00f3n, o producci\u00f3n, no tienen conocimientos b\u00e1sicos de empresa.<\/p>\n<p>Hoy, todos ellos tienen un arma poderosa en el mundo digital.<\/p>\n<p>No obstante, urge en M\u00e9xico impulsar la digitalizaci\u00f3n de las micro, peque\u00f1as y medianas empresas, las llamadas Mipymes para garantizar primero su existencia y para impulsar su desarrollo y competitividad y evitar una vida corta, indic\u00f3\u00a0<strong>Fabricio Ledesma Heinrich,<\/strong>\u00a0empresario mexicano del sector financiero, inmobiliario, tur\u00edstico.<\/p>\n<p>Estas peque\u00f1as y medianas empresas son el motor de nuestra econom\u00eda. Generan el 52 por ciento de los ingresos y dan trabajo a 27 millones de personas, lo que representa el 68.4 por ciento de la poblaci\u00f3n econ\u00f3micamente activa del pa\u00eds, el 52% del PIB nacional e invierten 122 mil millones de pesos al a\u00f1o y 1.9 billones de compras de insumos.<\/p>\n<p>Por ello es muy importante, esencial, que transformen los m\u00e9todos tradicionales de trabajo, automatizar los procesos manuales, adoptar soluciones de software para la gesti\u00f3n empresarial, y el uso de datos para tomar decisiones estrat\u00e9gicas\u2026 hacer sus negocios m\u00e1s \u00e1giles, competitivos y capaces de responder r\u00e1pidamente a los cambios del mercado y las demandas de los consumidores.<\/p>\n<p>&nbsp;<\/p>\n<p>\/ Twitter: @_Vizcaino \/ Facebook<\/p>\n<p>\/\u00a0<a href=\"https:\/\/www.facebook.com\/rvizcainoa\">https:\/\/www.facebook.com\/rvizcainoa<\/a><\/p>\n","protected":false},"excerpt":{"rendered":"<p>\u00a0 TRAS LA PUERTA DEL PODER\u00a0 Roberto Vizca\u00edno &nbsp; \u00a0 \u00a0 Ayer iniciaron en el Senado los conversatorios sobre la reforma de telecomunicaciones. Para el PAN, PRI y MC -como para concesionarios de Radio y TV, publicistas, intelectuales, acad\u00e9micos, periodistas y millones de ciudadanos-, la \u00fanica soluci\u00f3n ante las inquietudes pol\u00edticas y sociales por la [&hellip;]<\/p>\n","protected":false},"author":14,"featured_media":0,"comment_status":"open","ping_status":"open","sticky":false,"template":"","format":"standard","meta":{"_monsterinsights_skip_tracking":false,"_monsterinsights_sitenote_active":false,"_monsterinsights_sitenote_note":"","_monsterinsights_sitenote_category":0,"footnotes":""},"categories":[4,136],"tags":[],"class_list":["post-666638","post","type-post","status-publish","format-standard","hentry","category-opinion","category-roberto-vizcaino-opinion"],"_links":{"self":[{"href":"https:\/\/www.diarioimagen.net\/index.php?rest_route=\/wp\/v2\/posts\/666638","targetHints":{"allow":["GET"]}}],"collection":[{"href":"https:\/\/www.diarioimagen.net\/index.php?rest_route=\/wp\/v2\/posts"}],"about":[{"href":"https:\/\/www.diarioimagen.net\/index.php?rest_route=\/wp\/v2\/types\/post"}],"author":[{"embeddable":true,"href":"https:\/\/www.diarioimagen.net\/index.php?rest_route=\/wp\/v2\/users\/14"}],"replies":[{"embeddable":true,"href":"https:\/\/www.diarioimagen.net\/index.php?rest_route=%2Fwp%2Fv2%2Fcomments&post=666638"}],"version-history":[{"count":1,"href":"https:\/\/www.diarioimagen.net\/index.php?rest_route=\/wp\/v2\/posts\/666638\/revisions"}],"predecessor-version":[{"id":666639,"href":"https:\/\/www.diarioimagen.net\/index.php?rest_route=\/wp\/v2\/posts\/666638\/revisions\/666639"}],"wp:attachment":[{"href":"https:\/\/www.diarioimagen.net\/index.php?rest_route=%2Fwp%2Fv2%2Fmedia&parent=666638"}],"wp:term":[{"taxonomy":"category","embeddable":true,"href":"https:\/\/www.diarioimagen.net\/index.php?rest_route=%2Fwp%2Fv2%2Fcategories&post=666638"},{"taxonomy":"post_tag","embeddable":true,"href":"https:\/\/www.diarioimagen.net\/index.php?rest_route=%2Fwp%2Fv2%2Ftags&post=666638"}],"curies":[{"name":"wp","href":"https:\/\/api.w.org\/{rel}","templated":true}]}}