{"id":666825,"date":"2025-05-12T00:00:19","date_gmt":"2025-05-12T06:00:19","guid":{"rendered":"https:\/\/www.diarioimagen.net\/?p=666825"},"modified":"2025-05-11T19:47:01","modified_gmt":"2025-05-12T01:47:01","slug":"para-las-madres-buscadoras-el-10-de-mayo-no-es-dia-de-fiesta","status":"publish","type":"post","link":"https:\/\/www.diarioimagen.net\/?p=666825","title":{"rendered":"Para las madres buscadoras, el 10 de mayo no es d\u00eda de fiesta"},"content":{"rendered":"<p><strong>CLASE POLITICA<\/strong> Miguel \u00c1ngel Rivera<\/p>\n<p>\u201cHoy es 10 de mayo de 2025, D\u00eda de las Madres, quiero enviarles un saludo muy cari\u00f1oso, y un abrazo muy fuerte a todas las mam\u00e1s, decirles que las queremos y valoramos mucho el trabajo que hacen todos los d\u00edas\u201d, expres\u00f3 la Presidenta (con A), Claudia Sheinbaum Pardo, en un video compartido en sus redes sociales.<br \/>\n\u201cDecirles a las mujeres, a las mam\u00e1s, que es tiempo de mujeres, que las mujeres tenemos derechos, que las mujeres podemos ser lo que queramos ser. Un abrazo muy, muy fuerte a todas las mam\u00e1s de M\u00e9xico\u201d, dice el mensaje de la mandataria, quien agreg\u00f3:<br \/>\n\u201cLa mam\u00e1 no s\u00f3lo nos cuida, nosotros tambi\u00e9n tenemos que cuidar a las mam\u00e1s, tenemos que apoyarlas, el trabajo del hogar no s\u00f3lo es de la mujer es de todas y todos\u201d, agreg\u00f3.<br \/>\n\u201cRecuerden que lo material no es importante, lo m\u00e1s importante es lo espiritual, regalemos cari\u00f1o, regalemos mucho amor y protej\u00e1monos entre todos. Que siempre vivan las mujeres mexicanas. \u00a1Que vivan todas las madres y que viva M\u00e9xico!\u201d, finaliz\u00f3.<br \/>\nRealmente emotivo, no hay un s\u00f3lo punto que pueda ser motivo de cr\u00edtica. Sin embargo, por desgracia se puede se\u00f1alar un vac\u00edo o una ausencia, o tal vez muchas\u2026 miles.<br \/>\nEn efecto, ninguna referencia a las madres buscadoras. Tampoco es una novedad, aunque ha abierto un poco su gobierno para las organizaciones de madres buscadoras, al ordenar que las atienda la secretaria de Gobernaci\u00f3n, Rosa Icela Rodr\u00edguez, la presidenta Sheinbaum prefiere tenerlas a distancia.<br \/>\nTambi\u00e9n, envi\u00f3 una iniciativa al Congreso de la Uni\u00f3n con la declarada finalidad de avanzar en el tema de los desaparecidos, pero en esta ocasi\u00f3n los legisladores oficialistas no han procesado la propuesta con la misma celeridad que otras que han recibido del Ejecutivo.<br \/>\nEsto dos aspectos quedaron evidentes en nota publicada en el portal etc\u00e9tera: el pasado 4 de abril.<br \/>\n\u201cTras un mes de crisis medi\u00e1tica por el caso del Rancho Izaguirre, la presidenta Claudia Sheinbaum anunci\u00f3 que su gobierno recibir\u00e1 a grupos de madres buscadoras, pero no lo har\u00e1 ella en persona, sino que ser\u00e1 Rosa Icela Rodr\u00edguez, titular de la Secretar\u00eda de Gobernaci\u00f3n, quien se re\u00fana con ellos a lo largo de este mes.<br \/>\n\u201cEn su conferencia del martes, Sheinbaum dijo que pidi\u00f3 al Congreso de la Uni\u00f3n poner pausa a la discusi\u00f3n de las reforma legales, enviadas el 27 de marzo, para buscar a los desaparecidos, con la finalidad de integrar las propuestas que hagan los colectivos en las reuniones que se realicen con la Segob.<br \/>\nLa referida informaci\u00f3n agreg\u00f3: \u201cSe recordar\u00e1 que nunca durante sus diversas gestiones gubernamentales Sheinbaum ha aceptado recibir grupos de v\u00edctimas. No lo hizo con los deudos del Colegio R\u00e9bsamen, ni tampoco con las familias de la L\u00ednea 12. Cuando fue jefa de Gobierno grupos de familias de desaparecidos le pidieron en repetidas ocasiones una reuni\u00f3n y nunca acept\u00f3\u201d.<br \/>\nLos que no cambian son las madres, los padres y los amigos que los respaldan. Como prueba, el pasado d\u00eda 10, en diversas ciudades, incluida la capital de la Rep\u00fablica, volvieron a salir a las calles a demandar a las autoridades cumplir su obligaci\u00f3n de buscar a los desaparecidos y llevar ante la justicia a quienes los secuestran.<br \/>\nLas demandas las sintetiz\u00f3 Yolanda Mor\u00e1n Is\u00e1is, directora del colectivo B\u00fascame, buscando desaparecidos M\u00e9xico. En mensaje dirigido a la Presidenta dijo: \u201cQueremos verla a usted para poderle pedir que nos d\u00e9 la confianza plena, que nos d\u00e9 la fortaleza y la paz, tranquilidad de que s\u00ed va a buscar que esa reforma nos beneficie, no nos perjudique. Es una reuni\u00f3n ejecutiva en la que no le vamos a hacer perder el tiempo, le vamos a ofrecer nuestra ayuda\u201d.<br \/>\nDesde las 6 de la ma\u00f1ana, Mor\u00e1n se mantuvo en las puertas de Palacio Nacional con un meg\u00e1fono para solicitar la audiencia con la presidenta Sheinbaum o que les permitieran entrar a la \u201cma\u00f1anera del pueblo\u201d.<br \/>\nAunque exigente, la se\u00f1ora Mor\u00e1n alivi\u00f3 un poco la responsabilidad de la llamada Cuarta Transformaci\u00f3n, al se\u00f1alar que tampoco gobiernos anteriores hicieron mucho por acabar con esa lacra.<br \/>\nLa directora de B\u00fascame perdi\u00f3 a su hijo Dan Jeremeel Fern\u00e1ndez Mor\u00e1n desde hace 17 a\u00f1os y revel\u00f3 que durante tres sexenios ha ido a buscar a quien est\u00e1 en la presidencia y lo hace, en especial, cada 10 de mayo.\u201cNunca hemos tenido la suerte de que nos reciban. Espero que usted como madre, como mujer, como presidenta, nos pueda atender, por favor. Se\u00f1ora, dentro de la ma\u00f1anera puede tambi\u00e9n tomar en cuenta este mensaje que le traemos y le estamos pidiendo\u201d, expres\u00f3 con meg\u00e1fono dirigido hacia el balc\u00f3n de Palacio Nacional.<br \/>\nMor\u00e1n repiti\u00f3: \u201cNo sea usted como los anteriores presidentes que nunca quisieron salir. Mandaron a su secretario de Gobernaci\u00f3n, de derechos humanos, pero a quien queremos ver es a usted\u201d.<br \/>\nOtras madres optaron por marchar por las calles. Ellas sostuvieron que ese 10 de mayo no ten\u00edan nada que celebrar y agregaron que tambi\u00e9n salieron para recordar a las madres que ya no est\u00e1n en vida para tenerlas presentes y recordar a las autoridades que para ellas no hubo verdad ni justicia\u00bb.<br \/>\nLa denominada XIII Marcha de la Dignidad Nacional \u201cMadres Buscando a sus Hijos, Hijas, Verdad y Justicia\u201d y bajo el grito de \u201ccon el gobierno o sin \u00e9l, llegaremos a la verdad\u201d, las familias exigieron a la presidenta Sheinbaum voluntad pol\u00edtica real para desmantelar el \u00abpacto de impunidad\u00bb con el crimen y acepte la ayuda de la ONU, cuyo Comit\u00e9 contra las Desapariciones Forzadas concluy\u00f3 que ese delito se ejecuta de manera general o sistem\u00e1tica en M\u00e9xico.<br \/>\nLos manifestantes denunciaron que las promesas de campa\u00f1a, las reformas simb\u00f3licas y las reuniones institucionales no significan que se aplique la justicia.<br \/>\n\u201cNo nos enga\u00f1an con reformas vac\u00edas ni mesas de di\u00e1logo que solo simulan b\u00fasqueda. Las fiscal\u00edas siguen sin fortalecerse y la impunidad se sostiene desde las estructuras del propio Estado\u201d, expresaron las madres en su posicionamiento.<br \/>\nEn la manifestaci\u00f3n, la consigna m\u00e1s escuchada fue: \u201chijo, escucha, tu madre est\u00e1 en la lucha\u201d, pero los contingentes tambi\u00e9n repitieron: \u201clas madres unidas, jam\u00e1s ser\u00e1n vencidas\u201d y \u201c\u00bfd\u00f3nde est\u00e1n, d\u00f3nde est\u00e1n, nuestros hijos, d\u00f3nde est\u00e1n?\u201d.<br \/>\nTambi\u00e9n es de destacar que el esfuerzo de las madres buscadoras es una tarea de alto riesgo, como lo demuestra el hecho de que, seg\u00fan la organizaci\u00f3n Iniciativa Mesoamericana de Mujeres Defensoras de Derechos Humanos (IM-Defensoras), 16 madres buscadoras han sido asesinadas en M\u00e9xico desde el a\u00f1o 2019 a la fecha.<br \/>\nTodav\u00eda un d\u00eda antes de las marchas, el viernes 9, se dio a conocer que el cad\u00e1ver de una mujer asesinada a balazos, que fue localizado en una de las calles de la colonia Tierra Blanca de Culiac\u00e1n, Sinaloa, correspond\u00eda a la activista y tambi\u00e9n defensora de los derechos de animales, Mar\u00eda Dolores Pati\u00f1o. El cuerpo ten\u00eda las manos amarradas a la espalda, con la cabeza tapada y disparos de arma de fuego. La v\u00edctima, de 46 a\u00f1os, fue secuestrada un d\u00eda antes.<br \/>\nLas amenazas y el peligro siguen vigentes, como lo demuestra la petici\u00f3n del colectivo de b\u00fasqueda Alzando Voces, cuyos integrantes solicitaron a la secretaria de Gobernaci\u00f3n, Rosa Icela Rodr\u00edguez, iniciar las acciones necesarias para limpiar campos minados en zonas de la tierra caliente michoacana, para poder realizar labores de b\u00fasqueda.<br \/>\nLa vocera del colectivo, Laura C\u00e1zares, declar\u00f3 que, desde la aparici\u00f3n de minas y artefactos explosivos, pr\u00e1cticamente los colectivos pararon toda acci\u00f3n de b\u00fasqueda en esas zonas. El \u00e1rea es considerada un foco rojo para los buscadores<br \/>\n\u00abNo hemos hecho ninguna b\u00fasqueda en las zonas de El Aguaje, en Aguililla, Tepalcatepec, Apatzing\u00e1n\u00bb, se\u00f1al\u00f3. La vocera apunt\u00f3 que. Se\u00f1al\u00f3 que basta con echar un ojo a los medios de comunicaci\u00f3n para saber el riesgo que representa, tras la muerte de personas y las lesiones que han sufrido otras m\u00e1s que han tenido la desgracia de ser v\u00edctimas por las explosiones de dichos artefactos.<br \/>\nApenas el mi\u00e9rcoles pasado, la divisi\u00f3n antibombas de la Secretar\u00eda de Seguridad P\u00fablica (SSP) dio cuenta del decomiso de m\u00e1s de cuatro mil artefactos explosivos en la regi\u00f3n de la Tierra Caliente, donde la guerra entre c\u00e1rteles incluye ataques a\u00e9reos con drones artillados y minas terrestres en caminos y brechas.<br \/>\nAlzando Voces asegur\u00f3 que la cifra de desapariciones supera los 4 mil durante los \u00faltimos a\u00f1os.<br \/>\nEn s\u00edntesis, \u00ab10 de mayo no es de fiesta, es de lucha y de protesta\u00bb.<\/p>\n","protected":false},"excerpt":{"rendered":"<p>CLASE POLITICA Miguel \u00c1ngel Rivera \u201cHoy es 10 de mayo de 2025, D\u00eda de las Madres, quiero enviarles un saludo muy cari\u00f1oso, y un abrazo muy fuerte a todas las mam\u00e1s, decirles que las queremos y valoramos mucho el trabajo que hacen todos los d\u00edas\u201d, expres\u00f3 la Presidenta (con A), Claudia Sheinbaum Pardo, en un [&hellip;]<\/p>\n","protected":false},"author":14,"featured_media":0,"comment_status":"open","ping_status":"open","sticky":false,"template":"","format":"standard","meta":{"_monsterinsights_skip_tracking":false,"_monsterinsights_sitenote_active":false,"_monsterinsights_sitenote_note":"","_monsterinsights_sitenote_category":0,"footnotes":""},"categories":[84119,4],"tags":[],"class_list":["post-666825","post","type-post","status-publish","format-standard","hentry","category-miguel-angel-rivera","category-opinion"],"_links":{"self":[{"href":"https:\/\/www.diarioimagen.net\/index.php?rest_route=\/wp\/v2\/posts\/666825","targetHints":{"allow":["GET"]}}],"collection":[{"href":"https:\/\/www.diarioimagen.net\/index.php?rest_route=\/wp\/v2\/posts"}],"about":[{"href":"https:\/\/www.diarioimagen.net\/index.php?rest_route=\/wp\/v2\/types\/post"}],"author":[{"embeddable":true,"href":"https:\/\/www.diarioimagen.net\/index.php?rest_route=\/wp\/v2\/users\/14"}],"replies":[{"embeddable":true,"href":"https:\/\/www.diarioimagen.net\/index.php?rest_route=%2Fwp%2Fv2%2Fcomments&post=666825"}],"version-history":[{"count":1,"href":"https:\/\/www.diarioimagen.net\/index.php?rest_route=\/wp\/v2\/posts\/666825\/revisions"}],"predecessor-version":[{"id":666826,"href":"https:\/\/www.diarioimagen.net\/index.php?rest_route=\/wp\/v2\/posts\/666825\/revisions\/666826"}],"wp:attachment":[{"href":"https:\/\/www.diarioimagen.net\/index.php?rest_route=%2Fwp%2Fv2%2Fmedia&parent=666825"}],"wp:term":[{"taxonomy":"category","embeddable":true,"href":"https:\/\/www.diarioimagen.net\/index.php?rest_route=%2Fwp%2Fv2%2Fcategories&post=666825"},{"taxonomy":"post_tag","embeddable":true,"href":"https:\/\/www.diarioimagen.net\/index.php?rest_route=%2Fwp%2Fv2%2Ftags&post=666825"}],"curies":[{"name":"wp","href":"https:\/\/api.w.org\/{rel}","templated":true}]}}