{"id":666956,"date":"2025-05-13T00:00:35","date_gmt":"2025-05-13T06:00:35","guid":{"rendered":"https:\/\/www.diarioimagen.net\/?p=666956"},"modified":"2025-05-12T19:52:50","modified_gmt":"2025-05-13T01:52:50","slug":"festeja-la-asociacion-proyecto-social-naucalpan-a-los-ninos-y-a-las-madres","status":"publish","type":"post","link":"https:\/\/www.diarioimagen.net\/?p=666956","title":{"rendered":"Festeja la asociaci\u00f3n Proyecto Social  Naucalpan a los ni\u00f1os y a las madres"},"content":{"rendered":"<ul>\n<li><strong>Entrega de electrodom\u00e9sticos y juguetes<\/strong><\/li>\n<\/ul>\n<p><strong>\u00a0<\/strong><\/p>\n<p>&nbsp;<\/p>\n<div id=\"attachment_666957\" style=\"width: 307px\" class=\"wp-caption alignnone\"><img loading=\"lazy\" decoding=\"async\" aria-describedby=\"caption-attachment-666957\" class=\"wp-image-666957 size-large\" src=\"https:\/\/www.diarioimagen.net\/wp-content\/uploads\/2025\/05\/BAENA-1-OK-5-297x270.jpg\" alt=\"\" width=\"297\" height=\"270\" srcset=\"https:\/\/www.diarioimagen.net\/wp-content\/uploads\/2025\/05\/BAENA-1-OK-5-297x270.jpg 297w, https:\/\/www.diarioimagen.net\/wp-content\/uploads\/2025\/05\/BAENA-1-OK-5-240x218.jpg 240w, https:\/\/www.diarioimagen.net\/wp-content\/uploads\/2025\/05\/BAENA-1-OK-5-768x698.jpg 768w, https:\/\/www.diarioimagen.net\/wp-content\/uploads\/2025\/05\/BAENA-1-OK-5-1536x1395.jpg 1536w, https:\/\/www.diarioimagen.net\/wp-content\/uploads\/2025\/05\/BAENA-1-OK-5-2048x1860.jpg 2048w\" sizes=\"auto, (max-width: 297px) 100vw, 297px\" \/><p id=\"caption-attachment-666957\" class=\"wp-caption-text\">Con motivo del D\u00eda del Ni\u00f1o y D\u00eda de la Madre, la asociaci\u00f3n \u201cProyecto Social Naucalpan\u201d realiz\u00f3 diversas actividades como bailables, rifas y funci\u00f3n de payasos, as\u00ed como la entrega<\/p><\/div>\n<p>Naucalpan, M\u00e9x.- \u201cEl ver los rostros de alegr\u00eda y satisfacci\u00f3n de hombres, mujeres, j\u00f3venes y ni\u00f1os, nos enorgullece y nos da fortaleza para seguir luchando por la justicia social que tanto demandan y requieren las familias y en ello no claudicaremos. Estamos y estaremos cerca de los naucalpenses\u201d.<\/p>\n<p>&nbsp;<\/p>\n<p>Expres\u00f3 lo anterior David Parra S\u00e1nchez, presidente de la Asociaci\u00f3n Civil \u00abProyecto Social Naucalpan\u00bb, al ratificar su compromiso de trabajar y ser voz de los habitantes de este municipio.<\/p>\n<p>&nbsp;<\/p>\n<p>En ese sentido y en el marco de las festividades del D\u00eda del Ni\u00f1o y D\u00eda de la Madre,\u00a0 a trav\u00e9s de dicha asociaci\u00f3n, se realizaron\u00a0 diversas actividades como bailables, rifas, funci\u00f3n de payasos y luchas libres, as\u00ed como la entrega de electrodom\u00e9sticos y juguetes en varias colonias de este municipio.<\/p>\n<p>&nbsp;<\/p>\n<p>Fue as\u00ed que \u00abProyecto Social de Naucalpan\u00bb, en apoyo a esas\u00a0 festivales, recorri\u00f3 las colonias,\u00a0 Alce Blanco, Independencia, Santiago Occipaco, La Presa el tejocote, Ampliaci\u00f3n Ol\u00edmpica, La Raquelito, El Olivar, San Mateo Nopala, Minas Coyote, La Modelo, San Jos\u00e9 de los Leones y varias m\u00e1s, en donde los festejados agradecieron\u00a0 los obsequios recibidos.<\/p>\n<p>&nbsp;<\/p>\n<p>Finalmente, el luchador social David Parra, reiter\u00f3 el\u00a0 compromiso del equipo que conforman\u00a0 \u00abProyecto Social Naucalpan\u00bb, de continuar cerca de las familias de Naucalpan para la atenci\u00f3n a sus\u00a0 demandas m\u00e1s apremiantes.<\/p>\n<p>&nbsp;<\/p>\n<p>&nbsp;<\/p>\n","protected":false},"excerpt":{"rendered":"<p>Entrega de electrodom\u00e9sticos y juguetes \u00a0 &nbsp; Naucalpan, M\u00e9x.- \u201cEl ver los rostros de alegr\u00eda y satisfacci\u00f3n de hombres, mujeres, j\u00f3venes y ni\u00f1os, nos enorgullece y nos da fortaleza para seguir luchando por la justicia social que tanto demandan y requieren las familias y en ello no claudicaremos. Estamos y estaremos cerca de los naucalpenses\u201d. [&hellip;]<\/p>\n","protected":false},"author":14,"featured_media":666957,"comment_status":"open","ping_status":"open","sticky":false,"template":"","format":"standard","meta":{"_monsterinsights_skip_tracking":false,"_monsterinsights_sitenote_active":false,"_monsterinsights_sitenote_note":"","_monsterinsights_sitenote_category":0,"footnotes":""},"categories":[5],"tags":[],"class_list":["post-666956","post","type-post","status-publish","format-standard","has-post-thumbnail","hentry","category-estado-de-mexico"],"_links":{"self":[{"href":"https:\/\/www.diarioimagen.net\/index.php?rest_route=\/wp\/v2\/posts\/666956","targetHints":{"allow":["GET"]}}],"collection":[{"href":"https:\/\/www.diarioimagen.net\/index.php?rest_route=\/wp\/v2\/posts"}],"about":[{"href":"https:\/\/www.diarioimagen.net\/index.php?rest_route=\/wp\/v2\/types\/post"}],"author":[{"embeddable":true,"href":"https:\/\/www.diarioimagen.net\/index.php?rest_route=\/wp\/v2\/users\/14"}],"replies":[{"embeddable":true,"href":"https:\/\/www.diarioimagen.net\/index.php?rest_route=%2Fwp%2Fv2%2Fcomments&post=666956"}],"version-history":[{"count":1,"href":"https:\/\/www.diarioimagen.net\/index.php?rest_route=\/wp\/v2\/posts\/666956\/revisions"}],"predecessor-version":[{"id":666958,"href":"https:\/\/www.diarioimagen.net\/index.php?rest_route=\/wp\/v2\/posts\/666956\/revisions\/666958"}],"wp:featuredmedia":[{"embeddable":true,"href":"https:\/\/www.diarioimagen.net\/index.php?rest_route=\/wp\/v2\/media\/666957"}],"wp:attachment":[{"href":"https:\/\/www.diarioimagen.net\/index.php?rest_route=%2Fwp%2Fv2%2Fmedia&parent=666956"}],"wp:term":[{"taxonomy":"category","embeddable":true,"href":"https:\/\/www.diarioimagen.net\/index.php?rest_route=%2Fwp%2Fv2%2Fcategories&post=666956"},{"taxonomy":"post_tag","embeddable":true,"href":"https:\/\/www.diarioimagen.net\/index.php?rest_route=%2Fwp%2Fv2%2Ftags&post=666956"}],"curies":[{"name":"wp","href":"https:\/\/api.w.org\/{rel}","templated":true}]}}