{"id":666959,"date":"2025-05-13T00:00:04","date_gmt":"2025-05-13T06:00:04","guid":{"rendered":"https:\/\/www.diarioimagen.net\/?p=666959"},"modified":"2025-05-12T19:54:07","modified_gmt":"2025-05-13T01:54:07","slug":"aprueban-programas-sociales-en-beneficio-de-familias-naucalpenses","status":"publish","type":"post","link":"https:\/\/www.diarioimagen.net\/?p=666959","title":{"rendered":"Aprueban programas sociales en  beneficio de familias naucalpenses"},"content":{"rendered":"<ul>\n<li><strong>Se acotan brechas de desigualdad<\/strong><\/li>\n<\/ul>\n<p><strong>\u00a0<\/strong><\/p>\n<div id=\"attachment_666960\" style=\"width: 396px\" class=\"wp-caption alignnone\"><img loading=\"lazy\" decoding=\"async\" aria-describedby=\"caption-attachment-666960\" class=\"wp-image-666960 size-large\" src=\"https:\/\/www.diarioimagen.net\/wp-content\/uploads\/2025\/05\/BAENA-2-OK-7-386x270.jpg\" alt=\"\" width=\"386\" height=\"270\" srcset=\"https:\/\/www.diarioimagen.net\/wp-content\/uploads\/2025\/05\/BAENA-2-OK-7-386x270.jpg 386w, https:\/\/www.diarioimagen.net\/wp-content\/uploads\/2025\/05\/BAENA-2-OK-7-240x168.jpg 240w, https:\/\/www.diarioimagen.net\/wp-content\/uploads\/2025\/05\/BAENA-2-OK-7-768x537.jpg 768w, https:\/\/www.diarioimagen.net\/wp-content\/uploads\/2025\/05\/BAENA-2-OK-7.jpg 1500w\" sizes=\"auto, (max-width: 386px) 100vw, 386px\" \/><p id=\"caption-attachment-666960\" class=\"wp-caption-text\">El alcalde Isaac Montoya M\u00e1rquez presidi\u00f3 la sesi\u00f3n de Cabildo donde se aprobaron las reglas de operaci\u00f3n de cinco programas sociales en beneficio de la econom\u00eda familiar.<\/p><\/div>\n<p>Naucalpan, M\u00e9x.- En sesi\u00f3n de Cabildo, que presidi\u00f3 el alcalde, Isaac Montoya M\u00e1rquez, se aprobaron las reglas de operaci\u00f3n de cinco programas sociales que el gobierno municipal implementar\u00e1 a favor de la inclusi\u00f3n social y en beneficio de la econom\u00eda familiar.<\/p>\n<p>&nbsp;<\/p>\n<p>Durante la D\u00e9cima Sexta Sesi\u00f3n Ordinaria de Cabildo, Resolutiva Vig\u00e9sima, los ediles aprobaron las reglas de operaci\u00f3n de los programas:<\/p>\n<ul>\n<li>Impulsando tu Alimentaci\u00f3n<\/li>\n<li>Impulsando tu Comunidad<\/li>\n<li>Impulsando a la Juventud<\/li>\n<li>Impulsando tu Educaci\u00f3n<\/li>\n<li>Impulsando Mujeres Naucalpenses<\/li>\n<\/ul>\n<p>&nbsp;<\/p>\n<p>En las participaciones en Cabildo se enfatiz\u00f3 que es tarea de los gobiernos contribuir para acotar las brechas de desigualdad que convierten a una persona en vulnerable, mediante la implementaci\u00f3n de pol\u00edticas y programas encaminados a reducirlas.<\/p>\n<p>&nbsp;<\/p>\n<p>Las reglas de operaci\u00f3n de los programas que este gobierno municipal habr\u00e1 de implementar, promueven la inclusi\u00f3n social, fortalecen la econom\u00eda (social) familiar, el emprendimiento; integra grupos marginados como personas con discapacidad, ind\u00edgenas, mujeres y j\u00f3venes.<\/p>\n<p>&nbsp;<\/p>\n<p>Los programas sociales buscan asegurar el cumplimiento de derechos sociales y tener un impacto positivo para que nadie se quede atr\u00e1s. A cuatro meses de este gobierno, se avanza hacia un Naucalpan justo, equitativo y emp\u00e1tico.<\/p>\n<p>&nbsp;<\/p>\n<p>Las reglas de operaci\u00f3n aprobadas est\u00e1n sujetas a la emisi\u00f3n de las convocatorias correspondientes.<\/p>\n<p>&nbsp;<\/p>\n<p>&nbsp;<\/p>\n<p>&nbsp;<\/p>\n","protected":false},"excerpt":{"rendered":"<p>Se acotan brechas de desigualdad \u00a0 Naucalpan, M\u00e9x.- En sesi\u00f3n de Cabildo, que presidi\u00f3 el alcalde, Isaac Montoya M\u00e1rquez, se aprobaron las reglas de operaci\u00f3n de cinco programas sociales que el gobierno municipal implementar\u00e1 a favor de la inclusi\u00f3n social y en beneficio de la econom\u00eda familiar. &nbsp; Durante la D\u00e9cima Sexta Sesi\u00f3n Ordinaria de [&hellip;]<\/p>\n","protected":false},"author":14,"featured_media":666960,"comment_status":"open","ping_status":"open","sticky":false,"template":"","format":"standard","meta":{"_monsterinsights_skip_tracking":false,"_monsterinsights_sitenote_active":false,"_monsterinsights_sitenote_note":"","_monsterinsights_sitenote_category":0,"footnotes":""},"categories":[5],"tags":[],"class_list":["post-666959","post","type-post","status-publish","format-standard","has-post-thumbnail","hentry","category-estado-de-mexico"],"_links":{"self":[{"href":"https:\/\/www.diarioimagen.net\/index.php?rest_route=\/wp\/v2\/posts\/666959","targetHints":{"allow":["GET"]}}],"collection":[{"href":"https:\/\/www.diarioimagen.net\/index.php?rest_route=\/wp\/v2\/posts"}],"about":[{"href":"https:\/\/www.diarioimagen.net\/index.php?rest_route=\/wp\/v2\/types\/post"}],"author":[{"embeddable":true,"href":"https:\/\/www.diarioimagen.net\/index.php?rest_route=\/wp\/v2\/users\/14"}],"replies":[{"embeddable":true,"href":"https:\/\/www.diarioimagen.net\/index.php?rest_route=%2Fwp%2Fv2%2Fcomments&post=666959"}],"version-history":[{"count":1,"href":"https:\/\/www.diarioimagen.net\/index.php?rest_route=\/wp\/v2\/posts\/666959\/revisions"}],"predecessor-version":[{"id":666961,"href":"https:\/\/www.diarioimagen.net\/index.php?rest_route=\/wp\/v2\/posts\/666959\/revisions\/666961"}],"wp:featuredmedia":[{"embeddable":true,"href":"https:\/\/www.diarioimagen.net\/index.php?rest_route=\/wp\/v2\/media\/666960"}],"wp:attachment":[{"href":"https:\/\/www.diarioimagen.net\/index.php?rest_route=%2Fwp%2Fv2%2Fmedia&parent=666959"}],"wp:term":[{"taxonomy":"category","embeddable":true,"href":"https:\/\/www.diarioimagen.net\/index.php?rest_route=%2Fwp%2Fv2%2Fcategories&post=666959"},{"taxonomy":"post_tag","embeddable":true,"href":"https:\/\/www.diarioimagen.net\/index.php?rest_route=%2Fwp%2Fv2%2Ftags&post=666959"}],"curies":[{"name":"wp","href":"https:\/\/api.w.org\/{rel}","templated":true}]}}