{"id":666979,"date":"2025-05-13T00:00:33","date_gmt":"2025-05-13T06:00:33","guid":{"rendered":"https:\/\/www.diarioimagen.net\/?p=666979"},"modified":"2025-05-12T20:11:55","modified_gmt":"2025-05-13T02:11:55","slug":"fomenta-contraloria-del-edomex-la-fiscalizacion-desde-el-ambito-municipal","status":"publish","type":"post","link":"https:\/\/www.diarioimagen.net\/?p=666979","title":{"rendered":"\u00a0  Fomenta Contralor\u00eda del Edomex la  fiscalizaci\u00f3n desde el \u00e1mbito municipal"},"content":{"rendered":"<ul>\n<li><strong>Se busca garantizar el uso correcto de los recursos p\u00fablicos<\/strong><\/li>\n<li><strong>El municipio debe avalar que somos un gobierno del pueblo y para el pueblo: Hilda Salazar Gil<\/strong><\/li>\n<\/ul>\n<p>&nbsp;<\/p>\n<div id=\"attachment_666980\" style=\"width: 415px\" class=\"wp-caption alignnone\"><img loading=\"lazy\" decoding=\"async\" aria-describedby=\"caption-attachment-666980\" class=\"wp-image-666980 size-large\" src=\"https:\/\/www.diarioimagen.net\/wp-content\/uploads\/2025\/05\/EDOMEX-1-OK-6-405x270.jpg\" alt=\"\" width=\"405\" height=\"270\" srcset=\"https:\/\/www.diarioimagen.net\/wp-content\/uploads\/2025\/05\/EDOMEX-1-OK-6-405x270.jpg 405w, https:\/\/www.diarioimagen.net\/wp-content\/uploads\/2025\/05\/EDOMEX-1-OK-6-240x160.jpg 240w, https:\/\/www.diarioimagen.net\/wp-content\/uploads\/2025\/05\/EDOMEX-1-OK-6-768x511.jpg 768w, https:\/\/www.diarioimagen.net\/wp-content\/uploads\/2025\/05\/EDOMEX-1-OK-6.jpg 1500w\" sizes=\"auto, (max-width: 405px) 100vw, 405px\" \/><p id=\"caption-attachment-666980\" class=\"wp-caption-text\">Hilda Salazar Gil, secretaria de la Contralor\u00eda, pidi\u00f3 a las y los titulares de las 125 contralor\u00edas municipales cerrar filas para fortalecer la fiscalizaci\u00f3n y garantizar as\u00ed, el uso correcto de los recursos p\u00fablicos en el Edomex.<\/p><\/div>\n<p>Toluca, Estado de M\u00e9xico.- La Secretaria de la Contralor\u00eda, Hilda Salazar Gil pidi\u00f3 a las y los titulares de las 125 contralor\u00edas municipales cerrar filas para fortalecer la fiscalizaci\u00f3n y garantizar as\u00ed, el uso correcto de los recursos p\u00fablicos en todo el territorio mexiquense.<\/p>\n<p>&nbsp;<\/p>\n<p>Lo anterior, durante la primera reuni\u00f3n ordinaria del Comit\u00e9 Rector del Sistema Estatal de Fiscalizaci\u00f3n (SEF), donde explic\u00f3 que, al ser el orden de gobierno m\u00e1s cercano a la gente, el municipio debe avalar que la administraci\u00f3n de la Maestra Delfina G\u00f3mez \u00c1lvarez es un gobierno del pueblo y para el pueblo.<\/p>\n<p>&nbsp;<\/p>\n<p>\u201cDesde el \u00e1mbito de nuestras respectivas competencias, promovamos el intercambio de informaci\u00f3n, los mecanismos, las estrategias y las experiencias para seguir avanzando en el desarrollo de la \u00f3ptima fiscalizaci\u00f3n de los recursos p\u00fablicos\u201d, puntualiz\u00f3.<\/p>\n<p>&nbsp;<\/p>\n<p>Salazar Gil estuvo acompa\u00f1ada de Liliana D\u00e1valos Ham y de Juan Jos\u00e9 Hern\u00e1ndez Vences, titulares del \u00d3rgano Superior de Fiscalizaci\u00f3n del Estado de M\u00e9xico (OSFEM) y de la Contralor\u00eda del Poder Legislativo estatal, respectivamente, con quienes integra la presidencia tripartita del SEF, as\u00ed como de los representantes rotatorios municipales.<\/p>\n<p>&nbsp;<\/p>\n<p>Como parte del orden del d\u00eda establecido, se actualizaron los estatutos del SEF, de acuerdo con lo estipulado en el Plan de Desarrollo del Estado de M\u00e9xico 2023-2029; adem\u00e1s, el Titular de la Unidad de Seguimiento del OSFEM, Luis Ignacio Sierra Villa, imparti\u00f3 la conferencia magistral: \u201cObservaciones recurrentes por el \u00d3rgano Superior de Fiscalizaci\u00f3n del Estado de M\u00e9xico\u201d.<\/p>\n<p><strong>\u00a0<\/strong><\/p>\n<p>&nbsp;<\/p>\n","protected":false},"excerpt":{"rendered":"<p>Se busca garantizar el uso correcto de los recursos p\u00fablicos El municipio debe avalar que somos un gobierno del pueblo y para el pueblo: Hilda Salazar Gil &nbsp; Toluca, Estado de M\u00e9xico.- La Secretaria de la Contralor\u00eda, Hilda Salazar Gil pidi\u00f3 a las y los titulares de las 125 contralor\u00edas municipales cerrar filas para fortalecer [&hellip;]<\/p>\n","protected":false},"author":14,"featured_media":666980,"comment_status":"open","ping_status":"open","sticky":false,"template":"","format":"standard","meta":{"_monsterinsights_skip_tracking":false,"_monsterinsights_sitenote_active":false,"_monsterinsights_sitenote_note":"","_monsterinsights_sitenote_category":0,"footnotes":""},"categories":[5],"tags":[],"class_list":["post-666979","post","type-post","status-publish","format-standard","has-post-thumbnail","hentry","category-estado-de-mexico"],"_links":{"self":[{"href":"https:\/\/www.diarioimagen.net\/index.php?rest_route=\/wp\/v2\/posts\/666979","targetHints":{"allow":["GET"]}}],"collection":[{"href":"https:\/\/www.diarioimagen.net\/index.php?rest_route=\/wp\/v2\/posts"}],"about":[{"href":"https:\/\/www.diarioimagen.net\/index.php?rest_route=\/wp\/v2\/types\/post"}],"author":[{"embeddable":true,"href":"https:\/\/www.diarioimagen.net\/index.php?rest_route=\/wp\/v2\/users\/14"}],"replies":[{"embeddable":true,"href":"https:\/\/www.diarioimagen.net\/index.php?rest_route=%2Fwp%2Fv2%2Fcomments&post=666979"}],"version-history":[{"count":1,"href":"https:\/\/www.diarioimagen.net\/index.php?rest_route=\/wp\/v2\/posts\/666979\/revisions"}],"predecessor-version":[{"id":666981,"href":"https:\/\/www.diarioimagen.net\/index.php?rest_route=\/wp\/v2\/posts\/666979\/revisions\/666981"}],"wp:featuredmedia":[{"embeddable":true,"href":"https:\/\/www.diarioimagen.net\/index.php?rest_route=\/wp\/v2\/media\/666980"}],"wp:attachment":[{"href":"https:\/\/www.diarioimagen.net\/index.php?rest_route=%2Fwp%2Fv2%2Fmedia&parent=666979"}],"wp:term":[{"taxonomy":"category","embeddable":true,"href":"https:\/\/www.diarioimagen.net\/index.php?rest_route=%2Fwp%2Fv2%2Fcategories&post=666979"},{"taxonomy":"post_tag","embeddable":true,"href":"https:\/\/www.diarioimagen.net\/index.php?rest_route=%2Fwp%2Fv2%2Ftags&post=666979"}],"curies":[{"name":"wp","href":"https:\/\/api.w.org\/{rel}","templated":true}]}}