{"id":667177,"date":"2025-05-14T00:00:04","date_gmt":"2025-05-14T06:00:04","guid":{"rendered":"https:\/\/www.diarioimagen.net\/?p=667177"},"modified":"2025-05-13T20:36:17","modified_gmt":"2025-05-14T02:36:17","slug":"las-mujeres-merecen-tener-un-ambiente-de-paz-y-tranquilidad","status":"publish","type":"post","link":"https:\/\/www.diarioimagen.net\/?p=667177","title":{"rendered":"\u00a0  Las mujeres merecen tener un  ambiente de paz y tranquilidad\u00a0"},"content":{"rendered":"<ul>\n<li><strong>Afirma el l\u00edder social Luis Monta\u00f1o<\/strong><\/li>\n<\/ul>\n<div id=\"attachment_667178\" style=\"width: 399px\" class=\"wp-caption alignnone\"><img loading=\"lazy\" decoding=\"async\" aria-describedby=\"caption-attachment-667178\" class=\"wp-image-667178 size-large\" src=\"https:\/\/www.diarioimagen.net\/wp-content\/uploads\/2025\/05\/BAENA-3-OK-8-389x270.jpg\" alt=\"\" width=\"389\" height=\"270\" srcset=\"https:\/\/www.diarioimagen.net\/wp-content\/uploads\/2025\/05\/BAENA-3-OK-8-389x270.jpg 389w, https:\/\/www.diarioimagen.net\/wp-content\/uploads\/2025\/05\/BAENA-3-OK-8-240x167.jpg 240w, https:\/\/www.diarioimagen.net\/wp-content\/uploads\/2025\/05\/BAENA-3-OK-8-768x533.jpg 768w, https:\/\/www.diarioimagen.net\/wp-content\/uploads\/2025\/05\/BAENA-3-OK-8.jpg 1500w\" sizes=\"auto, (max-width: 389px) 100vw, 389px\" \/><p id=\"caption-attachment-667178\" class=\"wp-caption-text\">El l\u00edder social Luis Monta\u00f1o sostuvo un encuentro con mujeres de diversas comunidades, donde refrend\u00f3 su compromiso de seguir luchando por la justicia social de ese sector.<\/p><\/div>\n<p>&nbsp;<\/p>\n<p>Atizap\u00e1n de Zaragoza, M\u00e9x.- Todas y cada una de las mujeres de este pa\u00eds y, desde luego, del Estado de M\u00e9xico merecen vivir en un ambiente de paz y tranquilidad.<\/p>\n<p>&nbsp;<\/p>\n<p>Expres\u00f3 lo anterior Luis Monta\u00f1o, el dirigente social de Morena, \u00a0al continuar con su trabajo social en comunidades de Atizap\u00e1n, en donde ha sido bien aceptado por la sociedad.<\/p>\n<p>&nbsp;<\/p>\n<p>El tambi\u00e9n empresario, al sostener un encuentro con mujeres de diversas comunidades, refrend\u00f3 su compromiso de seguir luchando por la justicia social de ese g\u00e9nero.<\/p>\n<p>&nbsp;<\/p>\n<p>Luis Monta\u00f1o resalt\u00f3 que las mujeres son la principal prioridad tanto de la presidenta Claudia Sheinbaum como de la gobernadora Delfina G\u00f3mez.<\/p>\n<p>&nbsp;<\/p>\n<p>El encuentro tuvo la finalidad de coadyuvar con la festividad del \u00abDia de las Madres\u00bb de decenas de mujeres, a quienes llev\u00f3 obsequios y diversi\u00f3n.<\/p>\n<p>&nbsp;<\/p>\n<p>En un evento festivo realizado de manera abierta para las madres y sus familias radicados en la regi\u00f3n, Luis Monta\u00f1o destac\u00f3 las cualidades de las mam\u00e1s en este evento, donde agradeci\u00f3 su presencia, lo que ha contribuido a su reconocimiento como l\u00edder social con presencia en comunidades de zonas populares y residenciales del municipio, as\u00ed como entre los trabajadores y empresarios, as\u00ed como de habitantes en general.<\/p>\n<p>&nbsp;<\/p>\n<p>El l\u00edder social Luis Monta\u00f1o ha destacado por llevar su discurso con aceptaci\u00f3n entre los habitantes de colonias del norte de Atizap\u00e1n de Zaragoza, a quienes adem\u00e1s ha llevado diversos apoyos como tinacos a bajo costo.<\/p>\n<p>&nbsp;<\/p>\n<p>&nbsp;<\/p>\n","protected":false},"excerpt":{"rendered":"<p>Afirma el l\u00edder social Luis Monta\u00f1o &nbsp; Atizap\u00e1n de Zaragoza, M\u00e9x.- Todas y cada una de las mujeres de este pa\u00eds y, desde luego, del Estado de M\u00e9xico merecen vivir en un ambiente de paz y tranquilidad. &nbsp; Expres\u00f3 lo anterior Luis Monta\u00f1o, el dirigente social de Morena, \u00a0al continuar con su trabajo social en [&hellip;]<\/p>\n","protected":false},"author":14,"featured_media":667178,"comment_status":"open","ping_status":"open","sticky":false,"template":"","format":"standard","meta":{"_monsterinsights_skip_tracking":false,"_monsterinsights_sitenote_active":false,"_monsterinsights_sitenote_note":"","_monsterinsights_sitenote_category":0,"footnotes":""},"categories":[5],"tags":[],"class_list":["post-667177","post","type-post","status-publish","format-standard","has-post-thumbnail","hentry","category-estado-de-mexico"],"_links":{"self":[{"href":"https:\/\/www.diarioimagen.net\/index.php?rest_route=\/wp\/v2\/posts\/667177","targetHints":{"allow":["GET"]}}],"collection":[{"href":"https:\/\/www.diarioimagen.net\/index.php?rest_route=\/wp\/v2\/posts"}],"about":[{"href":"https:\/\/www.diarioimagen.net\/index.php?rest_route=\/wp\/v2\/types\/post"}],"author":[{"embeddable":true,"href":"https:\/\/www.diarioimagen.net\/index.php?rest_route=\/wp\/v2\/users\/14"}],"replies":[{"embeddable":true,"href":"https:\/\/www.diarioimagen.net\/index.php?rest_route=%2Fwp%2Fv2%2Fcomments&post=667177"}],"version-history":[{"count":1,"href":"https:\/\/www.diarioimagen.net\/index.php?rest_route=\/wp\/v2\/posts\/667177\/revisions"}],"predecessor-version":[{"id":667179,"href":"https:\/\/www.diarioimagen.net\/index.php?rest_route=\/wp\/v2\/posts\/667177\/revisions\/667179"}],"wp:featuredmedia":[{"embeddable":true,"href":"https:\/\/www.diarioimagen.net\/index.php?rest_route=\/wp\/v2\/media\/667178"}],"wp:attachment":[{"href":"https:\/\/www.diarioimagen.net\/index.php?rest_route=%2Fwp%2Fv2%2Fmedia&parent=667177"}],"wp:term":[{"taxonomy":"category","embeddable":true,"href":"https:\/\/www.diarioimagen.net\/index.php?rest_route=%2Fwp%2Fv2%2Fcategories&post=667177"},{"taxonomy":"post_tag","embeddable":true,"href":"https:\/\/www.diarioimagen.net\/index.php?rest_route=%2Fwp%2Fv2%2Ftags&post=667177"}],"curies":[{"name":"wp","href":"https:\/\/api.w.org\/{rel}","templated":true}]}}