{"id":667221,"date":"2025-05-14T00:00:53","date_gmt":"2025-05-14T06:00:53","guid":{"rendered":"https:\/\/www.diarioimagen.net\/?p=667221"},"modified":"2025-05-13T20:44:07","modified_gmt":"2025-05-14T02:44:07","slug":"acerca-el-gobierno-de-delfina-gomez-servicios-gratuitos-a-grupos-vulnerables","status":"publish","type":"post","link":"https:\/\/www.diarioimagen.net\/?p=667221","title":{"rendered":"Acerca el gobierno de Delfina G\u00f3mez  servicios gratuitos a grupos vulnerables"},"content":{"rendered":"<ul>\n<li><strong>Regularizaci\u00f3n de t\u00edtulos de propiedad y tenencia de la tierra<\/strong><\/li>\n<li><strong>Convenio de la Consejer\u00eda Jur\u00eddica y la SEDUI para dar certeza jur\u00eddica patrimonial a este sector <\/strong><\/li>\n<\/ul>\n<div id=\"attachment_667222\" style=\"width: 415px\" class=\"wp-caption alignnone\"><img loading=\"lazy\" decoding=\"async\" aria-describedby=\"caption-attachment-667222\" class=\"wp-image-667222 size-large\" src=\"https:\/\/www.diarioimagen.net\/wp-content\/uploads\/2025\/05\/EDOMEX-1-ok-7-405x270.jpg\" alt=\"\" width=\"405\" height=\"270\" srcset=\"https:\/\/www.diarioimagen.net\/wp-content\/uploads\/2025\/05\/EDOMEX-1-ok-7-405x270.jpg 405w, https:\/\/www.diarioimagen.net\/wp-content\/uploads\/2025\/05\/EDOMEX-1-ok-7-240x160.jpg 240w, https:\/\/www.diarioimagen.net\/wp-content\/uploads\/2025\/05\/EDOMEX-1-ok-7-768x511.jpg 768w, https:\/\/www.diarioimagen.net\/wp-content\/uploads\/2025\/05\/EDOMEX-1-ok-7.jpg 1500w\" sizes=\"auto, (max-width: 405px) 100vw, 405px\" \/><p id=\"caption-attachment-667222\" class=\"wp-caption-text\">El Instituto de la Defensor\u00eda P\u00fablica del Estado de M\u00e9xico y el Instituto Mexiquense de la Vivienda Social firmanron un convenio que establece un modelo de atenci\u00f3n conjunta para facilitar la regularizaci\u00f3n de la tenencia de la tierra.<\/p><\/div>\n<p>&nbsp;<\/p>\n<p>&nbsp;<\/p>\n<p>Toluca, Estado de M\u00e9xico. &#8211; Para dar certeza jur\u00eddica sobre su patrimonio a personas en situaci\u00f3n de vulnerabilidad, el Gobierno de la Maestra Delfina G\u00f3mez \u00c1lvarez dar\u00e1 acompa\u00f1amiento legal gratuito en tr\u00e1mites como t\u00edtulos de propiedad, juicios sucesorios intestamentarios y procedimientos no contenciosos de identidad.<\/p>\n<p>Lo anterior mediante un convenio de colaboraci\u00f3n firmado entre el Instituto de la Defensor\u00eda P\u00fablica del Estado de M\u00e9xico (IDP) y el Instituto Mexiquense de la Vivienda Social (Imevis), que establece un modelo de atenci\u00f3n conjunta para facilitar la regularizaci\u00f3n de la tenencia de la tierra, la emisi\u00f3n de t\u00edtulos de propiedad y la resoluci\u00f3n de conflictos jur\u00eddicos de identidad que obstaculizan tr\u00e1mites de vivienda.<\/p>\n<p>Jes\u00fas George Zamora, Consejero Jur\u00eddico, destac\u00f3 que el convenio representa una herramienta concreta para emparejar el acceso a la justicia y a la vivienda, al tiempo que se inscribe en el Plan de Desarrollo del Estado de M\u00e9xico 2023\u20132029, impulsado por la Maestra Delfina G\u00f3mez \u00c1lvarez, el cual prioriza el combate a la pobreza y la atenci\u00f3n a grupos vulnerables desde una perspectiva de justicia social y territorial.<\/p>\n<p>Asimismo, se\u00f1al\u00f3 que esta acci\u00f3n responde al llamado de la Presidenta Claudia Sheinbaum Pardo de acelerar la regularizaci\u00f3n del suelo como un derecho fundamental, mediante la colaboraci\u00f3n entre los tres \u00f3rdenes de Gobierno.<\/p>\n<p>\u201cYo dir\u00eda una pinza de justicia social para las personas m\u00e1s vulnerables, porque a trav\u00e9s de la celebraci\u00f3n de este convenio, lo que hacemos es formalizar toda la asesor\u00eda y orientaci\u00f3n que brinda el Instituto de Defensor\u00eda P\u00fablica y agilizar los tr\u00e1mites ante el Instituto Mexiquense de la Vivienda Social\u201d, enfatiz\u00f3 Jes\u00fas George Zamora.<\/p>\n<p>En tanto, Carlos Maza Lara, Secretario de Desarrollo Urbano e Infraestructura (Sedui), destac\u00f3 que a trav\u00e9s de Imevis, se promueven, coordinan y regulan estrategias que permiten a los grupos sociales m\u00e1s vulnerables acceder a los programas de vivienda social y regularizaci\u00f3n del suelo en el Estado de M\u00e9xico.<\/p>\n<p>Por ello, se\u00f1al\u00f3 que a trav\u00e9s del trabajo colaborativo seguir\u00e1n transformando la vida de las familias que buscan obtener el t\u00edtulo de propiedad de su vivienda y tener la certeza jur\u00eddica del patrimonio por el que se han esforzado tanto.<\/p>\n<p>\u201cEste convenio significa mucho porque es un paso m\u00e1s que se da, para que en los tr\u00e1mites que se generen y se lleven a cabo para la regularizaci\u00f3n de la tenencia de la tierra y de las propiedades, sea tambi\u00e9n una ayuda a las familias para que esos tr\u00e1mites se agilicen\u201d, sostuvo Carlos Maza Lara.<\/p>\n<p>Con este convenio se llevar\u00e1n a cabo acciones coordinadas para canalizar a las personas usuarias entre ambas instituciones, compartir informaci\u00f3n y criterios t\u00e9cnicos, y dar acompa\u00f1amiento jur\u00eddico y administrativo durante todo el proceso, desde el inicio hasta la obtenci\u00f3n de los t\u00edtulos de propiedad.<\/p>\n<p>&nbsp;<\/p>\n<p>&nbsp;<\/p>\n<p><strong>\u00a0<\/strong><\/p>\n<p>&nbsp;<\/p>\n","protected":false},"excerpt":{"rendered":"<p>Regularizaci\u00f3n de t\u00edtulos de propiedad y tenencia de la tierra Convenio de la Consejer\u00eda Jur\u00eddica y la SEDUI para dar certeza jur\u00eddica patrimonial a este sector &nbsp; &nbsp; Toluca, Estado de M\u00e9xico. &#8211; Para dar certeza jur\u00eddica sobre su patrimonio a personas en situaci\u00f3n de vulnerabilidad, el Gobierno de la Maestra Delfina G\u00f3mez \u00c1lvarez dar\u00e1 [&hellip;]<\/p>\n","protected":false},"author":14,"featured_media":667222,"comment_status":"open","ping_status":"open","sticky":false,"template":"","format":"standard","meta":{"_monsterinsights_skip_tracking":false,"_monsterinsights_sitenote_active":false,"_monsterinsights_sitenote_note":"","_monsterinsights_sitenote_category":0,"footnotes":""},"categories":[5],"tags":[],"class_list":["post-667221","post","type-post","status-publish","format-standard","has-post-thumbnail","hentry","category-estado-de-mexico"],"_links":{"self":[{"href":"https:\/\/www.diarioimagen.net\/index.php?rest_route=\/wp\/v2\/posts\/667221","targetHints":{"allow":["GET"]}}],"collection":[{"href":"https:\/\/www.diarioimagen.net\/index.php?rest_route=\/wp\/v2\/posts"}],"about":[{"href":"https:\/\/www.diarioimagen.net\/index.php?rest_route=\/wp\/v2\/types\/post"}],"author":[{"embeddable":true,"href":"https:\/\/www.diarioimagen.net\/index.php?rest_route=\/wp\/v2\/users\/14"}],"replies":[{"embeddable":true,"href":"https:\/\/www.diarioimagen.net\/index.php?rest_route=%2Fwp%2Fv2%2Fcomments&post=667221"}],"version-history":[{"count":1,"href":"https:\/\/www.diarioimagen.net\/index.php?rest_route=\/wp\/v2\/posts\/667221\/revisions"}],"predecessor-version":[{"id":667223,"href":"https:\/\/www.diarioimagen.net\/index.php?rest_route=\/wp\/v2\/posts\/667221\/revisions\/667223"}],"wp:featuredmedia":[{"embeddable":true,"href":"https:\/\/www.diarioimagen.net\/index.php?rest_route=\/wp\/v2\/media\/667222"}],"wp:attachment":[{"href":"https:\/\/www.diarioimagen.net\/index.php?rest_route=%2Fwp%2Fv2%2Fmedia&parent=667221"}],"wp:term":[{"taxonomy":"category","embeddable":true,"href":"https:\/\/www.diarioimagen.net\/index.php?rest_route=%2Fwp%2Fv2%2Fcategories&post=667221"},{"taxonomy":"post_tag","embeddable":true,"href":"https:\/\/www.diarioimagen.net\/index.php?rest_route=%2Fwp%2Fv2%2Ftags&post=667221"}],"curies":[{"name":"wp","href":"https:\/\/api.w.org\/{rel}","templated":true}]}}