{"id":667336,"date":"2025-05-15T00:00:01","date_gmt":"2025-05-15T06:00:01","guid":{"rendered":"https:\/\/www.diarioimagen.net\/?p=667336"},"modified":"2025-05-14T20:04:02","modified_gmt":"2025-05-15T02:04:02","slug":"destinara-gobierno-de-naucalpan-30-millones-en-programas-sociales","status":"publish","type":"post","link":"https:\/\/www.diarioimagen.net\/?p=667336","title":{"rendered":"\u00a0  Destinar\u00e1 gobierno de Naucalpan  30\u00a0millones en programas sociales\u00a0"},"content":{"rendered":"<ul>\n<li><strong>Programa Integral de Bienestar Social<\/strong><\/li>\n<\/ul>\n<div id=\"attachment_667337\" style=\"width: 382px\" class=\"wp-caption alignnone\"><img loading=\"lazy\" decoding=\"async\" aria-describedby=\"caption-attachment-667337\" class=\"wp-image-667337 size-large\" src=\"https:\/\/www.diarioimagen.net\/wp-content\/uploads\/2025\/05\/BAENA-2-ok-9-372x270.jpg\" alt=\"\" width=\"372\" height=\"270\" srcset=\"https:\/\/www.diarioimagen.net\/wp-content\/uploads\/2025\/05\/BAENA-2-ok-9-372x270.jpg 372w, https:\/\/www.diarioimagen.net\/wp-content\/uploads\/2025\/05\/BAENA-2-ok-9-240x174.jpg 240w, https:\/\/www.diarioimagen.net\/wp-content\/uploads\/2025\/05\/BAENA-2-ok-9-768x558.jpg 768w, https:\/\/www.diarioimagen.net\/wp-content\/uploads\/2025\/05\/BAENA-2-ok-9-90x65.jpg 90w, https:\/\/www.diarioimagen.net\/wp-content\/uploads\/2025\/05\/BAENA-2-ok-9.jpg 1500w\" sizes=\"auto, (max-width: 372px) 100vw, 372px\" \/><p id=\"caption-attachment-667337\" class=\"wp-caption-text\">El presidente municipal Isaac Montoya M\u00e1rquez se\u00f1al\u00f3 que su gobierno destinar\u00e1 30 millones de pesos para el Programa Integral de Bienestar Social, que se estar\u00e1 implementando durante este 2025.<\/p><\/div>\n<p>Naucalpan, M\u00e9x.- El gobierno municipal destinar\u00e1 30 millones de pesos para el programa Integral de Bienestar Social que se estar\u00e1 implementando durante este 2025 en Ciudad Naucalpan, se\u00f1al\u00f3 el presidente municipal, Isaac Montoya M\u00e1rquez, a la vez que enfatiz\u00f3, que la pasada administraci\u00f3n no asign\u00f3 recursos para bienestar social a lo largo de sus tres a\u00f1os de gobierno.<\/p>\n<p>&nbsp;<\/p>\n<p>En conferencia de prensa, el alcalde refiri\u00f3 que tras la aprobaci\u00f3n de las reglas de operaci\u00f3n de los programas de bienestar en Cabildo, se asignaron 30 millones de pesos para la implementaci\u00f3n de cinco programas sociales, a favor de la inclusi\u00f3n social y en beneficio de la econom\u00eda familiar. Los cinco programas son:<\/p>\n<p>&nbsp;<\/p>\n<p>&#8211;\u00a0\u2060Impulsando tu Alimentaci\u00f3n.<\/p>\n<p>-\u2060 \u00a0\u2060Impulsando tu Comunidad.<\/p>\n<p>&#8211; \u00a0\u2060Impulsando a la Juventud.<\/p>\n<p>-\u2060 \u00a0\u2060Impulsando tu Educaci\u00f3n.<\/p>\n<p>-\u2060 \u00a0\u2060Impulsando Mujeres Naucalpenses.<\/p>\n<p>&nbsp;<\/p>\n<p>Destac\u00f3 que el primero de ellos, Impulsando tu Alimentaci\u00f3n, est\u00e1 contemplando abordar y poder atender las zonas de mayor marginaci\u00f3n en Naucalpan de acuerdo a la estad\u00edstica del Consejo Nacional de Poblaci\u00f3n (CONAPO) y del Instituto Nacional de Estad\u00edstica y Geograf\u00eda (INEGI), permitir\u00e1 atender los cuadrantes de m\u00e1xima marginaci\u00f3n, donde se implementar\u00e1 un programa de canastas alimentarias.<\/p>\n<p>&nbsp;<\/p>\n<p>Montoya M\u00e1rquez, ante medios de comunicaci\u00f3n, apunt\u00f3 que, la entrega de canastas alimentarias estar\u00e1 dirigida directamente a la poblaci\u00f3n, no como se sol\u00eda hacer bajo las l\u00f3gicas clientelares, sino para la poblaci\u00f3n verdaderamente vulnerable.<\/p>\n<p>&nbsp;<\/p>\n<p>Otro de los programas, Impulsando tu Comunidad, a trav\u00e9s de este se apoyar\u00e1 a talentos naucalpenses, a talleristas, con un programa de empleo temporal, contemplando la posibilidad de que los vecinos se comprometan, quienes tienen conocimientos en la t\u00e9cnica de la construcci\u00f3n, para la reconstrucci\u00f3n de las calles y de los entornos en el municipio de Naucalpan, dijo.<\/p>\n<p>&nbsp;<\/p>\n<p><strong>\u00a0<\/strong><\/p>\n<p>&nbsp;<\/p>\n","protected":false},"excerpt":{"rendered":"<p>Programa Integral de Bienestar Social Naucalpan, M\u00e9x.- El gobierno municipal destinar\u00e1 30 millones de pesos para el programa Integral de Bienestar Social que se estar\u00e1 implementando durante este 2025 en Ciudad Naucalpan, se\u00f1al\u00f3 el presidente municipal, Isaac Montoya M\u00e1rquez, a la vez que enfatiz\u00f3, que la pasada administraci\u00f3n no asign\u00f3 recursos para bienestar social a [&hellip;]<\/p>\n","protected":false},"author":14,"featured_media":667337,"comment_status":"open","ping_status":"open","sticky":false,"template":"","format":"standard","meta":{"_monsterinsights_skip_tracking":false,"_monsterinsights_sitenote_active":false,"_monsterinsights_sitenote_note":"","_monsterinsights_sitenote_category":0,"footnotes":""},"categories":[5],"tags":[],"class_list":["post-667336","post","type-post","status-publish","format-standard","has-post-thumbnail","hentry","category-estado-de-mexico"],"_links":{"self":[{"href":"https:\/\/www.diarioimagen.net\/index.php?rest_route=\/wp\/v2\/posts\/667336","targetHints":{"allow":["GET"]}}],"collection":[{"href":"https:\/\/www.diarioimagen.net\/index.php?rest_route=\/wp\/v2\/posts"}],"about":[{"href":"https:\/\/www.diarioimagen.net\/index.php?rest_route=\/wp\/v2\/types\/post"}],"author":[{"embeddable":true,"href":"https:\/\/www.diarioimagen.net\/index.php?rest_route=\/wp\/v2\/users\/14"}],"replies":[{"embeddable":true,"href":"https:\/\/www.diarioimagen.net\/index.php?rest_route=%2Fwp%2Fv2%2Fcomments&post=667336"}],"version-history":[{"count":1,"href":"https:\/\/www.diarioimagen.net\/index.php?rest_route=\/wp\/v2\/posts\/667336\/revisions"}],"predecessor-version":[{"id":667338,"href":"https:\/\/www.diarioimagen.net\/index.php?rest_route=\/wp\/v2\/posts\/667336\/revisions\/667338"}],"wp:featuredmedia":[{"embeddable":true,"href":"https:\/\/www.diarioimagen.net\/index.php?rest_route=\/wp\/v2\/media\/667337"}],"wp:attachment":[{"href":"https:\/\/www.diarioimagen.net\/index.php?rest_route=%2Fwp%2Fv2%2Fmedia&parent=667336"}],"wp:term":[{"taxonomy":"category","embeddable":true,"href":"https:\/\/www.diarioimagen.net\/index.php?rest_route=%2Fwp%2Fv2%2Fcategories&post=667336"},{"taxonomy":"post_tag","embeddable":true,"href":"https:\/\/www.diarioimagen.net\/index.php?rest_route=%2Fwp%2Fv2%2Ftags&post=667336"}],"curies":[{"name":"wp","href":"https:\/\/api.w.org\/{rel}","templated":true}]}}