{"id":667339,"date":"2025-05-15T00:00:17","date_gmt":"2025-05-15T06:00:17","guid":{"rendered":"https:\/\/www.diarioimagen.net\/?p=667339"},"modified":"2025-05-14T20:05:12","modified_gmt":"2025-05-15T02:05:12","slug":"llegan-las-caravanas-itinerantes-por-la-justicia-social-a-tlalnepantla","status":"publish","type":"post","link":"https:\/\/www.diarioimagen.net\/?p=667339","title":{"rendered":"Llegan las caravanas itinerantes  por la justicia social a Tlalnepantla"},"content":{"rendered":"<ul>\n<li><strong>tr\u00e1mites \u00e1giles y, en su mayor\u00eda, gratuitos<\/strong><\/li>\n<\/ul>\n<p>&nbsp;<\/p>\n<div id=\"attachment_667340\" style=\"width: 418px\" class=\"wp-caption alignnone\"><img loading=\"lazy\" decoding=\"async\" aria-describedby=\"caption-attachment-667340\" class=\"wp-image-667340 size-large\" src=\"https:\/\/www.diarioimagen.net\/wp-content\/uploads\/2025\/05\/BAENA-3-ok-9-408x270.jpg\" alt=\"\" width=\"408\" height=\"270\" srcset=\"https:\/\/www.diarioimagen.net\/wp-content\/uploads\/2025\/05\/BAENA-3-ok-9-408x270.jpg 408w, https:\/\/www.diarioimagen.net\/wp-content\/uploads\/2025\/05\/BAENA-3-ok-9-240x159.jpg 240w, https:\/\/www.diarioimagen.net\/wp-content\/uploads\/2025\/05\/BAENA-3-ok-9-768x508.jpg 768w, https:\/\/www.diarioimagen.net\/wp-content\/uploads\/2025\/05\/BAENA-3-ok-9.jpg 1500w\" sizes=\"auto, (max-width: 408px) 100vw, 408px\" \/><p id=\"caption-attachment-667340\" class=\"wp-caption-text\">Lleg\u00f3 a Tlalnepantla el programa Caravanas Itinerantes por la Justicia Social, que estar\u00e1n hasta el 17 de mayo en la explanada del Palacio Municipal en un horario de 9:00 a 15:00 horas.<\/p><\/div>\n<p>&nbsp;<\/p>\n<p>Tlalnepantla, M\u00e9x.- Con el objetivo de acercar una administraci\u00f3n m\u00f3vil, moderna y confiable, adem\u00e1s de acercar la justicia a las comunidades con tr\u00e1mites sencillos y \u00e1giles que en su mayor\u00eda son gratuitos, el gobierno del Estado de M\u00e9xico, encabezado por la maestra Delfina G\u00f3mez \u00c1lvarez llega a Tlalnepantla con el programa Caravanas Itinerantes por la Justicia Social, que estar\u00e1n del 13 al 17 de mayo en la explanada del Palacio Municipal en un horario de 9:00 a 15:00 horas.<\/p>\n<p>&nbsp;<\/p>\n<p>El Presidente Municipal Raciel P\u00e9rez Cruz indic\u00f3 que el prop\u00f3sito de esta iniciativa es acercar los servicios del gobierno a la gente \u201csin burocracia ni intermediarios y con aut\u00e9ntico compromiso de justicia y eficiencia, estas caravanas representan una nueva forma de servir que rompe con la inercia arrastrada durante muchos a\u00f1os que hace esperar al ciudadano y que lo lleva de tr\u00e1mite en tr\u00e1mite de manera innecesaria\u201d.<\/p>\n<p>&nbsp;<\/p>\n<p>Argument\u00f3 que, actualmente, las y los habitantes exigen gobiernos responsables que den resultados concretos, adem\u00e1s tienen la encomienda de escuchar, actuar y resolver las problem\u00e1ticas que aquejan a las comunidades, por lo que desde la administraci\u00f3n municipal se contribuye con los esfuerzos del gobierno estatal que entiende la urgencia de dar respuesta a las demandas ciudadanas.<\/p>\n<p>&nbsp;<\/p>\n<p>\u201cEsta iniciativa es un mensaje muy claro de que el gobierno est\u00e1 para servir y no para complicar, se trata de expedir documentos necesarios para la ciudadan\u00eda como son testamentos, actas de nacimientos y m\u00faltiples asesor\u00edas jur\u00eddicas por mencionar algunos\u201d, coment\u00f3 el edil.<\/p>\n<p>&nbsp;<\/p>\n<p>En representaci\u00f3n de la gobernadora Delfina G\u00f3mez \u00c1lvarez, el Consejero Jur\u00eddico del Gobierno Estatal Jes\u00fas George Zamora detall\u00f3 que, para garantizar el acceso a la justicia como parte de esta pol\u00edtica p\u00fablica, se cuenta con juzgados itinerantes en materia civil, familiar, penal y destac\u00f3 el especializado en violencia de g\u00e9nero, uno de los principales objetivos del gobierno de la entidad.<\/p>\n<p>&nbsp;<\/p>\n<p>Asimismo, apunt\u00f3 que a trav\u00e9s del Registro Civil se procura el derecho a la identidad con la entrega de actas de nacimiento y agreg\u00f3 que tambi\u00e9n se expiden actas de matrimonio y se llevan a cabo divorcios, todos estos tr\u00e1mites se realizan de forma gratuita en apoyo a la econom\u00eda de las y los habitantes.<\/p>\n<p>&nbsp;<\/p>\n<p>&nbsp;<\/p>\n","protected":false},"excerpt":{"rendered":"<p>tr\u00e1mites \u00e1giles y, en su mayor\u00eda, gratuitos &nbsp; &nbsp; Tlalnepantla, M\u00e9x.- Con el objetivo de acercar una administraci\u00f3n m\u00f3vil, moderna y confiable, adem\u00e1s de acercar la justicia a las comunidades con tr\u00e1mites sencillos y \u00e1giles que en su mayor\u00eda son gratuitos, el gobierno del Estado de M\u00e9xico, encabezado por la maestra Delfina G\u00f3mez \u00c1lvarez llega [&hellip;]<\/p>\n","protected":false},"author":14,"featured_media":667340,"comment_status":"open","ping_status":"open","sticky":false,"template":"","format":"standard","meta":{"_monsterinsights_skip_tracking":false,"_monsterinsights_sitenote_active":false,"_monsterinsights_sitenote_note":"","_monsterinsights_sitenote_category":0,"footnotes":""},"categories":[5],"tags":[],"class_list":["post-667339","post","type-post","status-publish","format-standard","has-post-thumbnail","hentry","category-estado-de-mexico"],"_links":{"self":[{"href":"https:\/\/www.diarioimagen.net\/index.php?rest_route=\/wp\/v2\/posts\/667339","targetHints":{"allow":["GET"]}}],"collection":[{"href":"https:\/\/www.diarioimagen.net\/index.php?rest_route=\/wp\/v2\/posts"}],"about":[{"href":"https:\/\/www.diarioimagen.net\/index.php?rest_route=\/wp\/v2\/types\/post"}],"author":[{"embeddable":true,"href":"https:\/\/www.diarioimagen.net\/index.php?rest_route=\/wp\/v2\/users\/14"}],"replies":[{"embeddable":true,"href":"https:\/\/www.diarioimagen.net\/index.php?rest_route=%2Fwp%2Fv2%2Fcomments&post=667339"}],"version-history":[{"count":1,"href":"https:\/\/www.diarioimagen.net\/index.php?rest_route=\/wp\/v2\/posts\/667339\/revisions"}],"predecessor-version":[{"id":667341,"href":"https:\/\/www.diarioimagen.net\/index.php?rest_route=\/wp\/v2\/posts\/667339\/revisions\/667341"}],"wp:featuredmedia":[{"embeddable":true,"href":"https:\/\/www.diarioimagen.net\/index.php?rest_route=\/wp\/v2\/media\/667340"}],"wp:attachment":[{"href":"https:\/\/www.diarioimagen.net\/index.php?rest_route=%2Fwp%2Fv2%2Fmedia&parent=667339"}],"wp:term":[{"taxonomy":"category","embeddable":true,"href":"https:\/\/www.diarioimagen.net\/index.php?rest_route=%2Fwp%2Fv2%2Fcategories&post=667339"},{"taxonomy":"post_tag","embeddable":true,"href":"https:\/\/www.diarioimagen.net\/index.php?rest_route=%2Fwp%2Fv2%2Ftags&post=667339"}],"curies":[{"name":"wp","href":"https:\/\/api.w.org\/{rel}","templated":true}]}}