{"id":667440,"date":"2025-05-15T00:00:57","date_gmt":"2025-05-15T06:00:57","guid":{"rendered":"https:\/\/www.diarioimagen.net\/?p=667440"},"modified":"2025-05-14T21:30:30","modified_gmt":"2025-05-15T03:30:30","slug":"invita-el-gobierno-del-edomex-a-participar-en-mega-reciclaton","status":"publish","type":"post","link":"https:\/\/www.diarioimagen.net\/?p=667440","title":{"rendered":"Invita el gobierno del Edomex  a participar en Mega Reciclat\u00f3n  \u00a0"},"content":{"rendered":"<ul>\n<li><strong>\u00a1No tires tus residuos, interc\u00e1mbialos!<\/strong><\/li>\n<li><strong>Se realizar\u00e1 este domingo en las instalaciones del Parque Metropolitano Bicentenario de Toluca<\/strong><\/li>\n<\/ul>\n<div id=\"attachment_667441\" style=\"width: 294px\" class=\"wp-caption alignnone\"><img loading=\"lazy\" decoding=\"async\" aria-describedby=\"caption-attachment-667441\" class=\"size-full wp-image-667441\" src=\"https:\/\/www.diarioimagen.net\/wp-content\/uploads\/2025\/05\/RECICLATON.jpeg\" alt=\"\" width=\"284\" height=\"177\" srcset=\"https:\/\/www.diarioimagen.net\/wp-content\/uploads\/2025\/05\/RECICLATON.jpeg 284w, https:\/\/www.diarioimagen.net\/wp-content\/uploads\/2025\/05\/RECICLATON-240x150.jpeg 240w\" sizes=\"auto, (max-width: 284px) 100vw, 284px\" \/><p id=\"caption-attachment-667441\" class=\"wp-caption-text\">El gobierno de la maestra Delfina G\u00f3mez \u00c1lvarez invita a la poblaci\u00f3n a participar en el Mega Reciclat\u00f3n este domingo 18 de mayo de 10:00 a 13:00 horas en el Parque Metropolitano Bicentenario de Toluca.<\/p><\/div>\n<p>Metepec, Estado de M\u00e9xico.- Con el objetivo de fomentar la econom\u00eda circular al reducir la generaci\u00f3n de residuos en el Estado de M\u00e9xico, el gobierno de la maestra Delfina G\u00f3mez \u00c1lvarez invita a la poblaci\u00f3n a participar en el Mega Reciclat\u00f3n este domingo 18 de mayo de 10:00 a 13:00 horas en el Parque Metropolitano Bicentenario de Toluca.<\/p>\n<p>La Secretar\u00eda del Medio Ambiente y Desarrollo Sostenible (SMAyDS), informa que, esta actividad es una iniciativa de educaci\u00f3n ambiental que consiste en el intercambio de residuos como PET, papel, aluminio, tapitas, envases Tetrapak, vidrio y cart\u00f3n; as\u00ed como residuos electr\u00f3nicos y electrodom\u00e9sticos, por productos comestibles, de limpieza, plantas y \u00e1rboles.<\/p>\n<p>Explica la dependencia que las personas que acudan recibir\u00e1n fichas, de acuerdo a la cantidad de residuos que entreguen, con las cuales podr\u00e1n realizar el intercambio por productos de primera necesidad y otros incentivos.<\/p>\n<p>La SMAyDS destaca que, el Mega Reciclat\u00f3n permite la convivencia familiar para que todas y todos los integrantes los hogares, incluso los m\u00e1s peque\u00f1os, tomen conciencia sobre la importancia de cuidar y proteger el medio ambiente a trav\u00e9s de actividades de reciclaje y manejo correcto de los residuos.<\/p>\n<p>Adem\u00e1s, en el marco de esta actividad, la SMAyDS realizar\u00e1 una Feria Ambiental en la que dar\u00e1 talleres sobre la reutilizaci\u00f3n de vidrio; composta y lombricomposta; huertos urbanos; eficiencia energ\u00e9tica y paneles solares; as\u00ed como actividades recreativas como Jenga de preguntas de cambio clim\u00e1tico y \u201cCrea a tu abeja\u201d con material reciclable.<\/p>\n<p>&nbsp;<\/p>\n<p>El Parque Metropolitano Bicentenario, est\u00e1 ubicado en Paseo Tollocan s\/n esquina Avenida Ju\u00e1rez, colonia Universidad, en el municipio de Toluca.<\/p>\n<p>&nbsp;<\/p>\n<p>&nbsp;<\/p>\n","protected":false},"excerpt":{"rendered":"<p>\u00a1No tires tus residuos, interc\u00e1mbialos! Se realizar\u00e1 este domingo en las instalaciones del Parque Metropolitano Bicentenario de Toluca Metepec, Estado de M\u00e9xico.- Con el objetivo de fomentar la econom\u00eda circular al reducir la generaci\u00f3n de residuos en el Estado de M\u00e9xico, el gobierno de la maestra Delfina G\u00f3mez \u00c1lvarez invita a la poblaci\u00f3n a participar [&hellip;]<\/p>\n","protected":false},"author":14,"featured_media":667441,"comment_status":"open","ping_status":"open","sticky":false,"template":"","format":"standard","meta":{"_monsterinsights_skip_tracking":false,"_monsterinsights_sitenote_active":false,"_monsterinsights_sitenote_note":"","_monsterinsights_sitenote_category":0,"footnotes":""},"categories":[5],"tags":[],"class_list":["post-667440","post","type-post","status-publish","format-standard","has-post-thumbnail","hentry","category-estado-de-mexico"],"_links":{"self":[{"href":"https:\/\/www.diarioimagen.net\/index.php?rest_route=\/wp\/v2\/posts\/667440","targetHints":{"allow":["GET"]}}],"collection":[{"href":"https:\/\/www.diarioimagen.net\/index.php?rest_route=\/wp\/v2\/posts"}],"about":[{"href":"https:\/\/www.diarioimagen.net\/index.php?rest_route=\/wp\/v2\/types\/post"}],"author":[{"embeddable":true,"href":"https:\/\/www.diarioimagen.net\/index.php?rest_route=\/wp\/v2\/users\/14"}],"replies":[{"embeddable":true,"href":"https:\/\/www.diarioimagen.net\/index.php?rest_route=%2Fwp%2Fv2%2Fcomments&post=667440"}],"version-history":[{"count":1,"href":"https:\/\/www.diarioimagen.net\/index.php?rest_route=\/wp\/v2\/posts\/667440\/revisions"}],"predecessor-version":[{"id":667442,"href":"https:\/\/www.diarioimagen.net\/index.php?rest_route=\/wp\/v2\/posts\/667440\/revisions\/667442"}],"wp:featuredmedia":[{"embeddable":true,"href":"https:\/\/www.diarioimagen.net\/index.php?rest_route=\/wp\/v2\/media\/667441"}],"wp:attachment":[{"href":"https:\/\/www.diarioimagen.net\/index.php?rest_route=%2Fwp%2Fv2%2Fmedia&parent=667440"}],"wp:term":[{"taxonomy":"category","embeddable":true,"href":"https:\/\/www.diarioimagen.net\/index.php?rest_route=%2Fwp%2Fv2%2Fcategories&post=667440"},{"taxonomy":"post_tag","embeddable":true,"href":"https:\/\/www.diarioimagen.net\/index.php?rest_route=%2Fwp%2Fv2%2Ftags&post=667440"}],"curies":[{"name":"wp","href":"https:\/\/api.w.org\/{rel}","templated":true}]}}