{"id":667560,"date":"2025-05-16T00:00:20","date_gmt":"2025-05-16T06:00:20","guid":{"rendered":"https:\/\/www.diarioimagen.net\/?p=667560"},"modified":"2025-05-15T20:31:25","modified_gmt":"2025-05-16T02:31:25","slug":"liberan-en-ecatepec-circulacion-en-donde-pedian-cuotas-por-el-paso","status":"publish","type":"post","link":"https:\/\/www.diarioimagen.net\/?p=667560","title":{"rendered":"Liberan en Ecatepec circulaci\u00f3n en donde ped\u00edan cuotas por el paso"},"content":{"rendered":"<p><img loading=\"lazy\" decoding=\"async\" class=\"alignnone wp-image-667561 size-large\" src=\"https:\/\/www.diarioimagen.net\/wp-content\/uploads\/2025\/05\/BAENA-4-ok-10-325x270.jpg\" alt=\"\" width=\"325\" height=\"270\" srcset=\"https:\/\/www.diarioimagen.net\/wp-content\/uploads\/2025\/05\/BAENA-4-ok-10-325x270.jpg 325w, https:\/\/www.diarioimagen.net\/wp-content\/uploads\/2025\/05\/BAENA-4-ok-10-240x199.jpg 240w, https:\/\/www.diarioimagen.net\/wp-content\/uploads\/2025\/05\/BAENA-4-ok-10-768x638.jpg 768w, https:\/\/www.diarioimagen.net\/wp-content\/uploads\/2025\/05\/BAENA-4-ok-10-1536x1276.jpg 1536w, https:\/\/www.diarioimagen.net\/wp-content\/uploads\/2025\/05\/BAENA-4-ok-10-2048x1701.jpg 2048w\" sizes=\"auto, (max-width: 325px) 100vw, 325px\" \/><\/p>\n<p>&nbsp;<\/p>\n<p>Ecatepec, M\u00e9x.- Autoridades de Tr\u00e1nsito Municipal, Servicios P\u00fablicos y Movilidad Urbana realizaron un operativo para liberar la circulaci\u00f3n de la carretera M\u00e9xico-Pachuca, en inmediaciones de El Albarrad\u00f3n, donde un grupo de personas controlaba la circulaci\u00f3n y cobraba cuotas por permitir el paso de veh\u00edculos. \u201cPusimos en marcha un dispositivo vial con distintas \u00e1reas del gobierno porque hab\u00eda personas que cerraban la circulaci\u00f3n, ped\u00edan una cuota para dejar pasar, pero afectaban la movilidad en la zona\u201d, explic\u00f3 Luis Enrique Serna Garc\u00eda, subdirector de Tr\u00e1nsito Municipal. En la v\u00eda M\u00e9xico-Pachuca y avenida Palomas se despleg\u00f3 el operativo para retirar a dos sujetos que colocaron las barras de cemento para controlar la vialidad y permitir el paso vial a cambio de cuotas \u201cvoluntarias\u201d, a quienes se inform\u00f3 que no pod\u00edan continuar en el lugar y fueron retirados.<\/p>\n<p>&nbsp;<\/p>\n<p>&nbsp;<\/p>\n<p>&nbsp;<\/p>\n<p>Por ello, personal de Servicios P\u00fablicos retir\u00f3 con retroexcavadora diversas barras de cemento, piedras y \u201ctraficonos\u201d para liberar la vialidad en el carril confinado que se comparte con autos particulares, debido a que en la lateral construyen obras de cambio de drenaje para aliviar las inundaciones que se generan en la zona.<\/p>\n","protected":false},"excerpt":{"rendered":"<p>&nbsp; Ecatepec, M\u00e9x.- Autoridades de Tr\u00e1nsito Municipal, Servicios P\u00fablicos y Movilidad Urbana realizaron un operativo para liberar la circulaci\u00f3n de la carretera M\u00e9xico-Pachuca, en inmediaciones de El Albarrad\u00f3n, donde un grupo de personas controlaba la circulaci\u00f3n y cobraba cuotas por permitir el paso de veh\u00edculos. \u201cPusimos en marcha un dispositivo vial con distintas \u00e1reas del [&hellip;]<\/p>\n","protected":false},"author":14,"featured_media":667561,"comment_status":"open","ping_status":"open","sticky":false,"template":"","format":"standard","meta":{"_monsterinsights_skip_tracking":false,"_monsterinsights_sitenote_active":false,"_monsterinsights_sitenote_note":"","_monsterinsights_sitenote_category":0,"footnotes":""},"categories":[5],"tags":[],"class_list":["post-667560","post","type-post","status-publish","format-standard","has-post-thumbnail","hentry","category-estado-de-mexico"],"_links":{"self":[{"href":"https:\/\/www.diarioimagen.net\/index.php?rest_route=\/wp\/v2\/posts\/667560","targetHints":{"allow":["GET"]}}],"collection":[{"href":"https:\/\/www.diarioimagen.net\/index.php?rest_route=\/wp\/v2\/posts"}],"about":[{"href":"https:\/\/www.diarioimagen.net\/index.php?rest_route=\/wp\/v2\/types\/post"}],"author":[{"embeddable":true,"href":"https:\/\/www.diarioimagen.net\/index.php?rest_route=\/wp\/v2\/users\/14"}],"replies":[{"embeddable":true,"href":"https:\/\/www.diarioimagen.net\/index.php?rest_route=%2Fwp%2Fv2%2Fcomments&post=667560"}],"version-history":[{"count":1,"href":"https:\/\/www.diarioimagen.net\/index.php?rest_route=\/wp\/v2\/posts\/667560\/revisions"}],"predecessor-version":[{"id":667562,"href":"https:\/\/www.diarioimagen.net\/index.php?rest_route=\/wp\/v2\/posts\/667560\/revisions\/667562"}],"wp:featuredmedia":[{"embeddable":true,"href":"https:\/\/www.diarioimagen.net\/index.php?rest_route=\/wp\/v2\/media\/667561"}],"wp:attachment":[{"href":"https:\/\/www.diarioimagen.net\/index.php?rest_route=%2Fwp%2Fv2%2Fmedia&parent=667560"}],"wp:term":[{"taxonomy":"category","embeddable":true,"href":"https:\/\/www.diarioimagen.net\/index.php?rest_route=%2Fwp%2Fv2%2Fcategories&post=667560"},{"taxonomy":"post_tag","embeddable":true,"href":"https:\/\/www.diarioimagen.net\/index.php?rest_route=%2Fwp%2Fv2%2Ftags&post=667560"}],"curies":[{"name":"wp","href":"https:\/\/api.w.org\/{rel}","templated":true}]}}