{"id":667629,"date":"2025-05-16T00:00:56","date_gmt":"2025-05-16T06:00:56","guid":{"rendered":"https:\/\/www.diarioimagen.net\/?p=667629"},"modified":"2025-05-15T20:53:11","modified_gmt":"2025-05-16T02:53:11","slug":"sheinbaum-firma-convenio-para-aumentar-los-productos-hechos-en-mexico-en-tiendas","status":"publish","type":"post","link":"https:\/\/www.diarioimagen.net\/?p=667629","title":{"rendered":"Sheinbaum firma convenio  para aumentar los productos  Hechos en M\u00e9xico en tiendas"},"content":{"rendered":"<ul>\n<li><strong>Parte del Plan M\u00e9xico<\/strong><\/li>\n<li><strong>Entrar\u00e1 en funcionamiento en 90 d\u00edas y tendr\u00e1 una duraci\u00f3n de tres a\u00f1os<\/strong><\/li>\n<\/ul>\n<div id=\"attachment_667630\" style=\"width: 415px\" class=\"wp-caption alignnone\"><img loading=\"lazy\" decoding=\"async\" aria-describedby=\"caption-attachment-667630\" class=\"wp-image-667630 size-large\" src=\"https:\/\/www.diarioimagen.net\/wp-content\/uploads\/2025\/05\/MANANERA-ok-7-405x270.jpg\" alt=\"\" width=\"405\" height=\"270\" srcset=\"https:\/\/www.diarioimagen.net\/wp-content\/uploads\/2025\/05\/MANANERA-ok-7-405x270.jpg 405w, https:\/\/www.diarioimagen.net\/wp-content\/uploads\/2025\/05\/MANANERA-ok-7-240x160.jpg 240w, https:\/\/www.diarioimagen.net\/wp-content\/uploads\/2025\/05\/MANANERA-ok-7-768x512.jpg 768w, https:\/\/www.diarioimagen.net\/wp-content\/uploads\/2025\/05\/MANANERA-ok-7.jpg 1500w\" sizes=\"auto, (max-width: 405px) 100vw, 405px\" \/><p id=\"caption-attachment-667630\" class=\"wp-caption-text\">Claudia Sheinbaum Pardo inform\u00f3 que firm\u00f3, junto a 22 grupos empresariales el Acuerdo voluntario para el aumento de contenido nacional, que tiene como objetivo incrementar la comercializaci\u00f3n de los productos Hechos en M\u00e9xico en establecimientos.<\/p><\/div>\n<p><strong>\u00a0<\/strong><\/p>\n<p>&nbsp;<\/p>\n<p>La presidenta Claudia Sheinbaum Pardo inform\u00f3 que, como parte del Plan M\u00e9xico, firm\u00f3, junto a 22 grupos empresariales el Acuerdo voluntario para el aumento de contenido nacional, que tiene como objetivo incrementar la comercializaci\u00f3n de los productos Hechos en M\u00e9xico en tiendas de autoservicio, departamentales, farmacias, tiendas minoristas, as\u00ed como en plataformas de comercio digital.<\/p>\n<p>&nbsp;<\/p>\n<p>\u201cEs Plan M\u00e9xico: producir m\u00e1s en nuestro pa\u00eds, generar m\u00e1s empleos. Y este acuerdo fue muy importante, es un acuerdo voluntario, pero se le va a dar seguimiento, como muchos otros\u201d, coment\u00f3 en la conferencia matutina: \u201cLas ma\u00f1aneras del pueblo\u201d.<\/p>\n<p>&nbsp;<\/p>\n<p>Inform\u00f3 que, en d\u00edas pasados, tambi\u00e9n se realiz\u00f3 la firma para la ampliaci\u00f3n del Paquete Contra la Inflaci\u00f3n y la Carest\u00eda (PACIC), con tiendas de autoservicio y productores agropecuarios, para que los 24 productos de la canasta b\u00e1sica no suban de precio.<\/p>\n<p>&nbsp;<\/p>\n<p>\u201cEs parte de este acuerdo que estamos construyendo y que fortalece nuestra econom\u00eda\u201d, agreg\u00f3.<\/p>\n<p>&nbsp;<\/p>\n<p>El secretario de Econom\u00eda, Marcelo Ebrard Casaubon, puntualiz\u00f3 que el Acuerdo voluntario para el aumento de contenido nacional se implementar\u00e1 en los pr\u00f3ximos 90 d\u00edas y estar\u00e1 vigente durante los pr\u00f3ximos tres a\u00f1os, de 2025 a 2028.<\/p>\n<p>&nbsp;<\/p>\n<p>Agreg\u00f3 que se estima genere aproximadamente 400 mil empleos adicionales en el sector manufacturero e impulsar\u00e1 una mayor integraci\u00f3n de las peque\u00f1as y medianas empresas, ya que son quienes pueden producir, a corto plazo, la mayor\u00eda de los productos.<\/p>\n<p>&nbsp;<\/p>\n<p>Destac\u00f3 que, con este acuerdo, la presencia de productos Hechos en M\u00e9xico pasar\u00e1, en tiendas de autoservicio, del 50 al 70 por ciento; en tiendas departamentales, del 30 al 42 por ciento; en tiendas minoristas, del 50 al 70 por ciento; en farmacias del 40 al 55 por ciento; otros establecimientos del 20 al 28 por ciento, mientras que en plataformas digitales tendr\u00e1n una estrategia especial de promoci\u00f3n y comercializaci\u00f3n de productos nacionales y priorizar\u00e1 la visibilidad de los productos Hechos en M\u00e9xico.<\/p>\n<p>&nbsp;<\/p>\n<p>Inform\u00f3 que, a partir del 9 de junio, habr\u00e1 una campa\u00f1a con dos vertientes la del Gobierno de M\u00e9xico y la visi\u00f3n de los empresarios, lo cual estar\u00e1 coordinado por el Consejo Coordinador Empresarial (CCE), para que, con ello, se incentive la compra de los productos nacionales.<\/p>\n<p>&nbsp;<\/p>\n<p>Anunci\u00f3 que, como parte de esta estrategia, tambi\u00e9n se llev\u00f3 a cabo un encuentro con la industria textil con compradores y exportadores que venden en M\u00e9xico, cerrando operaci\u00f3n por 55 millones de d\u00f3lares (mdd).<\/p>\n<p>&nbsp;<\/p>\n<p>Las 22 agrupaciones, representan a 28 empresas, firmantes del Acuerdo Voluntario para el Aumento de Contenido Nacional:<\/p>\n<p>&nbsp;<\/p>\n<p>Bizzarro, \u2060Chedraui, \u2060Casa Ley, \u2060Coppel, \u2060HEB, The Home Depot, La Comer, Fresco, City Market, Liverpool, Suburbia, OfficeMax, S-Mart, Soriana, Tiendas Extra, C\u00edrculo K,\u2060 \u2060S\u00faper Kompras, Office Depot, Petco, Palacio de Hierro, Sears, Grupo Sanborns, Grupo Merza, Walmart, Oxxo M\u00e9xico, Mercado Libre, Amazon y 7- Eleven M\u00e9xico.<\/p>\n<p>&nbsp;<\/p>\n<p>&nbsp;<\/p>\n<p>&nbsp;<\/p>\n<h2><\/h2>\n<h2><strong>Anuncia CSP aumento a maestros de 9%<\/strong><\/h2>\n<p>&nbsp;<\/p>\n<p>&nbsp;<\/p>\n<p>En el marco del D\u00eda de la Maestra y el Maestro, la Presidenta Claudia Sheinbaum anunci\u00f3 un incremento salarial del 9 por ciento retroactivo al 1 de enero, adicional a ello se aumentar\u00e1 uno por ciento m\u00e1s a partir de septiembre de este a\u00f1o.<\/p>\n<p>&nbsp;<\/p>\n<p>\u201cEl aumento salarial. El planteamiento es el siguiente: en este momento, retroactivo al primero de enero, vamos a dar 9 por ciento de aumento salarial, global con un adicional, a partir de septiembre 1 por ciento m\u00e1s como reconocimiento a las maestras y los maestros. De verdad que ojal\u00e1 pudi\u00e9ramos dar m\u00e1s, significa un presupuesto anual adicional de 36 mil millones de pesos este aumento que estamos dando\u201d, inform\u00f3 desde el sal\u00f3n iberoamericano de la Secretar\u00eda de Educaci\u00f3n P\u00fablica (SEP).<\/p>\n<p>&nbsp;<\/p>\n<p>Adem\u00e1s, en reconocimiento a la labor de las y los docentes se incrementar\u00e1 una semana m\u00e1s de vacaciones. La Jefa del Ejecutivo Federal explic\u00f3 que luego de analizar los calendarios escolares de diferentes partes del mundo, concluy\u00f3, junto al secretario de Educaci\u00f3n P\u00fablica, Mario Delgado Carrillo, que es posible a\u00f1adir un descanso adicional, lo que tambi\u00e9n ser\u00e1 bueno para las ni\u00f1as y los ni\u00f1os<\/p>\n<p>&nbsp;<\/p>\n<p>\u201cLas maestras y los maestros casi no tienen vacaciones porque cambi\u00f3 el calendario escolar y normalmente acaban las clases y todav\u00eda se quedan, y antes de que inicie el calendario escolar, entran antes. Entonces le suger\u00ed al secretario de Educaci\u00f3n P\u00fablica y le pareci\u00f3 bien, adem\u00e1s hicimos un an\u00e1lisis de los calendarios escolares en todas partes del mundo, entonces les estamos dando una semana m\u00e1s de vacaciones a las maestras y los maestros como parte de su trabajo\u201d, agreg\u00f3.<\/p>\n<p>&nbsp;<\/p>\n<p>Anunci\u00f3 tambi\u00e9n que junto a las maestras y maestros se sustituir\u00e1 la Unidad del Sistema para la Carrera de las Maestras y Maestros (USICAMM), y mientras tanto, anunci\u00f3 la firma de un decreto para mejorar la movilidad de las maestras y los maestros en sus centros de trabajo para que se tome en cuenta el tiempo de servicio y sean las y los docentes de mayor antig\u00fcedad los que tengan preferencia para que est\u00e9n m\u00e1s cerca de sus familias.<\/p>\n<p>&nbsp;<\/p>\n<p>\u201cEl \u00fanico elemento que se tomar\u00e1 en cuenta es la antig\u00fcedad en el servicio, con lo cual se reconocer\u00e1 el tiempo y dedicaci\u00f3n de nuestras maestras y maestros a la educaci\u00f3n p\u00fablica de M\u00e9xico. Es un acto de justicia, quien tiene m\u00e1s a\u00f1os de servicio es quien tiene m\u00e1s derecho, adem\u00e1s lo que queremos es que est\u00e9n m\u00e1s cerca de sus familias\u201d, puntualiz\u00f3.<\/p>\n","protected":false},"excerpt":{"rendered":"<p>Parte del Plan M\u00e9xico Entrar\u00e1 en funcionamiento en 90 d\u00edas y tendr\u00e1 una duraci\u00f3n de tres a\u00f1os \u00a0 &nbsp; La presidenta Claudia Sheinbaum Pardo inform\u00f3 que, como parte del Plan M\u00e9xico, firm\u00f3, junto a 22 grupos empresariales el Acuerdo voluntario para el aumento de contenido nacional, que tiene como objetivo incrementar la comercializaci\u00f3n de los [&hellip;]<\/p>\n","protected":false},"author":14,"featured_media":667630,"comment_status":"open","ping_status":"open","sticky":false,"template":"","format":"standard","meta":{"_monsterinsights_skip_tracking":false,"_monsterinsights_sitenote_active":false,"_monsterinsights_sitenote_note":"","_monsterinsights_sitenote_category":0,"footnotes":""},"categories":[16,3],"tags":[],"class_list":["post-667629","post","type-post","status-publish","format-standard","has-post-thumbnail","hentry","category-destacadas","category-nacional"],"_links":{"self":[{"href":"https:\/\/www.diarioimagen.net\/index.php?rest_route=\/wp\/v2\/posts\/667629","targetHints":{"allow":["GET"]}}],"collection":[{"href":"https:\/\/www.diarioimagen.net\/index.php?rest_route=\/wp\/v2\/posts"}],"about":[{"href":"https:\/\/www.diarioimagen.net\/index.php?rest_route=\/wp\/v2\/types\/post"}],"author":[{"embeddable":true,"href":"https:\/\/www.diarioimagen.net\/index.php?rest_route=\/wp\/v2\/users\/14"}],"replies":[{"embeddable":true,"href":"https:\/\/www.diarioimagen.net\/index.php?rest_route=%2Fwp%2Fv2%2Fcomments&post=667629"}],"version-history":[{"count":1,"href":"https:\/\/www.diarioimagen.net\/index.php?rest_route=\/wp\/v2\/posts\/667629\/revisions"}],"predecessor-version":[{"id":667631,"href":"https:\/\/www.diarioimagen.net\/index.php?rest_route=\/wp\/v2\/posts\/667629\/revisions\/667631"}],"wp:featuredmedia":[{"embeddable":true,"href":"https:\/\/www.diarioimagen.net\/index.php?rest_route=\/wp\/v2\/media\/667630"}],"wp:attachment":[{"href":"https:\/\/www.diarioimagen.net\/index.php?rest_route=%2Fwp%2Fv2%2Fmedia&parent=667629"}],"wp:term":[{"taxonomy":"category","embeddable":true,"href":"https:\/\/www.diarioimagen.net\/index.php?rest_route=%2Fwp%2Fv2%2Fcategories&post=667629"},{"taxonomy":"post_tag","embeddable":true,"href":"https:\/\/www.diarioimagen.net\/index.php?rest_route=%2Fwp%2Fv2%2Ftags&post=667629"}],"curies":[{"name":"wp","href":"https:\/\/api.w.org\/{rel}","templated":true}]}}