{"id":667736,"date":"2025-05-19T00:00:57","date_gmt":"2025-05-19T06:00:57","guid":{"rendered":"https:\/\/www.diarioimagen.net\/?p=667736"},"modified":"2025-05-18T20:31:26","modified_gmt":"2025-05-19T02:31:26","slug":"impulsaremos-la-cultura-y-el-deporte-desde-el-senado-afirma-enrique-vargas-del-villar","status":"publish","type":"post","link":"https:\/\/www.diarioimagen.net\/?p=667736","title":{"rendered":"Impulsaremos la cultura y el deporte desde  el Senado, afirma Enrique Vargas del Villar"},"content":{"rendered":"<ul>\n<li><strong>Se fomentar\u00e1 la educaci\u00f3n f\u00edsica <\/strong><\/li>\n<\/ul>\n<div id=\"attachment_667735\" style=\"width: 270px\" class=\"wp-caption alignnone\"><img loading=\"lazy\" decoding=\"async\" aria-describedby=\"caption-attachment-667735\" class=\"wp-image-667735 size-large\" src=\"https:\/\/www.diarioimagen.net\/wp-content\/uploads\/2025\/05\/BAENA-1-ok-8-260x270.jpg\" alt=\"\" width=\"260\" height=\"270\" srcset=\"https:\/\/www.diarioimagen.net\/wp-content\/uploads\/2025\/05\/BAENA-1-ok-8-260x270.jpg 260w, https:\/\/www.diarioimagen.net\/wp-content\/uploads\/2025\/05\/BAENA-1-ok-8-231x240.jpg 231w, https:\/\/www.diarioimagen.net\/wp-content\/uploads\/2025\/05\/BAENA-1-ok-8-768x796.jpg 768w, https:\/\/www.diarioimagen.net\/wp-content\/uploads\/2025\/05\/BAENA-1-ok-8-1481x1536.jpg 1481w, https:\/\/www.diarioimagen.net\/wp-content\/uploads\/2025\/05\/BAENA-1-ok-8-1975x2048.jpg 1975w\" sizes=\"auto, (max-width: 260px) 100vw, 260px\" \/><p id=\"caption-attachment-667735\" class=\"wp-caption-text\">El senador Enrique Vargas del Villar afirm\u00f3 que desde la C\u00e1mara alta, el Partido Acci\u00f3n Nacional continuar\u00e1 promoviendo la cultura y el deporte a trav\u00e9s de la legislaci\u00f3n y otras iniciativas.<\/p><\/div>\n<p>&nbsp;<\/p>\n<p>Valle de M\u00e9xico.- Desde el Senado de la Rep\u00fablica, continuaremos promoviendo la cultura y el deporte a trav\u00e9s de la legislaci\u00f3n y otras iniciativas. Esto podr\u00eda incluir apoyar programas culturales, deportivos, recreativos y de alto rendimiento, as\u00ed como fomentar la educaci\u00f3n f\u00edsica y la participaci\u00f3n ciudadana en actividades deportivas y culturales.<\/p>\n<p>&nbsp;<\/p>\n<p>As\u00ed lo expres\u00f3 el senador por el Estado de M\u00e9xico, Enrique Vargas del Villar, luego de destacar que \u201cel Senado, como \u00f3rgano del Poder Legislativo, tiene la facultad de crear leyes y aprobar pol\u00edticas p\u00fablicas que impacten en el \u00e1mbito cultural y deportivo. La declaraci\u00f3n sugiere que el Senado tiene un compromiso continuo con estos sectores y que seguir\u00e1 trabajando para mejorar las condiciones y oportunidades para la cultura y el deporte en M\u00e9xico\u201d, dijo.<\/p>\n<p>&nbsp;<\/p>\n<p>Vargas del Villar reiter\u00f3 que el Senado podr\u00eda aprobar leyes que faciliten la construcci\u00f3n y mantenimiento de espacios culturales y deportivos, as\u00ed como la promoci\u00f3n de la cultura y el deporte en diferentes comunidades, obviamente incluido el Estado de M\u00e9xico.<\/p>\n<p>&nbsp;<\/p>\n<p>El panista destac\u00f3 que impulsar la inclusi\u00f3n de la educaci\u00f3n f\u00edsica en los programas escolares y fomentar la pr\u00e1ctica de deportes en todas las edades es una prioridad.<\/p>\n<p>&nbsp;<\/p>\n<p>El Senado insistir\u00e1 en aprobar leyes que apoyen a los deportistas de alto rendimiento y que fomenten la participaci\u00f3n de M\u00e9xico en eventos deportivos internacionales.<\/p>\n<p>&nbsp;<\/p>\n<p>Finalmente, Vargas del Villar remarc\u00f3 que \u201cel apoyo a las artes y a la cultura en general, podr\u00e1 crear programas y leyes que apoyen a artistas y creadores culturales, as\u00ed como a las instituciones culturales\u201d, concluy\u00f3.<\/p>\n<p><strong>\u00a0<\/strong><\/p>\n<p>&nbsp;<\/p>\n","protected":false},"excerpt":{"rendered":"<p>Se fomentar\u00e1 la educaci\u00f3n f\u00edsica &nbsp; Valle de M\u00e9xico.- Desde el Senado de la Rep\u00fablica, continuaremos promoviendo la cultura y el deporte a trav\u00e9s de la legislaci\u00f3n y otras iniciativas. Esto podr\u00eda incluir apoyar programas culturales, deportivos, recreativos y de alto rendimiento, as\u00ed como fomentar la educaci\u00f3n f\u00edsica y la participaci\u00f3n ciudadana en actividades deportivas [&hellip;]<\/p>\n","protected":false},"author":14,"featured_media":667735,"comment_status":"open","ping_status":"open","sticky":false,"template":"","format":"standard","meta":{"_monsterinsights_skip_tracking":false,"_monsterinsights_sitenote_active":false,"_monsterinsights_sitenote_note":"","_monsterinsights_sitenote_category":0,"footnotes":""},"categories":[5],"tags":[],"class_list":["post-667736","post","type-post","status-publish","format-standard","has-post-thumbnail","hentry","category-estado-de-mexico"],"_links":{"self":[{"href":"https:\/\/www.diarioimagen.net\/index.php?rest_route=\/wp\/v2\/posts\/667736","targetHints":{"allow":["GET"]}}],"collection":[{"href":"https:\/\/www.diarioimagen.net\/index.php?rest_route=\/wp\/v2\/posts"}],"about":[{"href":"https:\/\/www.diarioimagen.net\/index.php?rest_route=\/wp\/v2\/types\/post"}],"author":[{"embeddable":true,"href":"https:\/\/www.diarioimagen.net\/index.php?rest_route=\/wp\/v2\/users\/14"}],"replies":[{"embeddable":true,"href":"https:\/\/www.diarioimagen.net\/index.php?rest_route=%2Fwp%2Fv2%2Fcomments&post=667736"}],"version-history":[{"count":1,"href":"https:\/\/www.diarioimagen.net\/index.php?rest_route=\/wp\/v2\/posts\/667736\/revisions"}],"predecessor-version":[{"id":667737,"href":"https:\/\/www.diarioimagen.net\/index.php?rest_route=\/wp\/v2\/posts\/667736\/revisions\/667737"}],"wp:featuredmedia":[{"embeddable":true,"href":"https:\/\/www.diarioimagen.net\/index.php?rest_route=\/wp\/v2\/media\/667735"}],"wp:attachment":[{"href":"https:\/\/www.diarioimagen.net\/index.php?rest_route=%2Fwp%2Fv2%2Fmedia&parent=667736"}],"wp:term":[{"taxonomy":"category","embeddable":true,"href":"https:\/\/www.diarioimagen.net\/index.php?rest_route=%2Fwp%2Fv2%2Fcategories&post=667736"},{"taxonomy":"post_tag","embeddable":true,"href":"https:\/\/www.diarioimagen.net\/index.php?rest_route=%2Fwp%2Fv2%2Ftags&post=667736"}],"curies":[{"name":"wp","href":"https:\/\/api.w.org\/{rel}","templated":true}]}}