{"id":667738,"date":"2025-05-19T00:00:37","date_gmt":"2025-05-19T06:00:37","guid":{"rendered":"https:\/\/www.diarioimagen.net\/?p=667738"},"modified":"2025-05-18T20:32:59","modified_gmt":"2025-05-19T02:32:59","slug":"construiremos-un-nuevo-camino-para-mexico-afirma-cristina-ruiz","status":"publish","type":"post","link":"https:\/\/www.diarioimagen.net\/?p=667738","title":{"rendered":"Construiremos un nuevo camino  para M\u00e9xico, afirma Cristina Ruiz"},"content":{"rendered":"<ul>\n<li><strong>Llamado a cerrar filas en Edomex<\/strong><\/li>\n<\/ul>\n<div id=\"attachment_667739\" style=\"width: 470px\" class=\"wp-caption alignnone\"><img loading=\"lazy\" decoding=\"async\" aria-describedby=\"caption-attachment-667739\" class=\"wp-image-667739 size-large\" src=\"https:\/\/www.diarioimagen.net\/wp-content\/uploads\/2025\/05\/BAENA-2-ok-10-460x249.jpg\" alt=\"\" width=\"460\" height=\"249\" srcset=\"https:\/\/www.diarioimagen.net\/wp-content\/uploads\/2025\/05\/BAENA-2-ok-10-460x249.jpg 460w, https:\/\/www.diarioimagen.net\/wp-content\/uploads\/2025\/05\/BAENA-2-ok-10-240x130.jpg 240w, https:\/\/www.diarioimagen.net\/wp-content\/uploads\/2025\/05\/BAENA-2-ok-10-768x416.jpg 768w, https:\/\/www.diarioimagen.net\/wp-content\/uploads\/2025\/05\/BAENA-2-ok-10.jpg 1500w\" sizes=\"auto, (max-width: 460px) 100vw, 460px\" \/><p id=\"caption-attachment-667739\" class=\"wp-caption-text\">La dirigente del PRI en Edomex, Cristina Ruiz Sandoval, asegur\u00f3 que su partido dar\u00e1 la batalla en las elecciones del a\u00f1o 2027, con el fin de cambiar la ruta del pa\u00eds.<\/p><\/div>\n<p>Cuautitl\u00e1n Izcalli, M\u00e9x.- M\u00e9xico nos necesita y en el priismo mexiquense cerramos filas para dar la batalla en las elecciones del 2027, con el fin de decidir un cambio en la ruta del pa\u00eds que lo lleve a un verdadero desarrollo y un mejor futuro, dej\u00f3 en claro la senadora Cristina Ruiz Sandoval, Presidenta del Comit\u00e9 Directivo Estatal (CDE) del PRI en el Estado de M\u00e9xico.<\/p>\n<p>&nbsp;<\/p>\n<p>Al sostener una reuni\u00f3n con liderazgos del municipio de Cuautitl\u00e1n, la dirigente partidista manifest\u00f3 que hoy m\u00e1s que nunca el PRI est\u00e1 obligado a defender la democracia y las instituciones que buscan desaparecer desde el r\u00e9gimen oficialista y autoritario, \u201ctenemos que defender a las nuevas generaciones retomando el ejercicio de gobierno en todos los niveles y eso lo vamos a lograr unidos\u201d.<\/p>\n<p>&nbsp;<\/p>\n<p>Acompa\u00f1ada de la Secretaria General, Brenda Alvarado S\u00e1nchez, y la Secretaria de Operaci\u00f3n Pol\u00edtica, Angelina Carre\u00f1o Mijares, la Senadora dijo que la militancia priista se mantiene firme y comprometida para recorrer todo el Estado de M\u00e9xico con la idea de visitar a todas aquellas personas que han librado batallas para que nuestro partido tenga presencia en los municipios y sea opci\u00f3n verdadera de cambio.<\/p>\n<p>&nbsp;<\/p>\n<p>\u201cSomos dirigencias de territorio y no de escritorio, somos una familia que se mantiene unida para construir las mejores candidaturas y que da la pelea todos los d\u00edas desde diferentes posiciones para denunciar lo mal que est\u00e1n gobernando desde el movimiento de la destrucci\u00f3n nacional, los priistas vamos a escribir una nueva historia para el pa\u00eds, un nuevo camino para M\u00e9xico\u201d, enfatiz\u00f3.<\/p>\n<p>&nbsp;<\/p>\n<p>Luego de escuchar a los l\u00edderes pol\u00edticos de la regi\u00f3n, resalt\u00f3 que el PRI es un partido con ra\u00edces muy profundas que gobierna con la gente; \u201ctodo lo est\u00e1n destruyendo desde el oficialismo,pero no nos paralizamos frente a la dictadora que pretenden imponer y la gente reconoce que los gobiernos emanados de nuestro partido son los mejores, el PRI sabe ganar, se levantar\u00e1 y volver\u00e1 a gobernar\u201d.<\/p>\n<p>&nbsp;<\/p>\n<p>\u201cSe equivocan quienes creen que el PRI no es opci\u00f3n, por el contrario tiene mucho que darle a M\u00e9xico, el pueblo tiene memoria y sabe que un priista ayud\u00f3 a hacer las calles y por ello estamos obligados a salir con sus liderazgos en cada uno de los municipios para ser la alternativa real para darle un mejor destino a nuestro pa\u00eds\u201d, acot\u00f3.<\/p>\n<p>&nbsp;<\/p>\n","protected":false},"excerpt":{"rendered":"<p>Llamado a cerrar filas en Edomex Cuautitl\u00e1n Izcalli, M\u00e9x.- M\u00e9xico nos necesita y en el priismo mexiquense cerramos filas para dar la batalla en las elecciones del 2027, con el fin de decidir un cambio en la ruta del pa\u00eds que lo lleve a un verdadero desarrollo y un mejor futuro, dej\u00f3 en claro la [&hellip;]<\/p>\n","protected":false},"author":14,"featured_media":667739,"comment_status":"open","ping_status":"open","sticky":false,"template":"","format":"standard","meta":{"_monsterinsights_skip_tracking":false,"_monsterinsights_sitenote_active":false,"_monsterinsights_sitenote_note":"","_monsterinsights_sitenote_category":0,"footnotes":""},"categories":[5],"tags":[],"class_list":["post-667738","post","type-post","status-publish","format-standard","has-post-thumbnail","hentry","category-estado-de-mexico"],"_links":{"self":[{"href":"https:\/\/www.diarioimagen.net\/index.php?rest_route=\/wp\/v2\/posts\/667738","targetHints":{"allow":["GET"]}}],"collection":[{"href":"https:\/\/www.diarioimagen.net\/index.php?rest_route=\/wp\/v2\/posts"}],"about":[{"href":"https:\/\/www.diarioimagen.net\/index.php?rest_route=\/wp\/v2\/types\/post"}],"author":[{"embeddable":true,"href":"https:\/\/www.diarioimagen.net\/index.php?rest_route=\/wp\/v2\/users\/14"}],"replies":[{"embeddable":true,"href":"https:\/\/www.diarioimagen.net\/index.php?rest_route=%2Fwp%2Fv2%2Fcomments&post=667738"}],"version-history":[{"count":1,"href":"https:\/\/www.diarioimagen.net\/index.php?rest_route=\/wp\/v2\/posts\/667738\/revisions"}],"predecessor-version":[{"id":667740,"href":"https:\/\/www.diarioimagen.net\/index.php?rest_route=\/wp\/v2\/posts\/667738\/revisions\/667740"}],"wp:featuredmedia":[{"embeddable":true,"href":"https:\/\/www.diarioimagen.net\/index.php?rest_route=\/wp\/v2\/media\/667739"}],"wp:attachment":[{"href":"https:\/\/www.diarioimagen.net\/index.php?rest_route=%2Fwp%2Fv2%2Fmedia&parent=667738"}],"wp:term":[{"taxonomy":"category","embeddable":true,"href":"https:\/\/www.diarioimagen.net\/index.php?rest_route=%2Fwp%2Fv2%2Fcategories&post=667738"},{"taxonomy":"post_tag","embeddable":true,"href":"https:\/\/www.diarioimagen.net\/index.php?rest_route=%2Fwp%2Fv2%2Ftags&post=667738"}],"curies":[{"name":"wp","href":"https:\/\/api.w.org\/{rel}","templated":true}]}}