{"id":667744,"date":"2025-05-19T00:00:07","date_gmt":"2025-05-19T06:00:07","guid":{"rendered":"https:\/\/www.diarioimagen.net\/?p=667744"},"modified":"2025-05-18T20:34:53","modified_gmt":"2025-05-19T02:34:53","slug":"tlalnepantla-referente-de-gobiernos-morenistas-hernandez-bermudez","status":"publish","type":"post","link":"https:\/\/www.diarioimagen.net\/?p=667744","title":{"rendered":"Tlalnepantla, referente de gobiernos morenistas: Hern\u00e1ndez Berm\u00fadez"},"content":{"rendered":"<p><img loading=\"lazy\" decoding=\"async\" class=\"alignnone wp-image-667745 size-large\" src=\"https:\/\/www.diarioimagen.net\/wp-content\/uploads\/2025\/05\/BAENA-4-ok-11-411x270.jpg\" alt=\"\" width=\"411\" height=\"270\" srcset=\"https:\/\/www.diarioimagen.net\/wp-content\/uploads\/2025\/05\/BAENA-4-ok-11-411x270.jpg 411w, https:\/\/www.diarioimagen.net\/wp-content\/uploads\/2025\/05\/BAENA-4-ok-11-240x158.jpg 240w, https:\/\/www.diarioimagen.net\/wp-content\/uploads\/2025\/05\/BAENA-4-ok-11-768x504.jpg 768w, https:\/\/www.diarioimagen.net\/wp-content\/uploads\/2025\/05\/BAENA-4-ok-11.jpg 1500w\" sizes=\"auto, (max-width: 411px) 100vw, 411px\" \/><\/p>\n<p>&nbsp;<\/p>\n<p>Tlalnepantla, M\u00e9x- \u201cEl trabajo y compromiso del presidente municipal\u00a0 Raciel P\u00e9rez Cruz con el pueblo sienta un precedente de c\u00f3mo gobierna Morena y eso nos permite tener la confianza de la ciudadan\u00eda y la aceptaci\u00f3n que ahora ha colocado, de manera hist\u00f3rica, a la maestra Delfina G\u00f3mez, en los primeros lugares a nivel nacional\u201d. Lo anterior lo asegur\u00f3 Luz Mar\u00eda\u00a0 Hern\u00e1ndez Berm\u00fadez, presidenta del Comit\u00e9 Ejecutivo Estatal de Morena, luego de afirmar que \u201csiguiendo con el ejemplo de nuestra gobernadora Delfina G\u00f3mez, diariamente recorremos el territorio estatal para conocer de primera mano las necesidades de nuestro pueblo\u201d, dijo. Afirm\u00f3 que Tlalnepantla es un referente de lo que esperamos de los gobiernos emanados, no solo de Morena, sino del Movimiento en el cual est\u00e1n inmersos otros partidos y todos juntos, en unidad y respeto trabajamos para hacer de este segundo piso una realidad en crecimiento y modernidad de los municipios mexiquenses. reiter\u00f3.<\/p>\n<p>&nbsp;<\/p>\n<p>&nbsp;<\/p>\n<p>&nbsp;<\/p>\n<p>\u00abHoy por hoy, podemos decir que tenemos mucha gobernadora para seguir adelante y casos como el del presidente Raciel P\u00e9rez nos ense\u00f1an que con el cumplimiento de nuestro pensamiento ideol\u00f3gico y el apoyo del pueblo podremos vencer las adversidades que se presentan\u00bb, se\u00f1al\u00f3 LuzMa<\/p>\n","protected":false},"excerpt":{"rendered":"<p>&nbsp; Tlalnepantla, M\u00e9x- \u201cEl trabajo y compromiso del presidente municipal\u00a0 Raciel P\u00e9rez Cruz con el pueblo sienta un precedente de c\u00f3mo gobierna Morena y eso nos permite tener la confianza de la ciudadan\u00eda y la aceptaci\u00f3n que ahora ha colocado, de manera hist\u00f3rica, a la maestra Delfina G\u00f3mez, en los primeros lugares a nivel nacional\u201d. [&hellip;]<\/p>\n","protected":false},"author":14,"featured_media":667745,"comment_status":"open","ping_status":"open","sticky":false,"template":"","format":"standard","meta":{"_monsterinsights_skip_tracking":false,"_monsterinsights_sitenote_active":false,"_monsterinsights_sitenote_note":"","_monsterinsights_sitenote_category":0,"footnotes":""},"categories":[5],"tags":[],"class_list":["post-667744","post","type-post","status-publish","format-standard","has-post-thumbnail","hentry","category-estado-de-mexico"],"_links":{"self":[{"href":"https:\/\/www.diarioimagen.net\/index.php?rest_route=\/wp\/v2\/posts\/667744","targetHints":{"allow":["GET"]}}],"collection":[{"href":"https:\/\/www.diarioimagen.net\/index.php?rest_route=\/wp\/v2\/posts"}],"about":[{"href":"https:\/\/www.diarioimagen.net\/index.php?rest_route=\/wp\/v2\/types\/post"}],"author":[{"embeddable":true,"href":"https:\/\/www.diarioimagen.net\/index.php?rest_route=\/wp\/v2\/users\/14"}],"replies":[{"embeddable":true,"href":"https:\/\/www.diarioimagen.net\/index.php?rest_route=%2Fwp%2Fv2%2Fcomments&post=667744"}],"version-history":[{"count":1,"href":"https:\/\/www.diarioimagen.net\/index.php?rest_route=\/wp\/v2\/posts\/667744\/revisions"}],"predecessor-version":[{"id":667746,"href":"https:\/\/www.diarioimagen.net\/index.php?rest_route=\/wp\/v2\/posts\/667744\/revisions\/667746"}],"wp:featuredmedia":[{"embeddable":true,"href":"https:\/\/www.diarioimagen.net\/index.php?rest_route=\/wp\/v2\/media\/667745"}],"wp:attachment":[{"href":"https:\/\/www.diarioimagen.net\/index.php?rest_route=%2Fwp%2Fv2%2Fmedia&parent=667744"}],"wp:term":[{"taxonomy":"category","embeddable":true,"href":"https:\/\/www.diarioimagen.net\/index.php?rest_route=%2Fwp%2Fv2%2Fcategories&post=667744"},{"taxonomy":"post_tag","embeddable":true,"href":"https:\/\/www.diarioimagen.net\/index.php?rest_route=%2Fwp%2Fv2%2Ftags&post=667744"}],"curies":[{"name":"wp","href":"https:\/\/api.w.org\/{rel}","templated":true}]}}