{"id":667789,"date":"2025-05-19T00:00:04","date_gmt":"2025-05-19T06:00:04","guid":{"rendered":"https:\/\/www.diarioimagen.net\/?p=667789"},"modified":"2025-05-18T20:43:04","modified_gmt":"2025-05-19T02:43:04","slug":"avanza-colaboracion-para-implementar-el-programa-de-vivienda-para-el-bienestar","status":"publish","type":"post","link":"https:\/\/www.diarioimagen.net\/?p=667789","title":{"rendered":"Avanza colaboraci\u00f3n para implementar  el Programa de Vivienda para el Bienestar"},"content":{"rendered":"<ul>\n<li><strong>Entre gobiernos federal y de Edomex<\/strong><\/li>\n<li><strong>Refuerzan estrategia para garantizar la construcci\u00f3n de 36 mil viviendas por parte de la Comisi\u00f3n Nacional de Vivienda\u00a0 <\/strong><\/li>\n<\/ul>\n<p>&nbsp;<\/p>\n<div id=\"attachment_667790\" style=\"width: 416px\" class=\"wp-caption alignnone\"><img loading=\"lazy\" decoding=\"async\" aria-describedby=\"caption-attachment-667790\" class=\"wp-image-667790 size-large\" src=\"https:\/\/www.diarioimagen.net\/wp-content\/uploads\/2025\/05\/EDOMEX-1-ok-8-406x270.jpg\" alt=\"\" width=\"406\" height=\"270\" srcset=\"https:\/\/www.diarioimagen.net\/wp-content\/uploads\/2025\/05\/EDOMEX-1-ok-8-406x270.jpg 406w, https:\/\/www.diarioimagen.net\/wp-content\/uploads\/2025\/05\/EDOMEX-1-ok-8-240x160.jpg 240w, https:\/\/www.diarioimagen.net\/wp-content\/uploads\/2025\/05\/EDOMEX-1-ok-8-768x510.jpg 768w, https:\/\/www.diarioimagen.net\/wp-content\/uploads\/2025\/05\/EDOMEX-1-ok-8.jpg 1500w\" sizes=\"auto, (max-width: 406px) 100vw, 406px\" \/><p id=\"caption-attachment-667790\" class=\"wp-caption-text\">Las Secretar\u00edas de Desarrollo Agrario, Territorial y Urbano del Gobierno de M\u00e9xico y de Desarrollo Urbano e Infraestructura del Estado de M\u00e9xico realizaron una mesa de trabajo para garantizar la construcci\u00f3n de 36 mil inmuebles.<\/p><\/div>\n<p>Metepec, Estado de M\u00e9xico.- Con el prop\u00f3sito de consolidar el acceso a una vivienda adecuada a los mexiquenses, las Secretar\u00edas de Desarrollo Agrario, Territorial y Urbano (Sedatu) del Gobierno de M\u00e9xico y de Desarrollo Urbano e Infraestructura (Sedui) del Estado de M\u00e9xico, realizaron una mesa de trabajo para garantizar la construcci\u00f3n de 36 mil inmuebles a trav\u00e9s del Programa de Vivienda para el Bienestar, por parte de la Comisi\u00f3n Nacional de Vivienda (Conavi).<\/p>\n<p>En total, con este programa, se pretenden construir 71 mil viviendas en el Estado de M\u00e9xico: 35 mil a cargo del Instituto del Fondo Nacional de Vivienda para los Trabajadores (Infonavit) y 36 mil por parte de la Conavi.<\/p>\n<p>En esta reuni\u00f3n, Axay\u00e1catl Emiliano Ram\u00edrez Ch\u00e1vez, Delegado de la Sedatu en el Estado de M\u00e9xico y Carlos Maza Lara, Titular de la Sedui, acordaron mantener una estrecha colaboraci\u00f3n y di\u00e1logo permanente entre todas las instancias gubernamentales y los presidentes municipales que se han sumado a esta estrategia con el objetivo que la Conavi pueda construir las casas en entornos urbanos \u00f3ptimos.<\/p>\n<p>Nicol\u00e1s Mart\u00ednez Romero, Presidente Municipal de Atlacomulco, present\u00f3 la propuesta de un predio para detonar la construcci\u00f3n de viviendas en esta demarcaci\u00f3n.<\/p>\n<p>Este encuentro subraya el compromiso conjunto de los tres \u00f3rdenes de gobierno para establecer una ruta que garantice condiciones urbanas \u00f3ptimas, generando bienestar y una mejor calidad de vida para las familias mexiquenses m\u00e1s necesitadas, e impulsando as\u00ed la construcci\u00f3n de comunidades inclusivas y con futuro.<\/p>\n<p>Para fortalecer la colaboraci\u00f3n, asistieron tambi\u00e9n servidores p\u00fablicos de la Sedui, as\u00ed como del Instituto Mexiquense de la Vivienda Social (Imevis) y de la Comisi\u00f3n de Impacto Estatal (Coime).<\/p>\n<p>Acudieron a esta reuni\u00f3n Tania Libertad Argumedo Ch\u00e1vez y Martha Jarqu\u00edn S\u00e1nchez, coordinadoras regionales de la Comisi\u00f3n Nacional de Vivienda (Conavi) en la Ciudad de M\u00e9xico y Estado de M\u00e9xico, respectivamente.<\/p>\n<p><strong>\u00a0<\/strong><\/p>\n<p>&nbsp;<\/p>\n","protected":false},"excerpt":{"rendered":"<p>Entre gobiernos federal y de Edomex Refuerzan estrategia para garantizar la construcci\u00f3n de 36 mil viviendas por parte de la Comisi\u00f3n Nacional de Vivienda\u00a0 &nbsp; Metepec, Estado de M\u00e9xico.- Con el prop\u00f3sito de consolidar el acceso a una vivienda adecuada a los mexiquenses, las Secretar\u00edas de Desarrollo Agrario, Territorial y Urbano (Sedatu) del Gobierno de [&hellip;]<\/p>\n","protected":false},"author":14,"featured_media":667790,"comment_status":"open","ping_status":"open","sticky":false,"template":"","format":"standard","meta":{"_monsterinsights_skip_tracking":false,"_monsterinsights_sitenote_active":false,"_monsterinsights_sitenote_note":"","_monsterinsights_sitenote_category":0,"footnotes":""},"categories":[5],"tags":[],"class_list":["post-667789","post","type-post","status-publish","format-standard","has-post-thumbnail","hentry","category-estado-de-mexico"],"_links":{"self":[{"href":"https:\/\/www.diarioimagen.net\/index.php?rest_route=\/wp\/v2\/posts\/667789","targetHints":{"allow":["GET"]}}],"collection":[{"href":"https:\/\/www.diarioimagen.net\/index.php?rest_route=\/wp\/v2\/posts"}],"about":[{"href":"https:\/\/www.diarioimagen.net\/index.php?rest_route=\/wp\/v2\/types\/post"}],"author":[{"embeddable":true,"href":"https:\/\/www.diarioimagen.net\/index.php?rest_route=\/wp\/v2\/users\/14"}],"replies":[{"embeddable":true,"href":"https:\/\/www.diarioimagen.net\/index.php?rest_route=%2Fwp%2Fv2%2Fcomments&post=667789"}],"version-history":[{"count":1,"href":"https:\/\/www.diarioimagen.net\/index.php?rest_route=\/wp\/v2\/posts\/667789\/revisions"}],"predecessor-version":[{"id":667791,"href":"https:\/\/www.diarioimagen.net\/index.php?rest_route=\/wp\/v2\/posts\/667789\/revisions\/667791"}],"wp:featuredmedia":[{"embeddable":true,"href":"https:\/\/www.diarioimagen.net\/index.php?rest_route=\/wp\/v2\/media\/667790"}],"wp:attachment":[{"href":"https:\/\/www.diarioimagen.net\/index.php?rest_route=%2Fwp%2Fv2%2Fmedia&parent=667789"}],"wp:term":[{"taxonomy":"category","embeddable":true,"href":"https:\/\/www.diarioimagen.net\/index.php?rest_route=%2Fwp%2Fv2%2Fcategories&post=667789"},{"taxonomy":"post_tag","embeddable":true,"href":"https:\/\/www.diarioimagen.net\/index.php?rest_route=%2Fwp%2Fv2%2Ftags&post=667789"}],"curies":[{"name":"wp","href":"https:\/\/api.w.org\/{rel}","templated":true}]}}