{"id":667792,"date":"2025-05-19T00:00:15","date_gmt":"2025-05-19T06:00:15","guid":{"rendered":"https:\/\/www.diarioimagen.net\/?p=667792"},"modified":"2025-05-18T20:44:12","modified_gmt":"2025-05-19T02:44:12","slug":"estudiantes-mexiquenses-dan-mantenimiento-a-5-mil-escuelas","status":"publish","type":"post","link":"https:\/\/www.diarioimagen.net\/?p=667792","title":{"rendered":"Estudiantes mexiquenses dan mantenimiento a 5 mil escuelas"},"content":{"rendered":"<p><strong>\u00a0<\/strong><\/p>\n<ul>\n<li><strong>Jornada Nacional de Tequios por la Paz y contra las Adicciones<\/strong><\/li>\n<\/ul>\n<div id=\"attachment_667793\" style=\"width: 415px\" class=\"wp-caption alignnone\"><img loading=\"lazy\" decoding=\"async\" aria-describedby=\"caption-attachment-667793\" class=\"wp-image-667793 size-large\" src=\"https:\/\/www.diarioimagen.net\/wp-content\/uploads\/2025\/05\/EDOMEX-2-ok-8-405x270.jpg\" alt=\"\" width=\"405\" height=\"270\" srcset=\"https:\/\/www.diarioimagen.net\/wp-content\/uploads\/2025\/05\/EDOMEX-2-ok-8-405x270.jpg 405w, https:\/\/www.diarioimagen.net\/wp-content\/uploads\/2025\/05\/EDOMEX-2-ok-8-240x160.jpg 240w, https:\/\/www.diarioimagen.net\/wp-content\/uploads\/2025\/05\/EDOMEX-2-ok-8-768x511.jpg 768w, https:\/\/www.diarioimagen.net\/wp-content\/uploads\/2025\/05\/EDOMEX-2-ok-8.jpg 1500w\" sizes=\"auto, (max-width: 405px) 100vw, 405px\" \/><p id=\"caption-attachment-667793\" class=\"wp-caption-text\">Alumnos de m\u00e1s de 5 mil planteles educativos del Estado de M\u00e9xico se unieron a la Primera Jornada Nacional de Tequios por la Paz y contra las Adicciones.<\/p><\/div>\n<p><strong>\u00a0<\/strong><\/p>\n<p>Toluca, Estado de M\u00e9xico.\u2013 Estudiantes, docentes y madres y padres de familia de m\u00e1s de 5 mil planteles educativos del Estado de M\u00e9xico se unieron a la Primera Jornada Nacional de Tequios por la Paz y contra las Adicciones, impulsada por el gobierno de M\u00e9xico, en la que se realizaron jornadas comunitarias con el objetivo de fomentar entornos escolares seguros y promover estilos de vida saludables.<\/p>\n<p>\u201cLa gobernadora Delfina G\u00f3mez \u00c1lvarez ha instruido que esta jornada sea parte de una pol\u00edtica educativa humanista que pone en el centro a las juventudes como protagonistas del cambio. Es la parte que queremos rescatar: darles a estos j\u00f3venes esta costumbre de los tequios, la responsabilidad que tienen con su entorno\u201d, destac\u00f3 Miguel \u00c1ngel Hern\u00e1ndez Espejel, Secretario de Educaci\u00f3n, Ciencia, Tecnolog\u00eda e Innovaci\u00f3n durante la inauguraci\u00f3n de esta jornada en el Centro de Bachillerato Tecnol\u00f3gico (CBT) No. 1 Emiliano Zapata.<\/p>\n<p>&nbsp;<\/p>\n<p>En este CBT participaron m\u00e1s de 500 personas en actividades como limpieza de canchas, encalado de \u00e1rboles, recolecci\u00f3n de basura, rehabilitaci\u00f3n de guarniciones, pintura de \u00e1reas comunes y mantenimiento general del plantel y su deportivo.<\/p>\n<p>La jornada, que se realiz\u00f3 simult\u00e1neamente en planteles de educaci\u00f3n secundaria, media superior y superior, forma parte de la Estrategia Nacional por la Paz y contra las Adicciones; fue convocada por el Instituto Mexicano de la Juventud (Imjuve), en coordinaci\u00f3n con autoridades educativas, gobiernos estatales y municipales, comunidades escolares y actores sociales.<\/p>\n<p>Al sumarse a esta iniciativa, el gobierno del Estado de M\u00e9xico reafirma el compromiso de la Maestra Delfina G\u00f3mez \u00c1lvarez con una educaci\u00f3n transformadora, incluyente y con sentido comunitario, alineada a los principios de la Nueva Escuela Mexicana, que impulsa la participaci\u00f3n, la conciencia social, la justicia educativa y el desarrollo integral del estudiantado.<\/p>\n<p>&nbsp;<\/p>\n<p>&nbsp;<\/p>\n","protected":false},"excerpt":{"rendered":"<p>\u00a0 Jornada Nacional de Tequios por la Paz y contra las Adicciones \u00a0 Toluca, Estado de M\u00e9xico.\u2013 Estudiantes, docentes y madres y padres de familia de m\u00e1s de 5 mil planteles educativos del Estado de M\u00e9xico se unieron a la Primera Jornada Nacional de Tequios por la Paz y contra las Adicciones, impulsada por el [&hellip;]<\/p>\n","protected":false},"author":14,"featured_media":667793,"comment_status":"open","ping_status":"open","sticky":false,"template":"","format":"standard","meta":{"_monsterinsights_skip_tracking":false,"_monsterinsights_sitenote_active":false,"_monsterinsights_sitenote_note":"","_monsterinsights_sitenote_category":0,"footnotes":""},"categories":[5],"tags":[],"class_list":["post-667792","post","type-post","status-publish","format-standard","has-post-thumbnail","hentry","category-estado-de-mexico"],"_links":{"self":[{"href":"https:\/\/www.diarioimagen.net\/index.php?rest_route=\/wp\/v2\/posts\/667792","targetHints":{"allow":["GET"]}}],"collection":[{"href":"https:\/\/www.diarioimagen.net\/index.php?rest_route=\/wp\/v2\/posts"}],"about":[{"href":"https:\/\/www.diarioimagen.net\/index.php?rest_route=\/wp\/v2\/types\/post"}],"author":[{"embeddable":true,"href":"https:\/\/www.diarioimagen.net\/index.php?rest_route=\/wp\/v2\/users\/14"}],"replies":[{"embeddable":true,"href":"https:\/\/www.diarioimagen.net\/index.php?rest_route=%2Fwp%2Fv2%2Fcomments&post=667792"}],"version-history":[{"count":1,"href":"https:\/\/www.diarioimagen.net\/index.php?rest_route=\/wp\/v2\/posts\/667792\/revisions"}],"predecessor-version":[{"id":667794,"href":"https:\/\/www.diarioimagen.net\/index.php?rest_route=\/wp\/v2\/posts\/667792\/revisions\/667794"}],"wp:featuredmedia":[{"embeddable":true,"href":"https:\/\/www.diarioimagen.net\/index.php?rest_route=\/wp\/v2\/media\/667793"}],"wp:attachment":[{"href":"https:\/\/www.diarioimagen.net\/index.php?rest_route=%2Fwp%2Fv2%2Fmedia&parent=667792"}],"wp:term":[{"taxonomy":"category","embeddable":true,"href":"https:\/\/www.diarioimagen.net\/index.php?rest_route=%2Fwp%2Fv2%2Fcategories&post=667792"},{"taxonomy":"post_tag","embeddable":true,"href":"https:\/\/www.diarioimagen.net\/index.php?rest_route=%2Fwp%2Fv2%2Ftags&post=667792"}],"curies":[{"name":"wp","href":"https:\/\/api.w.org\/{rel}","templated":true}]}}