{"id":667825,"date":"2025-05-19T00:00:20","date_gmt":"2025-05-19T06:00:20","guid":{"rendered":"https:\/\/www.diarioimagen.net\/?p=667825"},"modified":"2025-05-18T21:03:34","modified_gmt":"2025-05-19T03:03:34","slug":"avanza-uaemex-en-el-dialogo-con-el-movimiento-estudiantil-organizado","status":"publish","type":"post","link":"https:\/\/www.diarioimagen.net\/?p=667825","title":{"rendered":"\u00a0  Avanza UAEM\u00e9x en el di\u00e1logo con  el movimiento estudiantil organizado  \u00a0"},"content":{"rendered":"<ul>\n<li><strong>Levantan el paro varias facultades <\/strong><\/li>\n<li><strong>&#8211; Rogel Fajardo escuch\u00f3 a estudiantes de Ciencias, Ciencias Agr\u00edcolas y Medicina Veterinaria y Zootecnia del Campus El Cerrillo, as\u00ed como a la comunidad de la Facultad de Turismo y Gastronom\u00eda campus El Rosedal<\/strong><\/li>\n<\/ul>\n<p><img loading=\"lazy\" decoding=\"async\" class=\"alignnone wp-image-667826 size-large\" src=\"https:\/\/www.diarioimagen.net\/wp-content\/uploads\/2025\/05\/UAEM-1-2-405x270.jpg\" alt=\"\" width=\"405\" height=\"270\" srcset=\"https:\/\/www.diarioimagen.net\/wp-content\/uploads\/2025\/05\/UAEM-1-2-405x270.jpg 405w, https:\/\/www.diarioimagen.net\/wp-content\/uploads\/2025\/05\/UAEM-1-2-240x160.jpg 240w, https:\/\/www.diarioimagen.net\/wp-content\/uploads\/2025\/05\/UAEM-1-2-768x512.jpg 768w, https:\/\/www.diarioimagen.net\/wp-content\/uploads\/2025\/05\/UAEM-1-2.jpg 1333w\" sizes=\"auto, (max-width: 405px) 100vw, 405px\" \/><\/p>\n<p>Toluca, M\u00e9x.- El encargado del Despacho de la Rector\u00eda de la Universidad Aut\u00f3noma del Estado de M\u00e9xico (UAEM\u00e9x), Isidro Rogel Fajardo, entabl\u00f3 di\u00e1logo con la comunidad estudiantil de los Campus El Cerrillo y El Rosedal.<\/p>\n<p>En un entorno colaborativo y respetuoso, Rogel Fajardo escuch\u00f3 al estudiantado de las facultades de Ciencias, Ciencias Agr\u00edcolas y Medicina Veterinaria y Zootecnia del Campus El Cerrillo, as\u00ed como a la comunidad de la Facultad de Turismo y Gastronom\u00eda campus El Rosedal, con el prop\u00f3sito de atender las demandas estudiantiles para llegar a acuerdos en beneficio de la comunidad de la M\u00e1xima Casa de Estudios mexiquense.<\/p>\n<p>El servidor universitario reconoci\u00f3 el compromiso que tiene con la comunidad verde y oro para dar seguimiento a los pliegos petitorios de cada espacio universitario, los cuales se atender\u00e1n a trav\u00e9s de la escucha activa y estableciendo un di\u00e1logo abierto, colaborativo y respetuoso.<\/p>\n<p>Rogel Fajardo reiter\u00f3 su disposici\u00f3n para atender las demandas del movimiento universitario y manifest\u00f3 su respeto y no criminalizaci\u00f3n hacia el estudiantado. Asimismo, reiter\u00f3 su llamado a toda la comunidad universitaria a mantener la unidad y fortalecer a esta casa de estudios.<\/p>\n","protected":false},"excerpt":{"rendered":"<p>Levantan el paro varias facultades &#8211; Rogel Fajardo escuch\u00f3 a estudiantes de Ciencias, Ciencias Agr\u00edcolas y Medicina Veterinaria y Zootecnia del Campus El Cerrillo, as\u00ed como a la comunidad de la Facultad de Turismo y Gastronom\u00eda campus El Rosedal Toluca, M\u00e9x.- El encargado del Despacho de la Rector\u00eda de la Universidad Aut\u00f3noma del Estado de [&hellip;]<\/p>\n","protected":false},"author":14,"featured_media":667826,"comment_status":"open","ping_status":"open","sticky":false,"template":"","format":"standard","meta":{"_monsterinsights_skip_tracking":false,"_monsterinsights_sitenote_active":false,"_monsterinsights_sitenote_note":"","_monsterinsights_sitenote_category":0,"footnotes":""},"categories":[16,5],"tags":[],"class_list":["post-667825","post","type-post","status-publish","format-standard","has-post-thumbnail","hentry","category-destacadas","category-estado-de-mexico"],"_links":{"self":[{"href":"https:\/\/www.diarioimagen.net\/index.php?rest_route=\/wp\/v2\/posts\/667825","targetHints":{"allow":["GET"]}}],"collection":[{"href":"https:\/\/www.diarioimagen.net\/index.php?rest_route=\/wp\/v2\/posts"}],"about":[{"href":"https:\/\/www.diarioimagen.net\/index.php?rest_route=\/wp\/v2\/types\/post"}],"author":[{"embeddable":true,"href":"https:\/\/www.diarioimagen.net\/index.php?rest_route=\/wp\/v2\/users\/14"}],"replies":[{"embeddable":true,"href":"https:\/\/www.diarioimagen.net\/index.php?rest_route=%2Fwp%2Fv2%2Fcomments&post=667825"}],"version-history":[{"count":1,"href":"https:\/\/www.diarioimagen.net\/index.php?rest_route=\/wp\/v2\/posts\/667825\/revisions"}],"predecessor-version":[{"id":667827,"href":"https:\/\/www.diarioimagen.net\/index.php?rest_route=\/wp\/v2\/posts\/667825\/revisions\/667827"}],"wp:featuredmedia":[{"embeddable":true,"href":"https:\/\/www.diarioimagen.net\/index.php?rest_route=\/wp\/v2\/media\/667826"}],"wp:attachment":[{"href":"https:\/\/www.diarioimagen.net\/index.php?rest_route=%2Fwp%2Fv2%2Fmedia&parent=667825"}],"wp:term":[{"taxonomy":"category","embeddable":true,"href":"https:\/\/www.diarioimagen.net\/index.php?rest_route=%2Fwp%2Fv2%2Fcategories&post=667825"},{"taxonomy":"post_tag","embeddable":true,"href":"https:\/\/www.diarioimagen.net\/index.php?rest_route=%2Fwp%2Fv2%2Ftags&post=667825"}],"curies":[{"name":"wp","href":"https:\/\/api.w.org\/{rel}","templated":true}]}}