{"id":667831,"date":"2025-05-19T00:00:44","date_gmt":"2025-05-19T06:00:44","guid":{"rendered":"https:\/\/www.diarioimagen.net\/?p=667831"},"modified":"2025-05-18T21:06:28","modified_gmt":"2025-05-19T03:06:28","slug":"hoy-el-primer-encuentro","status":"publish","type":"post","link":"https:\/\/www.diarioimagen.net\/?p=667831","title":{"rendered":"\u00a0Hoy, el primer encuentro"},"content":{"rendered":"<p>&nbsp;<\/p>\n<p>&nbsp;<\/p>\n<p>&nbsp;<\/p>\n<p>&nbsp;<\/p>\n<p>&nbsp;<\/p>\n<p><strong>TRAS LA PUERTA DEL PODER<\/strong> Roberto Vizca\u00edno<\/p>\n<p>&nbsp;<\/p>\n<p>&nbsp;<\/p>\n<p>El nuevo embajador de EU en M\u00e9xico,<strong>\u00a0Ronald D. Johnson<\/strong>\u00a0-ex coronel del ej\u00e9rcito estadounidense, ex oficial de las fuerzas especiales y de la CIA, ex embajador de EU en El Salvador- entrega hoy en Palacio sus cartas credenciales a la presidenta\u00a0<strong>Claudia Sheinbaum<\/strong>.<\/p>\n<p>Apenas tendr\u00e1n no m\u00e1s de 5 minutos para su primera conversaci\u00f3n cara a cara.<\/p>\n<p>El singular embajador llega en medio de una de las mayores presiones y asedio que ha vivido desde Washington gobierno mexicano alguno.<\/p>\n<p>El mismo, en los previos de su ratificaci\u00f3n por el Congreso norteamericano, dijo que buscar\u00eda trabajar en coordinaci\u00f3n con el gobierno mexicano, pero no descart\u00f3 una posible intervenci\u00f3n militar directa desde EU en M\u00e9xico contra c\u00e1rteles de la droga.<\/p>\n<p>\u00ab\u2026 todas las cartas est\u00e1n sobre la mesa\u00bb, subray\u00f3.<\/p>\n<p>En su instrucci\u00f3n, por parte del presidente\u00a0<strong>Donald Trump,<\/strong>\u00a0el mandatario le pidi\u00f3 centrarse en combatir a los c\u00e1rteles mexicanos hasta su exterminio.<\/p>\n<p>Su perfil indica que\u00a0<strong>Johnson<\/strong>\u00a0sirvi\u00f3 durante m\u00e1s de 10 a\u00f1os como\u00a0<em>boina verde<\/em>\u00a0en las fuerzas especiales anti-guerrilla en Panam\u00e1 antes de la invasi\u00f3n en 1989 para la captura de\u00a0<strong>Juan Antonio Noriega<\/strong>.<\/p>\n<p>Estuvo en la guerra civil de El Salvador en la d\u00e9cada de 1990 y de ah\u00ed fue a monitorear la guerra en los Balcanes.<\/p>\n<p>El embajador\u00a0<strong>Johnson<\/strong>, habla espa\u00f1ol con fluidez, y ha realizado igualmente operaciones en M\u00e9xico por las cuales tuvo fricciones con el ex presidente <strong>Andr\u00e9s Manuel L\u00f3pez Obrador<\/strong>.<\/p>\n<p>Apenas la semana anterior, la presidenta\u00a0<strong>Sheinbaum<\/strong>\u00a0indic\u00f3 en una de sus ma\u00f1aneras que las agencias de EU mantienen un clima de inconformidad con su gobierno porque les ha impedido actuar libremente por M\u00e9xico como acostumbraban antes de la llegada al poder de la 4T.<\/p>\n<p>Sin embargo, la mandataria revel\u00f3 que el operativo que fue boletinado por la embajada de EU en M\u00e9xico y que fue publicitado en su primera plana por el diario <em>La Jornada<\/em>, en que aparece un grupo de supuestos agentes estadounidenses con equipos t\u00e1cticos, fue cierto para el desmantelamiento de 3 narcolaboratorios en Sinaloa, pero que en ese evento no participaron agentes de EU, s\u00f3lo mexicanos.<\/p>\n<p>La ubicaci\u00f3n de esos narcolaboratorios desmantelados fueron reportados por el gobierno de EU, acept\u00f3 la presidenta\u00a0<strong>Sheinbaum, al reconocer que con frecuencia las agencias estadounidenses informan al gobierno mexicano y a la Fiscal\u00eda General de la Rep\u00fablica la localizaci\u00f3n de instalaciones del narco<\/strong>.<\/p>\n<p>&nbsp;<\/p>\n<p><strong>Tim Golden dice que Trump viene por pol\u00edticos corruptos<\/strong><\/p>\n<p><strong>\u00a0<\/strong><\/p>\n<p><strong>\u00a0<\/strong><\/p>\n<p>El prestigioso periodista, premio Pulitzer, ex corresponsal de <em>The New York Times <\/em>en M\u00e9xico, dice haber sido informado desde la Casa Blanca de la existencia de un grupo de an\u00e1lisis en la oficina de al lado del presidente\u00a0<strong>Donald Trump<\/strong>\u00a0que ya cuenta con una lista inicial de altos funcionarios mexicanos aliados al narco y probadamente corruptos.<\/p>\n<p>En cualquier momento se les retirar\u00e1 sus visas y se les congelar\u00e1n cuentas o bienes localizados en EU.<\/p>\n<p><strong>Golden<\/strong>, que es muy maltratado por la administraci\u00f3n\u00a0<strong>Sheinbaum<\/strong>, public\u00f3 en el portal ProPublica con gran influencia y credibilidad en los c\u00edrculos del poder, el legislativo, la inteligencia y el dinero en EU afirma que la lista incluye lo mismo gobernadores y gobernadoras, otros muchos funcionarios y l\u00edderes de su partido Morena.<\/p>\n<p>ProPublica es un medio independiente y sin \u00e1nimo de lucro que produce periodismo de investigaci\u00f3n en pro del inter\u00e9s p\u00fablico con importantes nexos con el Congreso y la Casa Blanca.<\/p>\n<p>&nbsp;<\/p>\n<p><strong>Noro\u00f1a rega\u00f1a al vocero Arturo \u00c1vila<\/strong><\/p>\n<p><strong>\u00a0<\/strong><\/p>\n<p>Provocador,\u00a0<strong>Gerardo Fern\u00e1ndez Noro\u00f1a<\/strong>\u00a0se le fue encima al vocero de los diputados de Morena,\u00a0<strong>Arturo \u00c1vila,<\/strong>\u00a0a quien culp\u00f3 de la divisi\u00f3n que existe en la bancada del oficialismo en el Congreso de Aguascalientes.<\/p>\n<p>De paso por ese estado, el presidente del Senado dijo: \u201cEs una verg\u00fcenza que la fracci\u00f3n del partido est\u00e9 dividida en el Congreso local. Es un p\u00e9simo ejemplo. No podemos predicar cosas a nivel nacional y hacer otras en los estados&#8230; Llamo a la unidad\u201d, subray\u00f3.<\/p>\n<p>En sus redes sociales, el diputado envi\u00f3 el siguiente mensaje a Noro\u00f1a:<\/p>\n<p>\u201cEscuch\u00e9 con atenci\u00f3n los comentarios que @fernandeznorona realiz\u00f3 en Aguascalientes sobre mi persona. Al respecto y como atenci\u00f3n a los medios que me han buscado, me reservo cualquier comentario; la unidad se construye con prudencia y sin protagonismos. Nuestra Presidenta\u00a0<strong>Claudia Sheinbaum<\/strong>\u00a0y el Consejo Nacional de Morena han sido muy claros en el comportamiento que debemos tener quienes militamos en Morena\u201d.<\/p>\n<p>Hay tiro en puerta.<\/p>\n<p>&nbsp;<\/p>\n<p><strong><em>\u00a0<\/em><\/strong><\/p>\n<p><strong>Un buen gobierno, afirman, requiere de la sociedad organizada<\/strong><\/p>\n<p><strong>\u00a0<\/strong><\/p>\n<p><strong><em>\u00a0<\/em><\/strong><\/p>\n<p>Diversos representantes de Grupo Cedros, Comit\u00e9 de Defensa Popular del Valle de M\u00e9xico, Frente Popular Democr\u00e1tico, Coordinadora Democr\u00e1tica de la Ciudad de M\u00e9xico, Asamblea de Barrios de la Ciudad de M\u00e9xico 4T, UNOS-IF, CCAT. UCAI. Unidad Patri\u00f3tica, Colectivo Axolotl, Bloque Merced, Patria Para Todos Ac, presentaron durante el fin de la semana el siguiente pronunciamiento:<\/p>\n<p>\u201cEs inocultable que Organizaciones del Movimiento Urbano Popular (COMUP) han participado en las conquistas ciudadanas en materia de derechos pol\u00edticos, sociales, sexuales, educativos, culturales e identitarios en el pa\u00eds y en la Ciudad de M\u00e9xico.<\/p>\n<p>\u201cAhora, a estas organizaciones les corresponde orientar y darle puerto a las demandas sociales que est\u00e1n en nuestros tiempos. La participaci\u00f3n pol\u00edtica de los movimientos sociales ha aumentado en los \u00faltimos a\u00f1os y ya no es posible explicar la pol\u00edtica en M\u00e9xico sin el importante papel que nos toca representar.<\/p>\n<p>\u201cLa reserva moral de la actual transformaci\u00f3n del pa\u00eds, sin duda, se encuentra en las organizaciones sociales. La conquista del derecho universal a la cultura, a la educaci\u00f3n, al trabajo, a la vivienda, a la identidad y a la pertenencia; requiere de manera inevitable una organizaci\u00f3n pol\u00edtica y social capaz de representar aut\u00e9nticamente a los intereses colectivos antes que los de grupo\u201d.<\/p>\n<p>&nbsp;<\/p>\n<p>\/ Twitter: @_Vizcaino \/ Facebook<\/p>\n<p>\/\u00a0<a href=\"https:\/\/www.facebook.com\/rvizcainoa\">https:\/\/www.facebook.com\/rvizcainoa<\/a><\/p>\n","protected":false},"excerpt":{"rendered":"<p>&nbsp; &nbsp; &nbsp; &nbsp; &nbsp; TRAS LA PUERTA DEL PODER Roberto Vizca\u00edno &nbsp; &nbsp; El nuevo embajador de EU en M\u00e9xico,\u00a0Ronald D. Johnson\u00a0-ex coronel del ej\u00e9rcito estadounidense, ex oficial de las fuerzas especiales y de la CIA, ex embajador de EU en El Salvador- entrega hoy en Palacio sus cartas credenciales a la presidenta\u00a0Claudia Sheinbaum. [&hellip;]<\/p>\n","protected":false},"author":14,"featured_media":0,"comment_status":"open","ping_status":"open","sticky":false,"template":"","format":"standard","meta":{"_monsterinsights_skip_tracking":false,"_monsterinsights_sitenote_active":false,"_monsterinsights_sitenote_note":"","_monsterinsights_sitenote_category":0,"footnotes":""},"categories":[4,136],"tags":[],"class_list":["post-667831","post","type-post","status-publish","format-standard","hentry","category-opinion","category-roberto-vizcaino-opinion"],"_links":{"self":[{"href":"https:\/\/www.diarioimagen.net\/index.php?rest_route=\/wp\/v2\/posts\/667831","targetHints":{"allow":["GET"]}}],"collection":[{"href":"https:\/\/www.diarioimagen.net\/index.php?rest_route=\/wp\/v2\/posts"}],"about":[{"href":"https:\/\/www.diarioimagen.net\/index.php?rest_route=\/wp\/v2\/types\/post"}],"author":[{"embeddable":true,"href":"https:\/\/www.diarioimagen.net\/index.php?rest_route=\/wp\/v2\/users\/14"}],"replies":[{"embeddable":true,"href":"https:\/\/www.diarioimagen.net\/index.php?rest_route=%2Fwp%2Fv2%2Fcomments&post=667831"}],"version-history":[{"count":1,"href":"https:\/\/www.diarioimagen.net\/index.php?rest_route=\/wp\/v2\/posts\/667831\/revisions"}],"predecessor-version":[{"id":667832,"href":"https:\/\/www.diarioimagen.net\/index.php?rest_route=\/wp\/v2\/posts\/667831\/revisions\/667832"}],"wp:attachment":[{"href":"https:\/\/www.diarioimagen.net\/index.php?rest_route=%2Fwp%2Fv2%2Fmedia&parent=667831"}],"wp:term":[{"taxonomy":"category","embeddable":true,"href":"https:\/\/www.diarioimagen.net\/index.php?rest_route=%2Fwp%2Fv2%2Fcategories&post=667831"},{"taxonomy":"post_tag","embeddable":true,"href":"https:\/\/www.diarioimagen.net\/index.php?rest_route=%2Fwp%2Fv2%2Ftags&post=667831"}],"curies":[{"name":"wp","href":"https:\/\/api.w.org\/{rel}","templated":true}]}}