{"id":667903,"date":"2025-05-20T00:00:32","date_gmt":"2025-05-20T06:00:32","guid":{"rendered":"https:\/\/www.diarioimagen.net\/?p=667903"},"modified":"2025-05-19T21:04:40","modified_gmt":"2025-05-20T03:04:40","slug":"hoy-es-tiempo-de-empoderar-a-la-ninez-dice-tomas-palomares-lider-del-suteym-naucalpan","status":"publish","type":"post","link":"https:\/\/www.diarioimagen.net\/?p=667903","title":{"rendered":"Hoy es tiempo de empoderar a la ni\u00f1ez, dice  Tom\u00e1s Palomares, l\u00edder del SUTEyM-Naucalpan"},"content":{"rendered":"<ul>\n<li><strong>\u201cSon el futuro que necesita el pa\u00eds\u201d<\/strong><\/li>\n<\/ul>\n<p><strong>\u00a0<\/strong><\/p>\n<div id=\"attachment_667904\" style=\"width: 422px\" class=\"wp-caption alignnone\"><img loading=\"lazy\" decoding=\"async\" aria-describedby=\"caption-attachment-667904\" class=\"wp-image-667904 size-large\" src=\"https:\/\/www.diarioimagen.net\/wp-content\/uploads\/2025\/05\/BAENA1-ok-3-412x270.jpg\" alt=\"\" width=\"412\" height=\"270\" srcset=\"https:\/\/www.diarioimagen.net\/wp-content\/uploads\/2025\/05\/BAENA1-ok-3-412x270.jpg 412w, https:\/\/www.diarioimagen.net\/wp-content\/uploads\/2025\/05\/BAENA1-ok-3-240x157.jpg 240w, https:\/\/www.diarioimagen.net\/wp-content\/uploads\/2025\/05\/BAENA1-ok-3-768x504.jpg 768w, https:\/\/www.diarioimagen.net\/wp-content\/uploads\/2025\/05\/BAENA1-ok-3.jpg 1500w\" sizes=\"auto, (max-width: 412px) 100vw, 412px\" \/><p id=\"caption-attachment-667904\" class=\"wp-caption-text\">El dirigente del SUTEyM secci\u00f3n Naucalpan, Tom\u00e1s Palomares Parra, encabez\u00f3 el festej\u00f3 a los hijos de agremiados a este sindicato, en el marco del \u201cD\u00eda del Ni\u00f1o\u201d.<\/p><\/div>\n<p>Por Arturo Baena<\/p>\n<p>&nbsp;<\/p>\n<p>Naucalpan, M\u00e9x.- \u201cSiempre lo hemos dicho y lo reiteramos: el bienestar y futuro de la ni\u00f1ez, es una de\u00a0 nuestras\u00a0 principales prioridades. Los hijos de nuestros compa\u00f1eros suteymistas son el futuro que necesita este pa\u00eds. Hoy es el tiempo de empoderar a la ni\u00f1ez\u201d.<\/p>\n<p>&nbsp;<\/p>\n<p>As\u00ed lo expres\u00f3 el dirigente del SUTEyM secci\u00f3n Naucalpan, Tom\u00e1s Palomares Parra, al encabezar el festej\u00f3 a los hijos de agremiados a este sindicato, en el marco del \u00abD\u00eda del Ni\u00f1o\u00bb.<\/p>\n<p>&nbsp;<\/p>\n<p>Acompa\u00f1ado de su planilla, de David y Juanita Parra S\u00e1nchez, as\u00ed como de Erick Palomares, el dirigente sindical, dijo que una de las celebraciones m\u00e1s importantes para el SUTEyM, es \u00e9sta, en donde no s\u00f3lo los m\u00e1s peque\u00f1os tienen oportunidad de divertirse, sino tambi\u00e9n sus familias, pues en esta ocasi\u00f3n hubo un sin f\u00edn de actividades, como\u00a0 juegos, atracciones mec\u00e1nicas, payasos, golosinas, refrescos y varias sorpresas.<\/p>\n<p>&nbsp;<\/p>\n<p>En el evento, realizado en el Parque Naucalli, se realiz\u00f3 la entrega de bicicletas y juguetes a cada uno de los menores, todos hijos de los agremiados a ese importante sindicato. Ah\u00ed. Palomares Parra,\u00a0 agradeci\u00f3 al alcalde Isaac Montoya y a la directora del Parque Naucalli, Elexis Santos, las atenciones para realizar el festejo a los peque\u00f1os.<\/p>\n<p>&nbsp;<\/p>\n<p>En su mensaje, Tom\u00e1s Palomares agradeci\u00f3 el apoyo de sus compa\u00f1eros por hacer posible que los ni\u00f1os y sus familias puedan disfrutar de estas prerrogativas y logros sindicales, pues gracias al buen trabajo del sindicato, y del maestro Herminio Cahue Calder\u00f3n, se realiz\u00f3 un evento de tal magnitud.<\/p>\n<p>&nbsp;<\/p>\n<p>&nbsp;<\/p>\n<p>&nbsp;<\/p>\n<p>&nbsp;<\/p>\n","protected":false},"excerpt":{"rendered":"<p>\u201cSon el futuro que necesita el pa\u00eds\u201d \u00a0 Por Arturo Baena &nbsp; Naucalpan, M\u00e9x.- \u201cSiempre lo hemos dicho y lo reiteramos: el bienestar y futuro de la ni\u00f1ez, es una de\u00a0 nuestras\u00a0 principales prioridades. Los hijos de nuestros compa\u00f1eros suteymistas son el futuro que necesita este pa\u00eds. Hoy es el tiempo de empoderar a la [&hellip;]<\/p>\n","protected":false},"author":14,"featured_media":667904,"comment_status":"open","ping_status":"open","sticky":false,"template":"","format":"standard","meta":{"_monsterinsights_skip_tracking":false,"_monsterinsights_sitenote_active":false,"_monsterinsights_sitenote_note":"","_monsterinsights_sitenote_category":0,"footnotes":""},"categories":[5],"tags":[],"class_list":["post-667903","post","type-post","status-publish","format-standard","has-post-thumbnail","hentry","category-estado-de-mexico"],"_links":{"self":[{"href":"https:\/\/www.diarioimagen.net\/index.php?rest_route=\/wp\/v2\/posts\/667903","targetHints":{"allow":["GET"]}}],"collection":[{"href":"https:\/\/www.diarioimagen.net\/index.php?rest_route=\/wp\/v2\/posts"}],"about":[{"href":"https:\/\/www.diarioimagen.net\/index.php?rest_route=\/wp\/v2\/types\/post"}],"author":[{"embeddable":true,"href":"https:\/\/www.diarioimagen.net\/index.php?rest_route=\/wp\/v2\/users\/14"}],"replies":[{"embeddable":true,"href":"https:\/\/www.diarioimagen.net\/index.php?rest_route=%2Fwp%2Fv2%2Fcomments&post=667903"}],"version-history":[{"count":1,"href":"https:\/\/www.diarioimagen.net\/index.php?rest_route=\/wp\/v2\/posts\/667903\/revisions"}],"predecessor-version":[{"id":667905,"href":"https:\/\/www.diarioimagen.net\/index.php?rest_route=\/wp\/v2\/posts\/667903\/revisions\/667905"}],"wp:featuredmedia":[{"embeddable":true,"href":"https:\/\/www.diarioimagen.net\/index.php?rest_route=\/wp\/v2\/media\/667904"}],"wp:attachment":[{"href":"https:\/\/www.diarioimagen.net\/index.php?rest_route=%2Fwp%2Fv2%2Fmedia&parent=667903"}],"wp:term":[{"taxonomy":"category","embeddable":true,"href":"https:\/\/www.diarioimagen.net\/index.php?rest_route=%2Fwp%2Fv2%2Fcategories&post=667903"},{"taxonomy":"post_tag","embeddable":true,"href":"https:\/\/www.diarioimagen.net\/index.php?rest_route=%2Fwp%2Fv2%2Ftags&post=667903"}],"curies":[{"name":"wp","href":"https:\/\/api.w.org\/{rel}","templated":true}]}}