{"id":667915,"date":"2025-05-20T00:00:25","date_gmt":"2025-05-20T06:00:25","guid":{"rendered":"https:\/\/www.diarioimagen.net\/?p=667915"},"modified":"2025-05-19T21:15:54","modified_gmt":"2025-05-20T03:15:54","slug":"todos-los-partidos-quieren-colgarse-la-medalla-de-reducir-jornada-a-40-horas","status":"publish","type":"post","link":"https:\/\/www.diarioimagen.net\/?p=667915","title":{"rendered":"Todos los partidos quieren \u201ccolgarse  la medalla\u201d de reducir jornada a 40 horas"},"content":{"rendered":"<p><strong>CLASE POLITICA <\/strong>Miguel \u00c1ngel Rivera<\/p>\n<p><strong>\u00a0<\/strong><\/p>\n<p>&nbsp;<\/p>\n<p>&nbsp;<\/p>\n<p>Al decir de los dirigentes y figuras destacadas de todos los grupos parlamentarios representados en la C\u00e1mara de Diputados, todo est\u00e1 listo para dar cumplimiento a una vieja demanda del movimiento obrero nacional: Reducir la jornada laboral a 40 horas por semana, es decir, hacer obligatoria en todo el pa\u00eds la llamada \u201csemana inglesa\u201d.<\/p>\n<p>Sin embargo, no se puede dar por seguro que esa reforma constitucional -se tendr\u00eda que cambiar el art\u00edculo 123 constitucional y otras normas como la Ley Federal del Trabajo- entre en vigor de inmediato, pues todav\u00eda hay resistencias en algunos sectores de nuestra sociedad e inclusive en el gobierno federal, sobre todo por los pron\u00f3sticos\u00a0poco halag\u00fce\u00f1os acerca de la evoluci\u00f3n de la econom\u00eda nacional durante el presente a\u00f1o y en los subsiguientes.<\/p>\n<p>Entre otros puntos de vista, debe considerarse de manera destacada la opini\u00f3n de la presidenta (con A) Claudia Sheinbaum Pardo.<\/p>\n<p>El pasado 1 de mayo, \u201cD\u00eda del Trabajo\u201d, la mandataria expres\u00f3:<\/p>\n<p>En el marco de la conmemoraci\u00f3n del D\u00eda del Trabajo, la presidenta Claudia Sheinbaum Pardo inform\u00f3 que se abrir\u00edan mesas de trabajo para que, por consenso, con las y los trabajadores, con el sector empresarial y los sindicatos, se implemente, de manera gradual, la semana laboral de 40 horas.<\/p>\n<p>\u201cTodas estas grandes reformas que se han hecho en M\u00e9xico han sido por consenso, de los empleadores, los trabajadores y sus representaciones y queremos que esta tambi\u00e9n sea una reforma por consenso. Por eso, el d\u00eda de hoy lo que abrimos son las mesas de trabajo para que nos sentemos con empresarios, los representantes sindicales, las y los trabajadores para ver c\u00f3mo vamos a conseguir esa jornada laboral\u201d.<\/p>\n<p>Al respecto, en la misma ceremonia, el secretario del Trabajo, Marath Bola\u00f1os, resalt\u00f3 que, por instrucci\u00f3n de la Presidenta de M\u00e9xico la dependencia a su cargo inici\u00f3 la instauraci\u00f3n paulatina y gradual de la semana laboral de 40 horas.<\/p>\n<p>\u201cReduciremos de manera gradual la semana laboral hasta llegar a m\u00e1s tardar en enero del a\u00f1o 2030 a un total de 40 horas semanales. Atendemos as\u00ed, a una demanda hist\u00f3rica del pueblo de M\u00e9xico\u201d, agreg\u00f3.<\/p>\n<p>Como se aprecia, en el m\u00e1s alto nivel del gobierno nacional, no hay una decisi\u00f3n, ni mucho menos una instrucci\u00f3n firme, para que sus legisladores procedan a la reforma. Como lo han demostrado en otros temas, tienen la mayor\u00eda calificada en las dos c\u00e1maras del Congreso de la Uni\u00f3n para introducir las modificaciones que les plazca, pero hasta ahora no en firme, pues como lo indic\u00f3 el titular del Trabajo, a lo m\u00e1s que se hab\u00eda llegado era a la resoluci\u00f3n de reducir la jornada laboral \u201cde manera gradual\u201d.<\/p>\n<p>Pero, en este caso, el oficialismo no tiene necesidad de hacer funcionar su aplanadora, pues todas las dem\u00e1s fracciones parlamentarias est\u00e1n de acuerdo en aprobar la reducci\u00f3n de la jornada laboral. \u00bfQui\u00e9n se atrever\u00eda a echarse encima la enemistad de toda la clase trabajadora con una votaci\u00f3n contra la reforma para hacer obligatorio el asueto, pagado, durante dos d\u00edas a la semana?<\/p>\n<p>Lo que s\u00ed, los legisladores y funcionarios p\u00fablicos tienen que respetar los plazos legislativos.<\/p>\n<p>Actualmente, el Congreso de la Uni\u00f3n est\u00e1 en receso y volver\u00e1 a trabajar en pleno a partir del 1 de septiembre venidero. Con esto se respetar\u00edan los plazos fijados por Bola\u00f1os, quien en la mencionada ceremonia por el \u201cD\u00eda del Trabajo\u201d dijo que los foros para conocer las opiniones de todos los interesados, trabajadores, empresarios, y acad\u00e9micos se realizar\u00edan a partir del 2 de junio, un d\u00eda despu\u00e9s de las desangeladas elecciones del Poder Judicial, hasta el 7 de julio, para dar tiempo para que se preparen las iniciativas de reformas a tiempo para entregarlas al arrancar el siguiente periodo ordinario de sesiones en las c\u00e1maras de Senadores y Diputados.<\/p>\n<p>En contra de ese bien planeado proceso, la realidad pol\u00edtica parece imponerse, pues sin necesidad de esos anunciados foros, los legisladores federales se presentan listos para aprobar la reducci\u00f3n de la jornada laboral lo antes posible, inclusive se habla de la posibilidad de convocar a un periodo extraordinario del Congreso de la Uni\u00f3n.<\/p>\n<p>&nbsp;<\/p>\n<p><strong>Todos quieren \u201ccolgarse la medalla\u201d de ser los promotores del cambio<\/strong><\/p>\n<p>&nbsp;<\/p>\n<p>Por ejemplo, el coordinador de la mayor\u00eda de Morena y presidente de la Junta de Coordinaci\u00f3n Pol\u00edtica (Jucopo) de la C\u00e1mara de Diputados, el zacatecano Ricardo Monreal \u00c1vila, inform\u00f3 ayer que \u201cvamos a ver con la Presidenta de la Rep\u00fablica la propuesta que tiene para ir gradualmente y con consensos con los grupos empresariales, con los grupos econ\u00f3micos, con los empleadores\u201d, en lo relativo a la reforma para reducir la jornada laboral de 40 horas.<\/p>\n<p>De acuerdo con nota informativa aparecida en la p\u00e1gina oficial de su C\u00e1mara, Monreal precis\u00f3: \u201cNo vamos a actuar de manera precipitada en ninguna acci\u00f3n, y vamos a tratar de plasmar en la Constituci\u00f3n y en la ley las exigencias de los trabajadores y tambi\u00e9n el punto de vista de otros sectores que tambi\u00e9n deben de ser escuchados.<\/p>\n<p>Aprovech\u00f3 para presumir: \u201cTodo lo que hemos avanzado en materia de salario m\u00ednimo, aumentos, todo lo que ha habido de conquistas laborales ha sido a partir de que lleg\u00f3 la Cuarta Transformaci\u00f3n a gobernar en el 2018. A partir de ah\u00ed han mejorado las conquistas de los trabajadores, y \u00e9sta tampoco ser\u00e1 la excepci\u00f3n\u201d.<\/p>\n<p>La coordinadora del Grupo Parlamentario de MC, la ex gobernadora de Yucat\u00e1n, Ivonne Ortega Pacheco, afirm\u00f3 que urge aprobar la iniciativa para reducir la jornada laboral, y as\u00ed alcanzar la gradualidad que concluir\u00eda en 2030, por lo cual anunci\u00f3 que solicitar\u00e1 formalmente a la Comisi\u00f3n Permanente que, en periodo extraordinario, se vote de inmediato.<\/p>\n<p>Ortega record\u00f3 que Movimiento Ciudadano ha impulsado permanentemente el tema, tanto en la Legislatura pasada como en la actual.<\/p>\n<p>\u201cNosotros les estamos pidiendo que convoc\u00e1ramos a un periodo extraordinario con un s\u00f3lo punto: aprobar las 40 horas. Si tuvieran voluntad pol\u00edtica la sacamos en dos segundos, como lo hicieron con la reforma judicial y con todas las reformas que han hecho, que ha mandado la presidenta, argument\u00f3 Ortega Pacheco.<\/p>\n<p>El coordinador de los diputados federales del PRI, el ex gobernador de Coahuila\u00a0 Rub\u00e9n Moreira Valdez\u00a0 se\u00f1al\u00f3 que la aprobaci\u00f3n del dictamen para reducir la jornada laboral de 48 a 40 horas, as\u00ed como la declaratoria de constitucionalidad de la reforma al salario profesional para profesores, polic\u00edas, enfermeras, soldados y m\u00e9dicos, podr\u00edan abordarse durante un pr\u00f3ximo periodo extraordinario planeado para realizarse la primera quincena de junio.<\/p>\n<p>\u201cSe va a abrir un (periodo extraordinario) para los caprichos de Morena, pues ah\u00ed mismo metamos lo de las 40 horas, y que se haga la declaratoria de constitucionalidad\u201d, indic\u00f3 en declaraciones a representantes de medios de comunicaci\u00f3n.<\/p>\n<p>El coordinador priista record\u00f3 que la propuesta sobre la jornada laboral fue dictaminada desde la Legislatura anterior con consenso amplio, al que se sumaron el PRI y MC, pero actualmente est\u00e1 detenida en la Mesa Directiva de la C\u00e1mara de Diputados.<\/p>\n<p>Asimismo, se\u00f1al\u00f3 que el presidente de directiva del Senado, Gerardo Fern\u00e1ndez Noro\u00f1a (PT) mantiene \u201cen un caj\u00f3n y bajo siete llaves\u201d la declaratoria de constitucionalidad de la reforma al salario profesional para profesores, polic\u00edas, enfermeras, soldados y m\u00e9dicos, a pesar de que ya fue aprobada por el Congreso y las legislaturas estatales.<\/p>\n<p>\u201c\u00bfPor qu\u00e9 no se hace la declaratoria? Hemos tenido declaratorias que en dos d\u00edas salen. Es muy sospechoso que Morena est\u00e9 frenando este beneficio a tantos profesionales de estas ramas\u201d, cuestion\u00f3.<\/p>\n<p>En tanto, el pasado d\u00eda 12 del presente mes, el Consejo Coordinador Empresarial record\u00f3:<\/p>\n<p>\u201cAnteriormente, el CEESP ya ha mencionado que limitar la semana laboral a 40 horas puede tener implicaciones importantes para las empresas, especialmente para las micro, peque\u00f1as y medianas (Mipymes), las cuales tambi\u00e9n han sido afectadas significativamente en su competitividad por aumentos en los costos laborales.<\/p>\n<p>\u201cSi la ley se aprueba, las empresas tendr\u00e1n que ajustarse a ello. Aunque habr\u00eda diversas maneras de hacerlo, las empresas tendr\u00e1n que decidir cu\u00e1les ser\u00edan las mejores opciones, como podr\u00edan ser el pagar horas extras, utilizar otros contratos para sustituir los actuales, o simplemente llevar a cabo nuevas contrataciones\u201d.<\/p>\n","protected":false},"excerpt":{"rendered":"<p>CLASE POLITICA Miguel \u00c1ngel Rivera \u00a0 &nbsp; &nbsp; Al decir de los dirigentes y figuras destacadas de todos los grupos parlamentarios representados en la C\u00e1mara de Diputados, todo est\u00e1 listo para dar cumplimiento a una vieja demanda del movimiento obrero nacional: Reducir la jornada laboral a 40 horas por semana, es decir, hacer obligatoria en [&hellip;]<\/p>\n","protected":false},"author":14,"featured_media":0,"comment_status":"open","ping_status":"open","sticky":false,"template":"","format":"standard","meta":{"_monsterinsights_skip_tracking":false,"_monsterinsights_sitenote_active":false,"_monsterinsights_sitenote_note":"","_monsterinsights_sitenote_category":0,"footnotes":""},"categories":[84119,4],"tags":[],"class_list":["post-667915","post","type-post","status-publish","format-standard","hentry","category-miguel-angel-rivera","category-opinion"],"_links":{"self":[{"href":"https:\/\/www.diarioimagen.net\/index.php?rest_route=\/wp\/v2\/posts\/667915","targetHints":{"allow":["GET"]}}],"collection":[{"href":"https:\/\/www.diarioimagen.net\/index.php?rest_route=\/wp\/v2\/posts"}],"about":[{"href":"https:\/\/www.diarioimagen.net\/index.php?rest_route=\/wp\/v2\/types\/post"}],"author":[{"embeddable":true,"href":"https:\/\/www.diarioimagen.net\/index.php?rest_route=\/wp\/v2\/users\/14"}],"replies":[{"embeddable":true,"href":"https:\/\/www.diarioimagen.net\/index.php?rest_route=%2Fwp%2Fv2%2Fcomments&post=667915"}],"version-history":[{"count":1,"href":"https:\/\/www.diarioimagen.net\/index.php?rest_route=\/wp\/v2\/posts\/667915\/revisions"}],"predecessor-version":[{"id":667916,"href":"https:\/\/www.diarioimagen.net\/index.php?rest_route=\/wp\/v2\/posts\/667915\/revisions\/667916"}],"wp:attachment":[{"href":"https:\/\/www.diarioimagen.net\/index.php?rest_route=%2Fwp%2Fv2%2Fmedia&parent=667915"}],"wp:term":[{"taxonomy":"category","embeddable":true,"href":"https:\/\/www.diarioimagen.net\/index.php?rest_route=%2Fwp%2Fv2%2Fcategories&post=667915"},{"taxonomy":"post_tag","embeddable":true,"href":"https:\/\/www.diarioimagen.net\/index.php?rest_route=%2Fwp%2Fv2%2Ftags&post=667915"}],"curies":[{"name":"wp","href":"https:\/\/api.w.org\/{rel}","templated":true}]}}