{"id":667923,"date":"2025-05-20T00:00:55","date_gmt":"2025-05-20T06:00:55","guid":{"rendered":"https:\/\/www.diarioimagen.net\/?p=667923"},"modified":"2025-05-19T21:27:42","modified_gmt":"2025-05-20T03:27:42","slug":"recolecta-gem-13-toneladas-de-aparatos-electricos-y-electronicos","status":"publish","type":"post","link":"https:\/\/www.diarioimagen.net\/?p=667923","title":{"rendered":"Recolecta GEM 13 toneladas de aparatos el\u00e9ctricos y electr\u00f3nicos"},"content":{"rendered":"<ul>\n<li><strong>Exitoso Mega Reciclat\u00f3n<\/strong><\/li>\n<\/ul>\n<p><strong>\u00a0<\/strong><\/p>\n<p><strong>\u00a0<\/strong><\/p>\n<p><img loading=\"lazy\" decoding=\"async\" class=\"alignnone wp-image-667924 size-large\" src=\"https:\/\/www.diarioimagen.net\/wp-content\/uploads\/2025\/05\/EDOMEX-2-ok-9-405x270.jpg\" alt=\"\" width=\"405\" height=\"270\" srcset=\"https:\/\/www.diarioimagen.net\/wp-content\/uploads\/2025\/05\/EDOMEX-2-ok-9-405x270.jpg 405w, https:\/\/www.diarioimagen.net\/wp-content\/uploads\/2025\/05\/EDOMEX-2-ok-9-240x160.jpg 240w, https:\/\/www.diarioimagen.net\/wp-content\/uploads\/2025\/05\/EDOMEX-2-ok-9-768x511.jpg 768w, https:\/\/www.diarioimagen.net\/wp-content\/uploads\/2025\/05\/EDOMEX-2-ok-9.jpg 1500w\" sizes=\"auto, (max-width: 405px) 100vw, 405px\" \/><\/p>\n<p>&nbsp;<\/p>\n<p>&nbsp;<\/p>\n<p>Toluca, Estado de M\u00e9xico.- En una jornada exitosa, con participaci\u00f3n entusiasta de la poblaci\u00f3n mexiquense, el Mega Reciclat\u00f3n Edom\u00e9x logr\u00f3 recolectar 13 toneladas de aparatos el\u00e9ctricos y electr\u00f3nicos en desuso y residuos reciclables, como parte de las acciones de educaci\u00f3n ambiental, que impulsa la administraci\u00f3n de la Maestra Delfina G\u00f3mez \u00c1lvarez, a trav\u00e9s de la Secretar\u00eda del Medio Ambiente y Desarrollo Sostenible (SMAyDS).<\/p>\n<p>Esta iniciativa tuvo como prop\u00f3sito fomentar la econom\u00eda circular teniendo como base la cultura del reciclaje, como un modelo para reducir la contaminaci\u00f3n y realizar un manejo adecuado de los residuos, al tiempo de aprovechar al m\u00e1ximo los recursos y con ello mejorar el medio ambiente en el Estado de M\u00e9xico.<\/p>\n<p>En el arranque del Mega Reciclat\u00f3n EdoM\u00e9x realizado en el Parque Metropolitano Bicentenario de Toluca, Alhely Rubio Arronis, Titular de la SMAyDS, refiri\u00f3 que, cuando se inici\u00f3 el camino para la valorizaci\u00f3n de los residuos y se plante\u00f3 la estrategia de Basura Cero para el Estado de M\u00e9xico, hubo voces que dijeron que no iba a ser posible y se\u00f1alaron lo complejo y lo lejos que se estaba de lograr ese objetivo, pero hoy es posible gracias a las estrategias del Gobierno estatal en materia de residuos y a la participaci\u00f3n y responsabilidad de la iniciativa privada.<\/p>\n<p>Destac\u00f3 la importante participaci\u00f3n de la ciudadan\u00eda que de manera responsable y comprometida buscan un cambio, reconoci\u00f3 qu\u00e9 sin ella, nada podr\u00eda hacer el gobierno y las empresas, por m\u00e1s voluntad que tuvieran.<\/p>\n<p>Rubio Arronis explic\u00f3 que el mal manejo de los residuos trae incluso problemas de salud, siendo responsables todos si no hacemos una correcta disposici\u00f3n de ellos. Reflexion\u00f3 sobre el tema del Cambio Clim\u00e1tico que es una realidad y la urgencia de actuar a favor de la Madre Tierra con el manejo adecuado de los residuos para hacer un cambio sustancial.<\/p>\n<p>Finalmente llam\u00f3 a la poblaci\u00f3n a valorizar sus residuos para beneficiar al medio ambiente al darles un destino final correcto, y a ser conscientes para lograr un cambio junto con la Gobernadora Delfina G\u00f3mez \u00c1lvarez quien est\u00e1 comprometida haciendo acciones a favor de la sostenibilidad de la entidad.<\/p>\n<p>Para incentivar a la poblaci\u00f3n e inculcar entre las familias la filosof\u00eda de Basura Cero y el reciclaje, el Mega Reciclat\u00f3n EdoM\u00e9x consisti\u00f3 en el intercambio de residuos valorizables como el PET, papel, aluminio, tapitas, envases Tetrapak, vidrio y cart\u00f3n, as\u00ed como residuos electr\u00f3nicos y electrodom\u00e9sticos, por comestibles, productos de limpieza, plantas, \u00e1rboles y juegos recreativos sobre temas ambientales.<\/p>\n<p>&nbsp;<\/p>\n<p>&nbsp;<\/p>\n","protected":false},"excerpt":{"rendered":"<p>Exitoso Mega Reciclat\u00f3n \u00a0 \u00a0 &nbsp; &nbsp; Toluca, Estado de M\u00e9xico.- En una jornada exitosa, con participaci\u00f3n entusiasta de la poblaci\u00f3n mexiquense, el Mega Reciclat\u00f3n Edom\u00e9x logr\u00f3 recolectar 13 toneladas de aparatos el\u00e9ctricos y electr\u00f3nicos en desuso y residuos reciclables, como parte de las acciones de educaci\u00f3n ambiental, que impulsa la administraci\u00f3n de la Maestra [&hellip;]<\/p>\n","protected":false},"author":14,"featured_media":667924,"comment_status":"open","ping_status":"open","sticky":false,"template":"","format":"standard","meta":{"_monsterinsights_skip_tracking":false,"_monsterinsights_sitenote_active":false,"_monsterinsights_sitenote_note":"","_monsterinsights_sitenote_category":0,"footnotes":""},"categories":[5],"tags":[],"class_list":["post-667923","post","type-post","status-publish","format-standard","has-post-thumbnail","hentry","category-estado-de-mexico"],"_links":{"self":[{"href":"https:\/\/www.diarioimagen.net\/index.php?rest_route=\/wp\/v2\/posts\/667923","targetHints":{"allow":["GET"]}}],"collection":[{"href":"https:\/\/www.diarioimagen.net\/index.php?rest_route=\/wp\/v2\/posts"}],"about":[{"href":"https:\/\/www.diarioimagen.net\/index.php?rest_route=\/wp\/v2\/types\/post"}],"author":[{"embeddable":true,"href":"https:\/\/www.diarioimagen.net\/index.php?rest_route=\/wp\/v2\/users\/14"}],"replies":[{"embeddable":true,"href":"https:\/\/www.diarioimagen.net\/index.php?rest_route=%2Fwp%2Fv2%2Fcomments&post=667923"}],"version-history":[{"count":1,"href":"https:\/\/www.diarioimagen.net\/index.php?rest_route=\/wp\/v2\/posts\/667923\/revisions"}],"predecessor-version":[{"id":667925,"href":"https:\/\/www.diarioimagen.net\/index.php?rest_route=\/wp\/v2\/posts\/667923\/revisions\/667925"}],"wp:featuredmedia":[{"embeddable":true,"href":"https:\/\/www.diarioimagen.net\/index.php?rest_route=\/wp\/v2\/media\/667924"}],"wp:attachment":[{"href":"https:\/\/www.diarioimagen.net\/index.php?rest_route=%2Fwp%2Fv2%2Fmedia&parent=667923"}],"wp:term":[{"taxonomy":"category","embeddable":true,"href":"https:\/\/www.diarioimagen.net\/index.php?rest_route=%2Fwp%2Fv2%2Fcategories&post=667923"},{"taxonomy":"post_tag","embeddable":true,"href":"https:\/\/www.diarioimagen.net\/index.php?rest_route=%2Fwp%2Fv2%2Ftags&post=667923"}],"curies":[{"name":"wp","href":"https:\/\/api.w.org\/{rel}","templated":true}]}}