{"id":668126,"date":"2025-05-21T00:00:21","date_gmt":"2025-05-21T06:00:21","guid":{"rendered":"https:\/\/www.diarioimagen.net\/?p=668126"},"modified":"2025-05-20T20:11:43","modified_gmt":"2025-05-21T02:11:43","slug":"anuncia-la-alcaldesa-de-ecatepec-azucena-cisneros-acciones-para-prevenir-inundaciones","status":"publish","type":"post","link":"https:\/\/www.diarioimagen.net\/?p=668126","title":{"rendered":"Anuncia la alcaldesa de Ecatepec, Azucena  Cisneros, acciones para prevenir inundaciones"},"content":{"rendered":"<ul>\n<li><strong>\u201cOperativo Tormenta\u201d<\/strong><\/li>\n<\/ul>\n<p><strong>\u00a0<\/strong><\/p>\n<p>&nbsp;<\/p>\n<div id=\"attachment_668127\" style=\"width: 444px\" class=\"wp-caption alignnone\"><img loading=\"lazy\" decoding=\"async\" aria-describedby=\"caption-attachment-668127\" class=\"wp-image-668127 size-large\" src=\"https:\/\/www.diarioimagen.net\/wp-content\/uploads\/2025\/05\/BAENA-1-OK-9-434x270.jpg\" alt=\"\" width=\"434\" height=\"270\" srcset=\"https:\/\/www.diarioimagen.net\/wp-content\/uploads\/2025\/05\/BAENA-1-OK-9-434x270.jpg 434w, https:\/\/www.diarioimagen.net\/wp-content\/uploads\/2025\/05\/BAENA-1-OK-9-240x149.jpg 240w, https:\/\/www.diarioimagen.net\/wp-content\/uploads\/2025\/05\/BAENA-1-OK-9-768x478.jpg 768w, https:\/\/www.diarioimagen.net\/wp-content\/uploads\/2025\/05\/BAENA-1-OK-9.jpg 1500w\" sizes=\"auto, (max-width: 434px) 100vw, 434px\" \/><p id=\"caption-attachment-668127\" class=\"wp-caption-text\">La presidenta municipal Azucena Cisneros Coss anunci\u00f3 el \u201cOperativo Tormenta\u201d, que contempla acciones prioritarias de prevenci\u00f3n, atenci\u00f3n y recuperaci\u00f3n para evitar inundaciones en esta temporada de lluvias.<\/p><\/div>\n<p>Ecatepec, M\u00e9x.- Ante el inicio de la temporada de lluvias, la presidenta municipal Azucena Cisneros Coss anunci\u00f3 el \u201cOperativo Tormenta\u201d, que contempla acciones prioritarias de prevenci\u00f3n, atenci\u00f3n y recuperaci\u00f3n para evitar inundaciones, luego de que por a\u00f1os se dej\u00f3 en el abandono la infraestructura hidr\u00e1ulica.<\/p>\n<p>En conferencia de prensa, la alcaldesa explic\u00f3 que encontr\u00f3 el municipio con acumulaci\u00f3n de basura en barrancas, bocas de tormenta, areneros, calles y avenidas, adem\u00e1s de un sistema hidr\u00e1ulico saturado y deterioro en la infraestructura del drenaje.<\/p>\n<p>\u201cPor primera vez en este municipio hay una intervenci\u00f3n integral para prevenir y atender las inundaciones, que incluye la labor coordinada entre Sapase, Obras P\u00fablicas, Servicios P\u00fablicos, Protecci\u00f3n Civil y Ecolog\u00eda bajo una misma misi\u00f3n: Atender a la poblaci\u00f3n m\u00e1s vulnerable con una oportuna intervenci\u00f3n ante las lluvias\u201d, afirm\u00f3.<\/p>\n<p>La mandataria local reconoci\u00f3 que hay 17 puntos susceptibles de inundaciones, como Las Am\u00e9ricas, Josefa Ortiz de Dom\u00ednguez, Santa Mar\u00eda Tulpetlac, Jardines de Morelos, Santa Mar\u00eda Chiconautla, Nuevo Laredo y Venta de Carpio, entre otros. En caso de emergencias por lluvias, se considera instalar 11 campamentos en puntos estrat\u00e9gicos.<\/p>\n<p>Cisneros Coss denunci\u00f3 que gobiernos anteriores permitieron la invasi\u00f3n en cauces naturales de barrancas, que hoy son zonas de alto riesgo, y aunque falta mucho por hacer, hay un trabajo coordinado con los tres niveles de gobierno.<\/p>\n<p>Las acciones prioritarias contra inundaciones son monitoreo hidrometeorol\u00f3gico de barrancas, coordinaci\u00f3n para la asistencia de da\u00f1os con otras entidades, movilizaci\u00f3n de personal y maquinaria especializada para la intervenci\u00f3n inmediata, y la puesta en operaci\u00f3n de las plantas de bombeo de aguas residuales.<\/p>\n<p>Agreg\u00f3 que desde el inicio de su gobierno se labora en la primera fase de prevenci\u00f3n, por lo que se trabaja todos los d\u00edas en limpieza de calles, rejillas, barrancas, desazolve, rehabilitaci\u00f3n de l\u00edneas de drenaje y reparaci\u00f3n de socavones, porque se puede enfrentar una temporada de lluvias dif\u00edcil.<\/p>\n<p>&nbsp;<\/p>\n<p>&nbsp;<\/p>\n","protected":false},"excerpt":{"rendered":"<p>\u201cOperativo Tormenta\u201d \u00a0 &nbsp; Ecatepec, M\u00e9x.- Ante el inicio de la temporada de lluvias, la presidenta municipal Azucena Cisneros Coss anunci\u00f3 el \u201cOperativo Tormenta\u201d, que contempla acciones prioritarias de prevenci\u00f3n, atenci\u00f3n y recuperaci\u00f3n para evitar inundaciones, luego de que por a\u00f1os se dej\u00f3 en el abandono la infraestructura hidr\u00e1ulica. En conferencia de prensa, la alcaldesa [&hellip;]<\/p>\n","protected":false},"author":14,"featured_media":668127,"comment_status":"open","ping_status":"open","sticky":false,"template":"","format":"standard","meta":{"_monsterinsights_skip_tracking":false,"_monsterinsights_sitenote_active":false,"_monsterinsights_sitenote_note":"","_monsterinsights_sitenote_category":0,"footnotes":""},"categories":[5],"tags":[],"class_list":["post-668126","post","type-post","status-publish","format-standard","has-post-thumbnail","hentry","category-estado-de-mexico"],"_links":{"self":[{"href":"https:\/\/www.diarioimagen.net\/index.php?rest_route=\/wp\/v2\/posts\/668126","targetHints":{"allow":["GET"]}}],"collection":[{"href":"https:\/\/www.diarioimagen.net\/index.php?rest_route=\/wp\/v2\/posts"}],"about":[{"href":"https:\/\/www.diarioimagen.net\/index.php?rest_route=\/wp\/v2\/types\/post"}],"author":[{"embeddable":true,"href":"https:\/\/www.diarioimagen.net\/index.php?rest_route=\/wp\/v2\/users\/14"}],"replies":[{"embeddable":true,"href":"https:\/\/www.diarioimagen.net\/index.php?rest_route=%2Fwp%2Fv2%2Fcomments&post=668126"}],"version-history":[{"count":1,"href":"https:\/\/www.diarioimagen.net\/index.php?rest_route=\/wp\/v2\/posts\/668126\/revisions"}],"predecessor-version":[{"id":668128,"href":"https:\/\/www.diarioimagen.net\/index.php?rest_route=\/wp\/v2\/posts\/668126\/revisions\/668128"}],"wp:featuredmedia":[{"embeddable":true,"href":"https:\/\/www.diarioimagen.net\/index.php?rest_route=\/wp\/v2\/media\/668127"}],"wp:attachment":[{"href":"https:\/\/www.diarioimagen.net\/index.php?rest_route=%2Fwp%2Fv2%2Fmedia&parent=668126"}],"wp:term":[{"taxonomy":"category","embeddable":true,"href":"https:\/\/www.diarioimagen.net\/index.php?rest_route=%2Fwp%2Fv2%2Fcategories&post=668126"},{"taxonomy":"post_tag","embeddable":true,"href":"https:\/\/www.diarioimagen.net\/index.php?rest_route=%2Fwp%2Fv2%2Ftags&post=668126"}],"curies":[{"name":"wp","href":"https:\/\/api.w.org\/{rel}","templated":true}]}}