{"id":668129,"date":"2025-05-21T00:00:53","date_gmt":"2025-05-21T06:00:53","guid":{"rendered":"https:\/\/www.diarioimagen.net\/?p=668129"},"modified":"2025-05-20T20:12:48","modified_gmt":"2025-05-21T02:12:48","slug":"continua-el-desarrollo-economico-en-atizapan-pedro-rodriguez-villegas","status":"publish","type":"post","link":"https:\/\/www.diarioimagen.net\/?p=668129","title":{"rendered":"Contin\u00faa el desarrollo econ\u00f3mico  en Atizap\u00e1n: Pedro Rodriguez Villegas"},"content":{"rendered":"<ul>\n<li><strong>Reinauguraci\u00f3n de la Coordinaci\u00f3n de Atenci\u00f3n Empresarial<\/strong><\/li>\n<\/ul>\n<div id=\"attachment_668130\" style=\"width: 396px\" class=\"wp-caption alignnone\"><img loading=\"lazy\" decoding=\"async\" aria-describedby=\"caption-attachment-668130\" class=\"wp-image-668130 size-large\" src=\"https:\/\/www.diarioimagen.net\/wp-content\/uploads\/2025\/05\/BAENA-2-OK-12-386x270.jpg\" alt=\"\" width=\"386\" height=\"270\" srcset=\"https:\/\/www.diarioimagen.net\/wp-content\/uploads\/2025\/05\/BAENA-2-OK-12-386x270.jpg 386w, https:\/\/www.diarioimagen.net\/wp-content\/uploads\/2025\/05\/BAENA-2-OK-12-240x168.jpg 240w, https:\/\/www.diarioimagen.net\/wp-content\/uploads\/2025\/05\/BAENA-2-OK-12-768x537.jpg 768w, https:\/\/www.diarioimagen.net\/wp-content\/uploads\/2025\/05\/BAENA-2-OK-12.jpg 1500w\" sizes=\"auto, (max-width: 386px) 100vw, 386px\" \/><p id=\"caption-attachment-668130\" class=\"wp-caption-text\">El alcalde Pedro Rodr\u00edguez Villegas encabez\u00f3 la reinauguraci\u00f3n de la Coordinaci\u00f3n de Atenci\u00f3n Empresarial, en compa\u00f1\u00eda de regidores de la actual administraci\u00f3n.<\/p><\/div>\n<p>&nbsp;<\/p>\n<p>Atizap\u00e1n de Zaragoza, M\u00e9x.- En un firme compromiso con el fomento econ\u00f3mico y la simplificaci\u00f3n administrativa, el alcalde Pedro Rodr\u00edguez Villegas encabez\u00f3 la reinauguraci\u00f3n de la Coordinaci\u00f3n de Atenci\u00f3n Empresarial (CAE), en compa\u00f1\u00eda de regidores de la actual administraci\u00f3n.<\/p>\n<p>&nbsp;<\/p>\n<p>Estas instalaciones, ahora modernizadas, representan un paso crucial para que los emprendedores y empresarios del municipio puedan formalizar y operar sus unidades econ\u00f3micas de manera \u00e1gil y segura.<\/p>\n<p>&nbsp;<\/p>\n<p>La CAE es el coraz\u00f3n de la gesti\u00f3n empresarial a nivel municipal. Como bien lo se\u00f1al\u00f3 Patricia Alonso Vargas, Directora de Desarrollo Econ\u00f3mico, \u00abeste es el espacio donde se recepcionan los tr\u00e1mites para licencias de funcionamiento, vistos buenos y, quien lo requiera, dict\u00e1menes de giro\u00bb. Estos documentos, explic\u00f3, \u00abson necesarios para que una unidad econ\u00f3mica est\u00e9 legalmente formalizada y pueda tener operaciones sin contratiempos\u00bb.<\/p>\n<p>&nbsp;<\/p>\n<p>La modernizaci\u00f3n de la CAE tiene un impacto directo y positivo en todos aquellos que buscan emprender o ya cuentan con un negocio establecido en un local comercial dentro de Atizap\u00e1n de Zaragoza.<\/p>\n<p>&nbsp;<\/p>\n<p>Certeza Jur\u00eddica: Al contar con licencias y dict\u00e1menes en regla, los negocios obtienen \u00abel sustento jur\u00eddico y el respaldo jur\u00eddico para que puedan operar sin ning\u00fan inconveniente\u00bb, destac\u00f3 Alonso Vargas. Esto es fundamental para evitar problemas ante visitas de normatividad o protecci\u00f3n civil, acreditando que cumplen con todas las condiciones de operaci\u00f3n y seguridad.<\/p>\n<p>Agilizaci\u00f3n de Tr\u00e1mites: Un espacio renovado y procesos optimizados buscan reducir los tiempos de espera y facilitar la obtenci\u00f3n de los permisos necesarios.<\/p>\n<p>&nbsp;<\/p>\n<p>Fomento a la Formalidad: Al simplificar los procesos, se incentiva a m\u00e1s unidades econ\u00f3micas a operar dentro del marco legal, lo que se traduce en empleos estables y un crecimiento econ\u00f3mico ordenado para el municipio.<\/p>\n<p>&nbsp;<\/p>\n<p>Atenci\u00f3n Digna y Eficiente: La Directora de Desarrollo Econ\u00f3mico enfatiz\u00f3 que una de las directrices del Presidente Pedro Rodr\u00edguez Villegas es \u00abmejorar la atenci\u00f3n a los ciudadanos y, por consiguiente, dignificar los espacios para poder recibirlos\u00bb. La remodelaci\u00f3n de la CAE es una clara muestra de esta visi\u00f3n.<\/p>\n<p>&nbsp;<\/p>\n","protected":false},"excerpt":{"rendered":"<p>Reinauguraci\u00f3n de la Coordinaci\u00f3n de Atenci\u00f3n Empresarial &nbsp; Atizap\u00e1n de Zaragoza, M\u00e9x.- En un firme compromiso con el fomento econ\u00f3mico y la simplificaci\u00f3n administrativa, el alcalde Pedro Rodr\u00edguez Villegas encabez\u00f3 la reinauguraci\u00f3n de la Coordinaci\u00f3n de Atenci\u00f3n Empresarial (CAE), en compa\u00f1\u00eda de regidores de la actual administraci\u00f3n. &nbsp; Estas instalaciones, ahora modernizadas, representan un paso [&hellip;]<\/p>\n","protected":false},"author":14,"featured_media":668130,"comment_status":"open","ping_status":"open","sticky":false,"template":"","format":"standard","meta":{"_monsterinsights_skip_tracking":false,"_monsterinsights_sitenote_active":false,"_monsterinsights_sitenote_note":"","_monsterinsights_sitenote_category":0,"footnotes":""},"categories":[5],"tags":[],"class_list":["post-668129","post","type-post","status-publish","format-standard","has-post-thumbnail","hentry","category-estado-de-mexico"],"_links":{"self":[{"href":"https:\/\/www.diarioimagen.net\/index.php?rest_route=\/wp\/v2\/posts\/668129","targetHints":{"allow":["GET"]}}],"collection":[{"href":"https:\/\/www.diarioimagen.net\/index.php?rest_route=\/wp\/v2\/posts"}],"about":[{"href":"https:\/\/www.diarioimagen.net\/index.php?rest_route=\/wp\/v2\/types\/post"}],"author":[{"embeddable":true,"href":"https:\/\/www.diarioimagen.net\/index.php?rest_route=\/wp\/v2\/users\/14"}],"replies":[{"embeddable":true,"href":"https:\/\/www.diarioimagen.net\/index.php?rest_route=%2Fwp%2Fv2%2Fcomments&post=668129"}],"version-history":[{"count":1,"href":"https:\/\/www.diarioimagen.net\/index.php?rest_route=\/wp\/v2\/posts\/668129\/revisions"}],"predecessor-version":[{"id":668131,"href":"https:\/\/www.diarioimagen.net\/index.php?rest_route=\/wp\/v2\/posts\/668129\/revisions\/668131"}],"wp:featuredmedia":[{"embeddable":true,"href":"https:\/\/www.diarioimagen.net\/index.php?rest_route=\/wp\/v2\/media\/668130"}],"wp:attachment":[{"href":"https:\/\/www.diarioimagen.net\/index.php?rest_route=%2Fwp%2Fv2%2Fmedia&parent=668129"}],"wp:term":[{"taxonomy":"category","embeddable":true,"href":"https:\/\/www.diarioimagen.net\/index.php?rest_route=%2Fwp%2Fv2%2Fcategories&post=668129"},{"taxonomy":"post_tag","embeddable":true,"href":"https:\/\/www.diarioimagen.net\/index.php?rest_route=%2Fwp%2Fv2%2Ftags&post=668129"}],"curies":[{"name":"wp","href":"https:\/\/api.w.org\/{rel}","templated":true}]}}