{"id":668132,"date":"2025-05-21T00:00:02","date_gmt":"2025-05-21T06:00:02","guid":{"rendered":"https:\/\/www.diarioimagen.net\/?p=668132"},"modified":"2025-05-20T20:14:02","modified_gmt":"2025-05-21T02:14:02","slug":"en-operacion-otras-250-patrullas-para-mayor-seguridad-en-naucalpan","status":"publish","type":"post","link":"https:\/\/www.diarioimagen.net\/?p=668132","title":{"rendered":"\u00a0  En operaci\u00f3n, otras 250 patrullas  para mayor seguridad en Naucalpan"},"content":{"rendered":"<ul>\n<li><strong>Isaac Montoya y Delfina G\u00f3mez dan banderazo de salida<\/strong><\/li>\n<\/ul>\n<p>&nbsp;<\/p>\n<div id=\"attachment_668133\" style=\"width: 442px\" class=\"wp-caption alignnone\"><img loading=\"lazy\" decoding=\"async\" aria-describedby=\"caption-attachment-668133\" class=\"wp-image-668133 size-large\" src=\"https:\/\/www.diarioimagen.net\/wp-content\/uploads\/2025\/05\/BAENA-3-OK-12-432x270.jpg\" alt=\"\" width=\"432\" height=\"270\" srcset=\"https:\/\/www.diarioimagen.net\/wp-content\/uploads\/2025\/05\/BAENA-3-OK-12-432x270.jpg 432w, https:\/\/www.diarioimagen.net\/wp-content\/uploads\/2025\/05\/BAENA-3-OK-12-240x150.jpg 240w, https:\/\/www.diarioimagen.net\/wp-content\/uploads\/2025\/05\/BAENA-3-OK-12-768x480.jpg 768w, https:\/\/www.diarioimagen.net\/wp-content\/uploads\/2025\/05\/BAENA-3-OK-12.jpg 1500w\" sizes=\"auto, (max-width: 432px) 100vw, 432px\" \/><p id=\"caption-attachment-668133\" class=\"wp-caption-text\">El alcalde Isaac Montoya M\u00e1rquez y la gobernadora Delfina G\u00f3mez \u00c1lvarez encabezaron el banderazo de salida a 250 nuevas unidades de la Guardia Municipal.<\/p><\/div>\n<p><strong>\u00a0<\/strong><\/p>\n<p>Naucalpan. M\u00e9x.- El presidente municipal Isaac Montoya M\u00e1rquez y la Gobernadora Delfina G\u00f3mez \u00c1lvarez encabezaron un acto sin precedentes al dar el banderazo de salida a 250 nuevas unidades que reforzar\u00e1n y fortalecer\u00e1n las acciones de seguridad de la naciente Guardia Municipal en el territorio naucalpense.<\/p>\n<p>&nbsp;<\/p>\n<p>En el marco de una gira de trabajo de la gobernadora del Estado de M\u00e9xico por el municipio de Naucalpan, el alcalde recibi\u00f3 a la Maestra Delfina G\u00f3mez \u00c1lvarez en el Parque Naucalli, en donde le agradeci\u00f3 su presencia, as\u00ed como la coordinaci\u00f3n que existe con el gobierno del estado para trabajar por el bien com\u00fan.<\/p>\n<p>&nbsp;<\/p>\n<p>Montoya M\u00e1rquez enfatiz\u00f3 que el cambio a la Guardia Municipal no s\u00f3lo es un cambio de nombre, sino la visi\u00f3n de proximidad social, que las y los elementos se pongan a la disposici\u00f3n de la comunidad. Resalt\u00f3 que, con las nuevas adquisiciones, se pasar\u00e1 de 160 patrullas en uso a m\u00e1s de 400 en circulaci\u00f3n, lo que permitir\u00e1 tener una mayor presencia policial en las comunidades y esto se traducir\u00e1 en una reducci\u00f3n en el tiempo de respuesta.<\/p>\n<p>&nbsp;<\/p>\n<p>En el Parque Naucalli dieron el banderazo de salida a 100 patrullas Maverick, 50 patrullas Haval, 32 patrullas Bronco, 18 patrullas Ford explorer, 50 motopatrullas doble prop\u00f3sito BMW 800 cm3, 6 drones de alta tecnolog\u00eda, tambi\u00e9n se entregaron 2 mil 143 uniformes t\u00e1cticos a elementos de la corporaci\u00f3n, 360 chalecos bal\u00edsticos y 463 radios. Las nuevas unidades est\u00e1n equipadas con tecnolog\u00eda de punta y herramientas estrat\u00e9gicas para el monitoreo.<\/p>\n<p>&nbsp;<\/p>\n<p>El presidente municipal detall\u00f3 que, como parte de la Estrategia de Seguridad con Todo, se ha llevado a cabo un trabajo de resectorizaci\u00f3n para mejorar la seguridad y minimizar la incidencia delictiva. A la vez que, pidi\u00f3 a los elementos de la Guardia Municipal valorar el trabajo en equipo y que no le fallen al pueblo de Naucalpan, que valoren la confianza que se les otorga y el respaldo que se les seguir\u00e1 dando.<\/p>\n<p>&nbsp;<\/p>\n<p>La gobernadora, por su parte, agradeci\u00f3 la anfitrion\u00eda y reconoci\u00f3 el trabajo y la dedicaci\u00f3n del presidente municipal, as\u00ed como su compromiso con la seguridad y el bienestar social.<\/p>\n<p>&nbsp;<\/p>\n<p><strong>\u00a0<\/strong><\/p>\n","protected":false},"excerpt":{"rendered":"<p>Isaac Montoya y Delfina G\u00f3mez dan banderazo de salida &nbsp; \u00a0 Naucalpan. M\u00e9x.- El presidente municipal Isaac Montoya M\u00e1rquez y la Gobernadora Delfina G\u00f3mez \u00c1lvarez encabezaron un acto sin precedentes al dar el banderazo de salida a 250 nuevas unidades que reforzar\u00e1n y fortalecer\u00e1n las acciones de seguridad de la naciente Guardia Municipal en el [&hellip;]<\/p>\n","protected":false},"author":14,"featured_media":668133,"comment_status":"open","ping_status":"open","sticky":false,"template":"","format":"standard","meta":{"_monsterinsights_skip_tracking":false,"_monsterinsights_sitenote_active":false,"_monsterinsights_sitenote_note":"","_monsterinsights_sitenote_category":0,"footnotes":""},"categories":[5],"tags":[],"class_list":["post-668132","post","type-post","status-publish","format-standard","has-post-thumbnail","hentry","category-estado-de-mexico"],"_links":{"self":[{"href":"https:\/\/www.diarioimagen.net\/index.php?rest_route=\/wp\/v2\/posts\/668132","targetHints":{"allow":["GET"]}}],"collection":[{"href":"https:\/\/www.diarioimagen.net\/index.php?rest_route=\/wp\/v2\/posts"}],"about":[{"href":"https:\/\/www.diarioimagen.net\/index.php?rest_route=\/wp\/v2\/types\/post"}],"author":[{"embeddable":true,"href":"https:\/\/www.diarioimagen.net\/index.php?rest_route=\/wp\/v2\/users\/14"}],"replies":[{"embeddable":true,"href":"https:\/\/www.diarioimagen.net\/index.php?rest_route=%2Fwp%2Fv2%2Fcomments&post=668132"}],"version-history":[{"count":1,"href":"https:\/\/www.diarioimagen.net\/index.php?rest_route=\/wp\/v2\/posts\/668132\/revisions"}],"predecessor-version":[{"id":668134,"href":"https:\/\/www.diarioimagen.net\/index.php?rest_route=\/wp\/v2\/posts\/668132\/revisions\/668134"}],"wp:featuredmedia":[{"embeddable":true,"href":"https:\/\/www.diarioimagen.net\/index.php?rest_route=\/wp\/v2\/media\/668133"}],"wp:attachment":[{"href":"https:\/\/www.diarioimagen.net\/index.php?rest_route=%2Fwp%2Fv2%2Fmedia&parent=668132"}],"wp:term":[{"taxonomy":"category","embeddable":true,"href":"https:\/\/www.diarioimagen.net\/index.php?rest_route=%2Fwp%2Fv2%2Fcategories&post=668132"},{"taxonomy":"post_tag","embeddable":true,"href":"https:\/\/www.diarioimagen.net\/index.php?rest_route=%2Fwp%2Fv2%2Ftags&post=668132"}],"curies":[{"name":"wp","href":"https:\/\/api.w.org\/{rel}","templated":true}]}}