{"id":668135,"date":"2025-05-21T00:00:11","date_gmt":"2025-05-21T06:00:11","guid":{"rendered":"https:\/\/www.diarioimagen.net\/?p=668135"},"modified":"2025-05-20T20:15:19","modified_gmt":"2025-05-21T02:15:19","slug":"se-suma-huixquilucan-a-estrategia-de-seguridad-cuajimalpa-2025-2027","status":"publish","type":"post","link":"https:\/\/www.diarioimagen.net\/?p=668135","title":{"rendered":"Se suma Huixquilucan a \u201cEstrategia de Seguridad Cuajimalpa 2025-2027\u201d"},"content":{"rendered":"<div id=\"attachment_668136\" style=\"width: 432px\" class=\"wp-caption alignnone\"><img loading=\"lazy\" decoding=\"async\" aria-describedby=\"caption-attachment-668136\" class=\"wp-image-668136 size-large\" src=\"https:\/\/www.diarioimagen.net\/wp-content\/uploads\/2025\/05\/BAENA-4-OK-13-422x270.jpg\" alt=\"\" width=\"422\" height=\"270\" srcset=\"https:\/\/www.diarioimagen.net\/wp-content\/uploads\/2025\/05\/BAENA-4-OK-13-422x270.jpg 422w, https:\/\/www.diarioimagen.net\/wp-content\/uploads\/2025\/05\/BAENA-4-OK-13-240x154.jpg 240w, https:\/\/www.diarioimagen.net\/wp-content\/uploads\/2025\/05\/BAENA-4-OK-13-768x491.jpg 768w, https:\/\/www.diarioimagen.net\/wp-content\/uploads\/2025\/05\/BAENA-4-OK-13-1536x983.jpg 1536w, https:\/\/www.diarioimagen.net\/wp-content\/uploads\/2025\/05\/BAENA-4-OK-13-2048x1311.jpg 2048w\" sizes=\"auto, (max-width: 422px) 100vw, 422px\" \/><p id=\"caption-attachment-668136\" class=\"wp-caption-text\">Se suma Huixquilucan a \u201cEstrategia de Seguridad Cuajimalpa 2025-2027\u201d<\/p><\/div>\n<p>&nbsp;<\/p>\n<p>&nbsp;<\/p>\n<p>Huixquilucan,\u00a0 M\u00e9x.- Con el objetivo de blindar los l\u00edmites territoriales y combatir la delincuencia, el gobierno de Huixquilucan se sum\u00f3 a la \u201cEstrategia de Seguridad Cuajimalpa 2025-2027\u201d, implementada por esta alcald\u00eda, para fortalecer los operativos de seguridad en la Zona Poniente y que esta regi\u00f3n contin\u00fae siendo uno de los territorios m\u00e1s seguros para vivir.<\/p>\n<p>Al dar arranque a dicha estrategia, en compa\u00f1\u00eda de los alcaldes de Cuajimalpa y \u00c1lvaro Obreg\u00f3n, Carlos Orva\u00f1anos Rea y Javier L\u00f3pez Casar\u00edn, respectivamente, la presidenta municipal Romina Contreras Carrasco inform\u00f3 que adem\u00e1s de compartir l\u00edmites territoriales, el comportamiento de algunos delitos es similar en estas demarcaciones, por lo que subray\u00f3 que este programa conjunto funcionar\u00e1 para seguir fortaleciendo la seguridad de las familias de Huixquilucan.<\/p>\n<p>&nbsp;<\/p>\n<p>&nbsp;<\/p>\n<p>&nbsp;<\/p>\n<p>\u201cHoy nos sumamos a la Estrategia de Seguridad de la alcald\u00eda de Cuajimalpa, para seguir trabajando coordinadamente y sumar esfuerzos para blindar los l\u00edmites territoriales, fortalecer los operativos en estos puntos y combatir juntos a la delincuencia, pues la seguridad es la exigencia principal de la ciudadan\u00eda\u201d, destac\u00f3 la alcaldesa.<\/p>\n<p>&nbsp;<\/p>\n<p>Agreg\u00f3 que, desde el inicio de su primera administraci\u00f3n, se trabaja en coordinaci\u00f3n con la alcald\u00eda de Cuajimalpa, a trav\u00e9s de la implementaci\u00f3n de diferentes operativos diarios por todo el territorio.<\/p>\n","protected":false},"excerpt":{"rendered":"<p>&nbsp; &nbsp; Huixquilucan,\u00a0 M\u00e9x.- Con el objetivo de blindar los l\u00edmites territoriales y combatir la delincuencia, el gobierno de Huixquilucan se sum\u00f3 a la \u201cEstrategia de Seguridad Cuajimalpa 2025-2027\u201d, implementada por esta alcald\u00eda, para fortalecer los operativos de seguridad en la Zona Poniente y que esta regi\u00f3n contin\u00fae siendo uno de los territorios m\u00e1s seguros [&hellip;]<\/p>\n","protected":false},"author":14,"featured_media":668136,"comment_status":"open","ping_status":"open","sticky":false,"template":"","format":"standard","meta":{"_monsterinsights_skip_tracking":false,"_monsterinsights_sitenote_active":false,"_monsterinsights_sitenote_note":"","_monsterinsights_sitenote_category":0,"footnotes":""},"categories":[5],"tags":[],"class_list":["post-668135","post","type-post","status-publish","format-standard","has-post-thumbnail","hentry","category-estado-de-mexico"],"_links":{"self":[{"href":"https:\/\/www.diarioimagen.net\/index.php?rest_route=\/wp\/v2\/posts\/668135","targetHints":{"allow":["GET"]}}],"collection":[{"href":"https:\/\/www.diarioimagen.net\/index.php?rest_route=\/wp\/v2\/posts"}],"about":[{"href":"https:\/\/www.diarioimagen.net\/index.php?rest_route=\/wp\/v2\/types\/post"}],"author":[{"embeddable":true,"href":"https:\/\/www.diarioimagen.net\/index.php?rest_route=\/wp\/v2\/users\/14"}],"replies":[{"embeddable":true,"href":"https:\/\/www.diarioimagen.net\/index.php?rest_route=%2Fwp%2Fv2%2Fcomments&post=668135"}],"version-history":[{"count":1,"href":"https:\/\/www.diarioimagen.net\/index.php?rest_route=\/wp\/v2\/posts\/668135\/revisions"}],"predecessor-version":[{"id":668137,"href":"https:\/\/www.diarioimagen.net\/index.php?rest_route=\/wp\/v2\/posts\/668135\/revisions\/668137"}],"wp:featuredmedia":[{"embeddable":true,"href":"https:\/\/www.diarioimagen.net\/index.php?rest_route=\/wp\/v2\/media\/668136"}],"wp:attachment":[{"href":"https:\/\/www.diarioimagen.net\/index.php?rest_route=%2Fwp%2Fv2%2Fmedia&parent=668135"}],"wp:term":[{"taxonomy":"category","embeddable":true,"href":"https:\/\/www.diarioimagen.net\/index.php?rest_route=%2Fwp%2Fv2%2Fcategories&post=668135"},{"taxonomy":"post_tag","embeddable":true,"href":"https:\/\/www.diarioimagen.net\/index.php?rest_route=%2Fwp%2Fv2%2Ftags&post=668135"}],"curies":[{"name":"wp","href":"https:\/\/api.w.org\/{rel}","templated":true}]}}