{"id":668342,"date":"2025-05-22T00:00:18","date_gmt":"2025-05-22T06:00:18","guid":{"rendered":"https:\/\/www.diarioimagen.net\/?p=668342"},"modified":"2025-05-21T20:13:25","modified_gmt":"2025-05-22T02:13:25","slug":"llegan-nuevos-aspirantes-a-incorporarse-a-los-cusaem","status":"publish","type":"post","link":"https:\/\/www.diarioimagen.net\/?p=668342","title":{"rendered":"Llegan nuevos aspirantes a\u00a0  Incorporarse a los CUSAEM\u00a0"},"content":{"rendered":"<p><strong>\u00a0<\/strong><\/p>\n<ul>\n<li><strong>Respuesta a necesidades de seguridad privada<\/strong><\/li>\n<\/ul>\n<div id=\"attachment_668347\" style=\"width: 415px\" class=\"wp-caption alignnone\"><img loading=\"lazy\" decoding=\"async\" aria-describedby=\"caption-attachment-668347\" class=\"wp-image-668347 size-large\" src=\"https:\/\/www.diarioimagen.net\/wp-content\/uploads\/2025\/05\/BAENA-2-ok-13-405x270.jpg\" alt=\"\" width=\"405\" height=\"270\" srcset=\"https:\/\/www.diarioimagen.net\/wp-content\/uploads\/2025\/05\/BAENA-2-ok-13-405x270.jpg 405w, https:\/\/www.diarioimagen.net\/wp-content\/uploads\/2025\/05\/BAENA-2-ok-13-240x160.jpg 240w, https:\/\/www.diarioimagen.net\/wp-content\/uploads\/2025\/05\/BAENA-2-ok-13-768x512.jpg 768w, https:\/\/www.diarioimagen.net\/wp-content\/uploads\/2025\/05\/BAENA-2-ok-13.jpg 1500w\" sizes=\"auto, (max-width: 405px) 100vw, 405px\" \/><p id=\"caption-attachment-668347\" class=\"wp-caption-text\">Nuevos aspirantes a guardias y vigilantes llegan cotidianamente a integrarse a las filas de los Cuerpos de Seguridad Auxiliares del Estado de M\u00e9xico.<\/p><\/div>\n<p>&nbsp;<\/p>\n<p>Valle de M\u00e9xico.- Para responder a las necesidades de seguridad privada, que necesitan las empresas y la industria en general, entre otras, nuevos aspirantes a guardias y vigilantes llegan cotidianamente, en un buen n\u00famero, a integrarse a las filas de los Cuerpos de Seguridad Auxiliares del Estado de M\u00e9xico (CUSAEM).<\/p>\n<p>&nbsp;<\/p>\n<p>As\u00ed lo expres\u00f3 Carlos Javier \u00c1lvsrez C\u00e1rdenas, jefe de ese cuerpo de seguridad en el Estado de M\u00e9xico \u00a0al se\u00f1alar que \u00a0cada vez m\u00e1s elementos son acreditados para el servicio de polic\u00edas auxiliares, desde luego, despu\u00e9s de recibir cursos b\u00e1sicos de capacitaci\u00f3n y adiestramiento, encaminados a su profesionalizaci\u00f3n, reconocidos a trav\u00e9s de constancias que entregan<\/p>\n<p>&nbsp;<\/p>\n<p>Actualmente, el atractivo de quienes buscan un empleo en la corporaci\u00f3n se vive al conocerse la mejora que se ofrece la corporaci\u00f3n, en el rubro de ingresos salariales.<\/p>\n<p>&nbsp;<\/p>\n<p>\u00c1lvarez C\u00e1rdenas insiste en su af\u00e1n de realizar acciones en el cuerpo policiaco, previas a su regularizaci\u00f3n, entre ellas la implementaci\u00f3n de un tabulador para el salario de los agentes, pero sobre todo de un esquema de ruta profesional.<\/p>\n<p>&nbsp;<\/p>\n<p>En este entendido, el propio titular de la corporaci\u00f3n reconoce as\u00ed el esfuerzo de los entusiastas incorporados, exhort\u00e1ndolos a seguir dando su mayor esfuerzo en sus servicios, para prepararse d\u00eda con d\u00eda, para poder escalar posiciones y llegar a ser, en un futuro pr\u00f3ximo, aspirantes a una jefatura de regi\u00f3n.<\/p>\n<p>&nbsp;<\/p>\n<p>As\u00ed, en la graduaci\u00f3n de la d\u00e9cimo tercera generaci\u00f3n, se aprovech\u00f3 la ocasi\u00f3n para reconocer el esfuerzo y entrega de dos compa\u00f1eras (mujeres), quienes recibieron su constancia de haber concluido estudios de nivel Preparatoria.<\/p>\n<p>&nbsp;<\/p>\n<p>Ellas son Cecilia Maya Salazar y Evelin S\u00e1nchez Col\u00edn, quienes demostraron que tambi\u00e9n el g\u00e9nero femenino tiene la capacidad suficiente para competir por un puesto en labores que estaban inscritas solo para los varones.<\/p>\n<p>&nbsp;<\/p>\n<p>Asimismo, fue tambi\u00e9n el digno reconocimiento, el que se hizo al elemento, C\u00e9sar Antonio Reyna L\u00f3pez, quien alcanz\u00f3 el promedio m\u00e1s alto de la d\u00e9cimo segunda y d\u00e9cimo tercera generaci\u00f3n, con la calificaci\u00f3n de 9.6.<\/p>\n<p>&nbsp;<\/p>\n<p>&nbsp;<\/p>\n<p>&nbsp;<\/p>\n<p>&nbsp;<\/p>\n","protected":false},"excerpt":{"rendered":"<p>\u00a0 Respuesta a necesidades de seguridad privada &nbsp; Valle de M\u00e9xico.- Para responder a las necesidades de seguridad privada, que necesitan las empresas y la industria en general, entre otras, nuevos aspirantes a guardias y vigilantes llegan cotidianamente, en un buen n\u00famero, a integrarse a las filas de los Cuerpos de Seguridad Auxiliares del Estado [&hellip;]<\/p>\n","protected":false},"author":14,"featured_media":668347,"comment_status":"open","ping_status":"open","sticky":false,"template":"","format":"standard","meta":{"_monsterinsights_skip_tracking":false,"_monsterinsights_sitenote_active":false,"_monsterinsights_sitenote_note":"","_monsterinsights_sitenote_category":0,"footnotes":""},"categories":[5],"tags":[],"class_list":["post-668342","post","type-post","status-publish","format-standard","has-post-thumbnail","hentry","category-estado-de-mexico"],"_links":{"self":[{"href":"https:\/\/www.diarioimagen.net\/index.php?rest_route=\/wp\/v2\/posts\/668342","targetHints":{"allow":["GET"]}}],"collection":[{"href":"https:\/\/www.diarioimagen.net\/index.php?rest_route=\/wp\/v2\/posts"}],"about":[{"href":"https:\/\/www.diarioimagen.net\/index.php?rest_route=\/wp\/v2\/types\/post"}],"author":[{"embeddable":true,"href":"https:\/\/www.diarioimagen.net\/index.php?rest_route=\/wp\/v2\/users\/14"}],"replies":[{"embeddable":true,"href":"https:\/\/www.diarioimagen.net\/index.php?rest_route=%2Fwp%2Fv2%2Fcomments&post=668342"}],"version-history":[{"count":1,"href":"https:\/\/www.diarioimagen.net\/index.php?rest_route=\/wp\/v2\/posts\/668342\/revisions"}],"predecessor-version":[{"id":668350,"href":"https:\/\/www.diarioimagen.net\/index.php?rest_route=\/wp\/v2\/posts\/668342\/revisions\/668350"}],"wp:featuredmedia":[{"embeddable":true,"href":"https:\/\/www.diarioimagen.net\/index.php?rest_route=\/wp\/v2\/media\/668347"}],"wp:attachment":[{"href":"https:\/\/www.diarioimagen.net\/index.php?rest_route=%2Fwp%2Fv2%2Fmedia&parent=668342"}],"wp:term":[{"taxonomy":"category","embeddable":true,"href":"https:\/\/www.diarioimagen.net\/index.php?rest_route=%2Fwp%2Fv2%2Fcategories&post=668342"},{"taxonomy":"post_tag","embeddable":true,"href":"https:\/\/www.diarioimagen.net\/index.php?rest_route=%2Fwp%2Fv2%2Ftags&post=668342"}],"curies":[{"name":"wp","href":"https:\/\/api.w.org\/{rel}","templated":true}]}}