{"id":668351,"date":"2025-05-22T00:00:39","date_gmt":"2025-05-22T06:00:39","guid":{"rendered":"https:\/\/www.diarioimagen.net\/?p=668351"},"modified":"2025-05-21T20:14:58","modified_gmt":"2025-05-22T02:14:58","slug":"arrancan-mas-obras-estrategicas-en-naucalpan-anuncia-isaac-montoya","status":"publish","type":"post","link":"https:\/\/www.diarioimagen.net\/?p=668351","title":{"rendered":"Arrancan m\u00e1s obras estrat\u00e9gicas en  Naucalpan, anuncia Isaac Montoya"},"content":{"rendered":"<ul>\n<li><strong>Huellas de la Transformaci\u00f3n<\/strong><\/li>\n<\/ul>\n<div id=\"attachment_668352\" style=\"width: 377px\" class=\"wp-caption alignnone\"><img loading=\"lazy\" decoding=\"async\" aria-describedby=\"caption-attachment-668352\" class=\"wp-image-668352 size-large\" src=\"https:\/\/www.diarioimagen.net\/wp-content\/uploads\/2025\/05\/BAENA-3-ok-13-367x270.jpg\" alt=\"\" width=\"367\" height=\"270\" srcset=\"https:\/\/www.diarioimagen.net\/wp-content\/uploads\/2025\/05\/BAENA-3-ok-13-367x270.jpg 367w, https:\/\/www.diarioimagen.net\/wp-content\/uploads\/2025\/05\/BAENA-3-ok-13-240x177.jpg 240w, https:\/\/www.diarioimagen.net\/wp-content\/uploads\/2025\/05\/BAENA-3-ok-13-768x566.jpg 768w, https:\/\/www.diarioimagen.net\/wp-content\/uploads\/2025\/05\/BAENA-3-ok-13-90x65.jpg 90w, https:\/\/www.diarioimagen.net\/wp-content\/uploads\/2025\/05\/BAENA-3-ok-13.jpg 1500w\" sizes=\"auto, (max-width: 367px) 100vw, 367px\" \/><p id=\"caption-attachment-668352\" class=\"wp-caption-text\">El presidente municipal Isaac Montoya M\u00e1rquez anunci\u00f3 que inician obras estrat\u00e9gicas en Naucalpan como parte de lo que se ha denominando Huellas de la Transformaci\u00f3n.<\/p><\/div>\n<p>&nbsp;<\/p>\n<p>Naucalpan, M\u00e9x.- En una etapa de consolidaci\u00f3n del Gobierno de la Transformaci\u00f3n en esta localidad, y como parte del eje central, se inician obras estrat\u00e9gicas como parte de lo que se ha denominado Huellas de la Transformaci\u00f3n, anunci\u00f3 el presidente municipal Isaac Montoya M\u00e1rquez.<\/p>\n<p>&nbsp;<\/p>\n<p>Agreg\u00f3 que se avanzar\u00e1 en distintas fases de la mano de las y los vecinos naucalpenses, muestra de ello, se dejar\u00e1 una huella de la transformaci\u00f3n en la colonia R\u00edo Hondo.<\/p>\n<p>&nbsp;<\/p>\n<p>En conferencia de prensa se\u00f1al\u00f3 que el proyecto Huellas de la Transformaci\u00f3n consiste en llegar a una comunidad y avanzar de manera integral en todos los frentes atendiendo las necesidades, desde solicitudes de servicios p\u00fablicos, bacheo, alumbrado, poda y balizamiento.<\/p>\n<p>&nbsp;<\/p>\n<p>El alcalde refiri\u00f3 que tambi\u00e9n abarcar\u00e1 asuntos que tienen que ver con el Organismo del Agua Municipal OAPAS, hidr\u00e1ulicos. Igualmente pueden ser demandas vecinales muy focalizadas que afectan a una familia, a dos o tres.<\/p>\n<p>&nbsp;<\/p>\n<p>Ante medios de comunicaci\u00f3n destac\u00f3 que en los temas de rescate de vialidades se trabajar\u00e1 de la mano con los vecinos. As\u00ed, la huella del gobierno llegar\u00e1 a donde el presidente municipal se pare, se acompa\u00f1ar\u00e1 con actividades m\u00faltiples encaminadas a atender demandas hist\u00f3ricas que se ven\u00edan acumulando a lo largo de los a\u00f1os y asegurar la justicia social tambi\u00e9n para las comunidades con mayor rezago y con mayor problem\u00e1tica de inseguridad.<\/p>\n<p>&nbsp;<\/p>\n<p>Montoya M\u00e1rquez detall\u00f3 que se avanzar\u00e1 en distintas fases de la mano de las y los vecinos naucalpenses, muestra de ello, se dejar\u00e1 una huella de la transformaci\u00f3n en la colonia R\u00edo Hondo, donde se entregar\u00e1n intervenciones muy puntuales, partiendo del parque de R\u00edo Hondo.<\/p>\n<p>&nbsp;<\/p>\n<p>&nbsp;<\/p>\n","protected":false},"excerpt":{"rendered":"<p>Huellas de la Transformaci\u00f3n &nbsp; Naucalpan, M\u00e9x.- En una etapa de consolidaci\u00f3n del Gobierno de la Transformaci\u00f3n en esta localidad, y como parte del eje central, se inician obras estrat\u00e9gicas como parte de lo que se ha denominado Huellas de la Transformaci\u00f3n, anunci\u00f3 el presidente municipal Isaac Montoya M\u00e1rquez. &nbsp; Agreg\u00f3 que se avanzar\u00e1 en [&hellip;]<\/p>\n","protected":false},"author":14,"featured_media":668352,"comment_status":"open","ping_status":"open","sticky":false,"template":"","format":"standard","meta":{"_monsterinsights_skip_tracking":false,"_monsterinsights_sitenote_active":false,"_monsterinsights_sitenote_note":"","_monsterinsights_sitenote_category":0,"footnotes":""},"categories":[5],"tags":[],"class_list":["post-668351","post","type-post","status-publish","format-standard","has-post-thumbnail","hentry","category-estado-de-mexico"],"_links":{"self":[{"href":"https:\/\/www.diarioimagen.net\/index.php?rest_route=\/wp\/v2\/posts\/668351","targetHints":{"allow":["GET"]}}],"collection":[{"href":"https:\/\/www.diarioimagen.net\/index.php?rest_route=\/wp\/v2\/posts"}],"about":[{"href":"https:\/\/www.diarioimagen.net\/index.php?rest_route=\/wp\/v2\/types\/post"}],"author":[{"embeddable":true,"href":"https:\/\/www.diarioimagen.net\/index.php?rest_route=\/wp\/v2\/users\/14"}],"replies":[{"embeddable":true,"href":"https:\/\/www.diarioimagen.net\/index.php?rest_route=%2Fwp%2Fv2%2Fcomments&post=668351"}],"version-history":[{"count":1,"href":"https:\/\/www.diarioimagen.net\/index.php?rest_route=\/wp\/v2\/posts\/668351\/revisions"}],"predecessor-version":[{"id":668353,"href":"https:\/\/www.diarioimagen.net\/index.php?rest_route=\/wp\/v2\/posts\/668351\/revisions\/668353"}],"wp:featuredmedia":[{"embeddable":true,"href":"https:\/\/www.diarioimagen.net\/index.php?rest_route=\/wp\/v2\/media\/668352"}],"wp:attachment":[{"href":"https:\/\/www.diarioimagen.net\/index.php?rest_route=%2Fwp%2Fv2%2Fmedia&parent=668351"}],"wp:term":[{"taxonomy":"category","embeddable":true,"href":"https:\/\/www.diarioimagen.net\/index.php?rest_route=%2Fwp%2Fv2%2Fcategories&post=668351"},{"taxonomy":"post_tag","embeddable":true,"href":"https:\/\/www.diarioimagen.net\/index.php?rest_route=%2Fwp%2Fv2%2Ftags&post=668351"}],"curies":[{"name":"wp","href":"https:\/\/api.w.org\/{rel}","templated":true}]}}