{"id":668354,"date":"2025-05-22T00:00:08","date_gmt":"2025-05-22T06:00:08","guid":{"rendered":"https:\/\/www.diarioimagen.net\/?p=668354"},"modified":"2025-05-21T20:16:53","modified_gmt":"2025-05-22T02:16:53","slug":"se-agota-el-tiempo-de-campanas-para-aspirantes-al-poder-judicial","status":"publish","type":"post","link":"https:\/\/www.diarioimagen.net\/?p=668354","title":{"rendered":"Se agota el tiempo de campa\u00f1as para aspirantes al Poder Judicial"},"content":{"rendered":"<p>&nbsp;<\/p>\n<p><img loading=\"lazy\" decoding=\"async\" class=\"alignnone wp-image-668355 size-large\" src=\"https:\/\/www.diarioimagen.net\/wp-content\/uploads\/2025\/05\/BAENA-4-ok-14-460x216.jpg\" alt=\"\" width=\"460\" height=\"216\" srcset=\"https:\/\/www.diarioimagen.net\/wp-content\/uploads\/2025\/05\/BAENA-4-ok-14-460x216.jpg 460w, https:\/\/www.diarioimagen.net\/wp-content\/uploads\/2025\/05\/BAENA-4-ok-14-240x113.jpg 240w, https:\/\/www.diarioimagen.net\/wp-content\/uploads\/2025\/05\/BAENA-4-ok-14-768x360.jpg 768w, https:\/\/www.diarioimagen.net\/wp-content\/uploads\/2025\/05\/BAENA-4-ok-14-1536x720.jpg 1536w, https:\/\/www.diarioimagen.net\/wp-content\/uploads\/2025\/05\/BAENA-4-ok-14-2048x960.jpg 2048w\" sizes=\"auto, (max-width: 460px) 100vw, 460px\" \/><\/p>\n<p>&nbsp;<\/p>\n<p>Valle de M\u00e9xico.- A pocos d\u00edas de que se celebre la in\u00e9dita elecci\u00f3n para definir a quienes ocupar\u00e1n cargos clave en el Poder Judicial -magistrados, jueces y ministros- en el Estado de M\u00e9xico, los aspirantes arrecian sus campa\u00f1as, aunque para muchos ya es tarde. El reloj corre implacable y la mayor\u00eda a\u00fan no logra hacerse notar ante una ciudadan\u00eda que, en buena parte, sigue sin entender c\u00f3mo podr\u00e1 participar en esta jornada hist\u00f3rica. En redes sociales comienzan a circular videos, infograf\u00edas y mensajes con propuestas. Algunos candidatos, incluso, han buscado respaldo de organizaciones civiles o liderazgos regionales. Sin embargo, el esfuerzo parece insuficiente frente a la magnitud del reto: mover a un electorado poco familiarizado con la idea de votar por jueces y ministros, algo que nunca antes hab\u00eda ocurrido y que, por lo mismo, genera incertidumbre y desinformaci\u00f3n. Es urgente que se difunda un acorde\u00f3n ciudadano, una gu\u00eda clara, precisa y sencilla para orientar a quienes s\u00ed desean votar.<\/p>\n<p>&nbsp;<\/p>\n<p>&nbsp;<\/p>\n<p>Porque s\u00ed los hay: mujeres y hombres interesados en ejercer este nuevo derecho, en incidir sobre qui\u00e9n impartir\u00e1 justicia desde lo local hasta lo nacional. Pero sin informaci\u00f3n, sin orientaci\u00f3n b\u00e1sica, el entusiasmo se desvanece entre rumores, suposiciones y apat\u00eda<\/p>\n","protected":false},"excerpt":{"rendered":"<p>&nbsp; &nbsp; Valle de M\u00e9xico.- A pocos d\u00edas de que se celebre la in\u00e9dita elecci\u00f3n para definir a quienes ocupar\u00e1n cargos clave en el Poder Judicial -magistrados, jueces y ministros- en el Estado de M\u00e9xico, los aspirantes arrecian sus campa\u00f1as, aunque para muchos ya es tarde. El reloj corre implacable y la mayor\u00eda a\u00fan no [&hellip;]<\/p>\n","protected":false},"author":14,"featured_media":668355,"comment_status":"open","ping_status":"open","sticky":false,"template":"","format":"standard","meta":{"_monsterinsights_skip_tracking":false,"_monsterinsights_sitenote_active":false,"_monsterinsights_sitenote_note":"","_monsterinsights_sitenote_category":0,"footnotes":""},"categories":[5],"tags":[],"class_list":["post-668354","post","type-post","status-publish","format-standard","has-post-thumbnail","hentry","category-estado-de-mexico"],"_links":{"self":[{"href":"https:\/\/www.diarioimagen.net\/index.php?rest_route=\/wp\/v2\/posts\/668354","targetHints":{"allow":["GET"]}}],"collection":[{"href":"https:\/\/www.diarioimagen.net\/index.php?rest_route=\/wp\/v2\/posts"}],"about":[{"href":"https:\/\/www.diarioimagen.net\/index.php?rest_route=\/wp\/v2\/types\/post"}],"author":[{"embeddable":true,"href":"https:\/\/www.diarioimagen.net\/index.php?rest_route=\/wp\/v2\/users\/14"}],"replies":[{"embeddable":true,"href":"https:\/\/www.diarioimagen.net\/index.php?rest_route=%2Fwp%2Fv2%2Fcomments&post=668354"}],"version-history":[{"count":1,"href":"https:\/\/www.diarioimagen.net\/index.php?rest_route=\/wp\/v2\/posts\/668354\/revisions"}],"predecessor-version":[{"id":668356,"href":"https:\/\/www.diarioimagen.net\/index.php?rest_route=\/wp\/v2\/posts\/668354\/revisions\/668356"}],"wp:featuredmedia":[{"embeddable":true,"href":"https:\/\/www.diarioimagen.net\/index.php?rest_route=\/wp\/v2\/media\/668355"}],"wp:attachment":[{"href":"https:\/\/www.diarioimagen.net\/index.php?rest_route=%2Fwp%2Fv2%2Fmedia&parent=668354"}],"wp:term":[{"taxonomy":"category","embeddable":true,"href":"https:\/\/www.diarioimagen.net\/index.php?rest_route=%2Fwp%2Fv2%2Fcategories&post=668354"},{"taxonomy":"post_tag","embeddable":true,"href":"https:\/\/www.diarioimagen.net\/index.php?rest_route=%2Fwp%2Fv2%2Ftags&post=668354"}],"curies":[{"name":"wp","href":"https:\/\/api.w.org\/{rel}","templated":true}]}}