{"id":668513,"date":"2025-05-23T00:00:46","date_gmt":"2025-05-23T06:00:46","guid":{"rendered":"https:\/\/www.diarioimagen.net\/?p=668513"},"modified":"2025-05-22T20:40:57","modified_gmt":"2025-05-23T02:40:57","slug":"promueven-proyectos-estrategicos-de-electromovilidad","status":"publish","type":"post","link":"https:\/\/www.diarioimagen.net\/?p=668513","title":{"rendered":"Promueven proyectos estrat\u00e9gicos de electromovilidad"},"content":{"rendered":"<ul>\n<li><strong>Acuerdo entre las secretar\u00edas de Movilidad y de Econom\u00eda<\/strong><\/li>\n<\/ul>\n<p><strong>\u00a0<\/strong><\/p>\n<div id=\"attachment_668514\" style=\"width: 370px\" class=\"wp-caption alignnone\"><img loading=\"lazy\" decoding=\"async\" aria-describedby=\"caption-attachment-668514\" class=\"wp-image-668514 size-large\" src=\"https:\/\/www.diarioimagen.net\/wp-content\/uploads\/2025\/05\/EDOMEX-2-ok-11-360x270.jpg\" alt=\"\" width=\"360\" height=\"270\" srcset=\"https:\/\/www.diarioimagen.net\/wp-content\/uploads\/2025\/05\/EDOMEX-2-ok-11-360x270.jpg 360w, https:\/\/www.diarioimagen.net\/wp-content\/uploads\/2025\/05\/EDOMEX-2-ok-11-240x180.jpg 240w, https:\/\/www.diarioimagen.net\/wp-content\/uploads\/2025\/05\/EDOMEX-2-ok-11-768x576.jpg 768w, https:\/\/www.diarioimagen.net\/wp-content\/uploads\/2025\/05\/EDOMEX-2-ok-11.jpg 1500w\" sizes=\"auto, (max-width: 360px) 100vw, 360px\" \/><p id=\"caption-attachment-668514\" class=\"wp-caption-text\">En el convenio firmado por Daniel Sibaja Gonz\u00e1lez, secretario de Movilidad y Marcelo Ebrard Casaub\u00f3n, secretario de Econom\u00eda, se acord\u00f3 promover la participaci\u00f3n de la iniciativa privada en el sector de la electromovilidad.<\/p><\/div>\n<p>&nbsp;<\/p>\n<p>&nbsp;<\/p>\n<p>Benito Ju\u00e1rez, Ciudad de M\u00e9xico.- Para fortalecer el proceso de transici\u00f3n hacia la electromovilidad, disminuir la emisi\u00f3n de contaminantes y tener un transporte p\u00fablico moderno, eficiente, c\u00f3modo y de calidad, el Gobierno del Estado de M\u00e9xico firm\u00f3 un convenio de coordinaci\u00f3n con la Secretar\u00eda de Econom\u00eda (SE) del Gobierno de M\u00e9xico para impulsar proyectos estrat\u00e9gicos de movilidad en la entidad.<\/p>\n<p>Mediante el convenio, firmado por Daniel Sibaja Gonz\u00e1lez, Secretario de Movilidad y Marcelo Ebrard Casaub\u00f3n, Secretario de Econom\u00eda, se acord\u00f3 promover la participaci\u00f3n de la iniciativa privada en el sector de la electromovilidad.<\/p>\n<p>Lo anterior permitir\u00e1 consolidar a la entidad mexiquense como una cadena de producci\u00f3n de componentes el\u00e9ctricos de alta especialidad, aprovechando el ensamblaje de veh\u00edculos el\u00e9ctricos que se realiza en el Estado de M\u00e9xico.<\/p>\n<p>Tambi\u00e9n se busca impulsar programas de Educaci\u00f3n Dual en donde se ofrezca capacitaci\u00f3n a estudiantes, profesionistas y empresarios del transporte en materias relacionadas a la electrificaci\u00f3n del transporte.<\/p>\n<p>Se desarrollar\u00e1n proyectos piloto que fortalezcan el despliegue de infraestructura de recarga el\u00e9ctrica en sitios estrat\u00e9gicos del estado.<\/p>\n<p>Ambas dependencias promover\u00e1n los proyectos en esta materia en encuentros, conferencias, cumbres, ferias y espacios de agendas internacionales y nacionales. Adem\u00e1s del intercambio de mejores pr\u00e1cticas y casos exitosos hacia la electromovilidad.<\/p>\n<p>Como parte de este acuerdo, que tendr\u00e1 vigencia hasta el 15 de septiembre del 2029, la Secretar\u00eda de Movilidad se comprometi\u00f3 a desarrollar un plan de infraestructura de carga para veh\u00edculos el\u00e9ctricos, la instalaci\u00f3n de estaciones en puntos estrat\u00e9gicos y coordinar con autoridades municipales el reordenamiento de los sistemas de transporte, con el fin de facilitar el desarrollo de transporte el\u00e9ctrico.<\/p>\n<p>&nbsp;<\/p>\n<p><strong>\u00a0<\/strong><\/p>\n","protected":false},"excerpt":{"rendered":"<p>Acuerdo entre las secretar\u00edas de Movilidad y de Econom\u00eda \u00a0 &nbsp; &nbsp; Benito Ju\u00e1rez, Ciudad de M\u00e9xico.- Para fortalecer el proceso de transici\u00f3n hacia la electromovilidad, disminuir la emisi\u00f3n de contaminantes y tener un transporte p\u00fablico moderno, eficiente, c\u00f3modo y de calidad, el Gobierno del Estado de M\u00e9xico firm\u00f3 un convenio de coordinaci\u00f3n con la [&hellip;]<\/p>\n","protected":false},"author":14,"featured_media":668514,"comment_status":"open","ping_status":"open","sticky":false,"template":"","format":"standard","meta":{"_monsterinsights_skip_tracking":false,"_monsterinsights_sitenote_active":false,"_monsterinsights_sitenote_note":"","_monsterinsights_sitenote_category":0,"footnotes":""},"categories":[5],"tags":[],"class_list":["post-668513","post","type-post","status-publish","format-standard","has-post-thumbnail","hentry","category-estado-de-mexico"],"_links":{"self":[{"href":"https:\/\/www.diarioimagen.net\/index.php?rest_route=\/wp\/v2\/posts\/668513","targetHints":{"allow":["GET"]}}],"collection":[{"href":"https:\/\/www.diarioimagen.net\/index.php?rest_route=\/wp\/v2\/posts"}],"about":[{"href":"https:\/\/www.diarioimagen.net\/index.php?rest_route=\/wp\/v2\/types\/post"}],"author":[{"embeddable":true,"href":"https:\/\/www.diarioimagen.net\/index.php?rest_route=\/wp\/v2\/users\/14"}],"replies":[{"embeddable":true,"href":"https:\/\/www.diarioimagen.net\/index.php?rest_route=%2Fwp%2Fv2%2Fcomments&post=668513"}],"version-history":[{"count":1,"href":"https:\/\/www.diarioimagen.net\/index.php?rest_route=\/wp\/v2\/posts\/668513\/revisions"}],"predecessor-version":[{"id":668515,"href":"https:\/\/www.diarioimagen.net\/index.php?rest_route=\/wp\/v2\/posts\/668513\/revisions\/668515"}],"wp:featuredmedia":[{"embeddable":true,"href":"https:\/\/www.diarioimagen.net\/index.php?rest_route=\/wp\/v2\/media\/668514"}],"wp:attachment":[{"href":"https:\/\/www.diarioimagen.net\/index.php?rest_route=%2Fwp%2Fv2%2Fmedia&parent=668513"}],"wp:term":[{"taxonomy":"category","embeddable":true,"href":"https:\/\/www.diarioimagen.net\/index.php?rest_route=%2Fwp%2Fv2%2Fcategories&post=668513"},{"taxonomy":"post_tag","embeddable":true,"href":"https:\/\/www.diarioimagen.net\/index.php?rest_route=%2Fwp%2Fv2%2Ftags&post=668513"}],"curies":[{"name":"wp","href":"https:\/\/api.w.org\/{rel}","templated":true}]}}