{"id":668573,"date":"2025-05-23T00:00:02","date_gmt":"2025-05-23T06:00:02","guid":{"rendered":"https:\/\/www.diarioimagen.net\/?p=668573"},"modified":"2025-05-22T20:58:35","modified_gmt":"2025-05-23T02:58:35","slug":"subraya-juez-del-pjcdmx-importancia-de-contestar-demanda-para-evitar-ser-declarado-en-rebeldia","status":"publish","type":"post","link":"https:\/\/www.diarioimagen.net\/?p=668573","title":{"rendered":"Subraya juez del PJCDMX  importancia de contestar demanda  para evitar ser declarado en rebeld\u00eda"},"content":{"rendered":"<p><strong>\u00a0<\/strong><\/p>\n<p><strong>\u00a0<\/strong><\/p>\n<ul>\n<li><strong>De lo contrario, el demandado pierde la oportunidad de que se tomen en cuenta sus dichos en el marco de la etapa postulatoria, en la cual se le declarar\u00e1 en rebeld\u00eda, subray\u00f3 el juez de oralidad familiar On\u00e9simo Lugo God\u00ednez<\/strong><\/li>\n<\/ul>\n<ul>\n<li><strong>Sin embargo, precis\u00f3 que, acorde al CNPCyF, aquel que no la contesta no pierde todos sus derechos, porque en la etapa de audiencia preliminar y de juicio tendr\u00e1 oportunidad de conciliar con su contraparte frente al juez<\/strong><\/li>\n<\/ul>\n<div id=\"attachment_668574\" style=\"width: 213px\" class=\"wp-caption alignnone\"><img loading=\"lazy\" decoding=\"async\" aria-describedby=\"caption-attachment-668574\" class=\"wp-image-668574 size-large\" src=\"https:\/\/www.diarioimagen.net\/wp-content\/uploads\/2025\/05\/PJCDMX-1-a-203x270.jpg\" alt=\"\" width=\"203\" height=\"270\" srcset=\"https:\/\/www.diarioimagen.net\/wp-content\/uploads\/2025\/05\/PJCDMX-1-a-203x270.jpg 203w, https:\/\/www.diarioimagen.net\/wp-content\/uploads\/2025\/05\/PJCDMX-1-a-180x240.jpg 180w, https:\/\/www.diarioimagen.net\/wp-content\/uploads\/2025\/05\/PJCDMX-1-a-768x1024.jpg 768w, https:\/\/www.diarioimagen.net\/wp-content\/uploads\/2025\/05\/PJCDMX-1-a-1152x1536.jpg 1152w, https:\/\/www.diarioimagen.net\/wp-content\/uploads\/2025\/05\/PJCDMX-1-a.jpg 1333w\" sizes=\"auto, (max-width: 203px) 100vw, 203px\" \/><p id=\"caption-attachment-668574\" class=\"wp-caption-text\">On\u00e9simo Lugo God\u00ednez, juez de oralidad familiar, del Poder Judicial de la Ciudad de M\u00e9xico, que preside el magistrado Rafael Guerra \u00c1lvarez, subray\u00f3 la importancia de que todo aquel que es demandado conteste en tiempo y forma una demanda para evitar ser declarado en rebeld\u00eda.<\/p><\/div>\n<p>&nbsp;<\/p>\n<p>El juez de oralidad familiar On\u00e9simo Lugo God\u00ednez, del Poder Judicial de la Ciudad de M\u00e9xico (PJCDMX), que preside el magistrado Rafael Guerra \u00c1lvarez, subray\u00f3 la importancia de que todo aquel que es demandado conteste en tiempo y forma la citada demanda, pues de lo contrario pierde la oportunidad de que se tomen en cuenta sus dichos en el marco de la etapa postulatoria, en la que se le declarar\u00e1 en rebeld\u00eda.<\/p>\n<p>&nbsp;<\/p>\n<p>Sin embargo, precis\u00f3 que, acorde al C\u00f3digo Nacional de Procedimientos Civiles y Familiares (CNPCyF), esto no quiere decir que el demandado que no contest\u00f3 pierda todos sus derechos, porque en la etapa siguiente, de audiencia preliminar y de juicio, tendr\u00e1 oportunidad de conciliar con su contraparte frente al juez de oralidad familiar.<\/p>\n<p>&nbsp;<\/p>\n<p>Explic\u00f3 que hay art\u00edculo expreso el cual estipula que cuando alguien no contesta la demanda los hechos narrados por la parte actora o demandante se tienen por contestados en sentido negativo.<\/p>\n<p>&nbsp;<\/p>\n<p>\u201cO sea, si un demandado no contesta, niega todo; entonces se revierte la carga de la prueba a la actora, que tienen que demostrar que el se\u00f1or no paga alimento, que es un irresponsable; las cuestiones tradicionales que ponen en una demanda\u201d, refiri\u00f3 el impartidor de justicia, quien reiter\u00f3 que esto ocurre en la etapa postulatoria dentro del proceso familiar se\u00f1alado en el CNPCyF.<\/p>\n<p>&nbsp;<\/p>\n<p>Sin embargo, puntualiz\u00f3 que el demandado, en la siguiente etapa, de audiencia preliminar y juicio tendr\u00e1 otra oportunidad de solucionar el problema. \u201cEse hecho de no contestar la demanda no le quita sus derechos (porque) puede llegar a la audiencia (preliminar), comparecer con su asesor jur\u00eddico y plantear una soluci\u00f3n al problema\u201d.<\/p>\n<p>&nbsp;<\/p>\n<p>Coment\u00f3 que las demandas sobre guarda y custodia de menores de edad y pensi\u00f3n alimenticia a favor de estos son dos de las controversias familiares de las que conocen los jueces de oralidad familiar, conforme a la actual etapa de implementaci\u00f3n del CNPCyF en el \u00f3rgano judicial capitalino.<\/p>\n<p>&nbsp;<\/p>\n<p>El impartidor de justicia record\u00f3 que, al igual que la demanda, la contestaci\u00f3n de la misma es necesario que la redacte un abogado litigante, para que los hechos narrados resulten claros y precisos.<\/p>\n<p>&nbsp;<\/p>\n<p>\u201cHay que ser muy concretos y espec\u00edficos. \u00bfPor qu\u00e9? Porque en este nuevo sistema de justicia, el c\u00f3digo lo pide, los hechos tienen que ser de manera clara y precisa, porque si no caemos en las mismas fallas que durante muchos a\u00f1os tuvimos con demandas de 100, 200 p\u00e1ginas que no nos llevan a mucho\u201d, plante\u00f3.<\/p>\n<p>&nbsp;<\/p>\n<p>&nbsp;<\/p>\n<p>&nbsp;<\/p>\n","protected":false},"excerpt":{"rendered":"<p>\u00a0 \u00a0 De lo contrario, el demandado pierde la oportunidad de que se tomen en cuenta sus dichos en el marco de la etapa postulatoria, en la cual se le declarar\u00e1 en rebeld\u00eda, subray\u00f3 el juez de oralidad familiar On\u00e9simo Lugo God\u00ednez Sin embargo, precis\u00f3 que, acorde al CNPCyF, aquel que no la contesta no [&hellip;]<\/p>\n","protected":false},"author":14,"featured_media":668574,"comment_status":"open","ping_status":"open","sticky":false,"template":"","format":"standard","meta":{"_monsterinsights_skip_tracking":false,"_monsterinsights_sitenote_active":false,"_monsterinsights_sitenote_note":"","_monsterinsights_sitenote_category":0,"footnotes":""},"categories":[3],"tags":[],"class_list":["post-668573","post","type-post","status-publish","format-standard","has-post-thumbnail","hentry","category-nacional"],"_links":{"self":[{"href":"https:\/\/www.diarioimagen.net\/index.php?rest_route=\/wp\/v2\/posts\/668573","targetHints":{"allow":["GET"]}}],"collection":[{"href":"https:\/\/www.diarioimagen.net\/index.php?rest_route=\/wp\/v2\/posts"}],"about":[{"href":"https:\/\/www.diarioimagen.net\/index.php?rest_route=\/wp\/v2\/types\/post"}],"author":[{"embeddable":true,"href":"https:\/\/www.diarioimagen.net\/index.php?rest_route=\/wp\/v2\/users\/14"}],"replies":[{"embeddable":true,"href":"https:\/\/www.diarioimagen.net\/index.php?rest_route=%2Fwp%2Fv2%2Fcomments&post=668573"}],"version-history":[{"count":1,"href":"https:\/\/www.diarioimagen.net\/index.php?rest_route=\/wp\/v2\/posts\/668573\/revisions"}],"predecessor-version":[{"id":668575,"href":"https:\/\/www.diarioimagen.net\/index.php?rest_route=\/wp\/v2\/posts\/668573\/revisions\/668575"}],"wp:featuredmedia":[{"embeddable":true,"href":"https:\/\/www.diarioimagen.net\/index.php?rest_route=\/wp\/v2\/media\/668574"}],"wp:attachment":[{"href":"https:\/\/www.diarioimagen.net\/index.php?rest_route=%2Fwp%2Fv2%2Fmedia&parent=668573"}],"wp:term":[{"taxonomy":"category","embeddable":true,"href":"https:\/\/www.diarioimagen.net\/index.php?rest_route=%2Fwp%2Fv2%2Fcategories&post=668573"},{"taxonomy":"post_tag","embeddable":true,"href":"https:\/\/www.diarioimagen.net\/index.php?rest_route=%2Fwp%2Fv2%2Ftags&post=668573"}],"curies":[{"name":"wp","href":"https:\/\/api.w.org\/{rel}","templated":true}]}}