{"id":668682,"date":"2025-05-26T00:00:51","date_gmt":"2025-05-26T06:00:51","guid":{"rendered":"https:\/\/www.diarioimagen.net\/?p=668682"},"modified":"2025-05-25T20:52:48","modified_gmt":"2025-05-26T02:52:48","slug":"las-mujeres-son-fundamentales-en-la-vida-social-dice-luis-montano","status":"publish","type":"post","link":"https:\/\/www.diarioimagen.net\/?p=668682","title":{"rendered":"Las mujeres son fundamentales\u00a0  en la vida social, dice Luis Monta\u00f1o\u00a0"},"content":{"rendered":"<p>&nbsp;<\/p>\n<ul>\n<li><strong>Celebraci\u00f3n del \u00abD\u00eda de las Madres en Atizap\u00e1n<\/strong><\/li>\n<\/ul>\n<p><strong>\u00a0<\/strong><\/p>\n<div id=\"attachment_668683\" style=\"width: 190px\" class=\"wp-caption alignnone\"><img loading=\"lazy\" decoding=\"async\" aria-describedby=\"caption-attachment-668683\" class=\"size-medium wp-image-668683\" src=\"https:\/\/www.diarioimagen.net\/wp-content\/uploads\/2025\/05\/BAENA-3-ok-15-180x240.jpg\" alt=\"\" width=\"180\" height=\"240\" srcset=\"https:\/\/www.diarioimagen.net\/wp-content\/uploads\/2025\/05\/BAENA-3-ok-15-180x240.jpg 180w, https:\/\/www.diarioimagen.net\/wp-content\/uploads\/2025\/05\/BAENA-3-ok-15-203x270.jpg 203w, https:\/\/www.diarioimagen.net\/wp-content\/uploads\/2025\/05\/BAENA-3-ok-15-768x1024.jpg 768w, https:\/\/www.diarioimagen.net\/wp-content\/uploads\/2025\/05\/BAENA-3-ok-15-1152x1536.jpg 1152w, https:\/\/www.diarioimagen.net\/wp-content\/uploads\/2025\/05\/BAENA-3-ok-15.jpg 1500w\" sizes=\"auto, (max-width: 180px) 100vw, 180px\" \/><p id=\"caption-attachment-668683\" class=\"wp-caption-text\">El empresario y l\u00edder\u00a0 social, Luis Monta\u00f1o reconoci\u00f3 la contribuci\u00f3n esencial de las mujeres en la vida econ\u00f3mica, social y familiar de Atizap\u00e1n de Zaragoza.<\/p><\/div>\n<p>&nbsp;<\/p>\n<p>Atizap\u00e1n de Zaragoza, M\u00e9x.- En el marco de los festejos por el D\u00eda de las Madres\u00bb, el empresario y l\u00edder\u00a0 social, Luis Monta\u00f1o reconoci\u00f3 la contribuci\u00f3n esencial de las mujeres en la vida econ\u00f3mica, social y familiar del municipio.<\/p>\n<p>&nbsp;<\/p>\n<p>Durante un encuentro con trabajadoras de Liconsa en el sal\u00f3n de eventos Mirareal, Monta\u00f1o destac\u00f3 el papel que desempe\u00f1an las madres en la construcci\u00f3n del tejido comunitario. \u201cEllas son quienes se levantan antes del amanecer, trabajan dentro y fuera de casa y logran hacer rendir el gasto diario. Son el verdadero sost\u00e9n de Atizap\u00e1n\u201d, se\u00f1al\u00f3.<\/p>\n<p>&nbsp;<\/p>\n<p>En su mensaje, compar\u00f3 a las madres con el centro del universo y resalt\u00f3 su capacidad para formar con valores, mantener la unidad familiar y tomar decisiones fundamentales. \u201cLas mam\u00e1s siempre saben todo y siempre tienen la raz\u00f3n\u201d, expres\u00f3.<\/p>\n<p>&nbsp;<\/p>\n<p>El evento tambi\u00e9n sirvi\u00f3 para reconocer la labor de Liconsa, empresa estatal con m\u00e1s de ocho d\u00e9cadas de operaci\u00f3n, que a trav\u00e9s de su programa de abasto social de leche atiende a m\u00e1s de 5.3 millones de personas en todo el pa\u00eds.<\/p>\n<p>&nbsp;<\/p>\n<p>Monta\u00f1o concluy\u00f3 su intervenci\u00f3n haciendo un llamado a fortalecer el reconocimiento social hacia las madres y hacia instituciones que, como Liconsa, apoyan el desarrollo familiar y comunitario. \u201cCon su esfuerzo diario, ellas hacen posible un M\u00e9xico m\u00e1s justo y m\u00e1s humano\u201d, dijo.<\/p>\n<p>&nbsp;<\/p>\n","protected":false},"excerpt":{"rendered":"<p>&nbsp; Celebraci\u00f3n del \u00abD\u00eda de las Madres en Atizap\u00e1n \u00a0 &nbsp; Atizap\u00e1n de Zaragoza, M\u00e9x.- En el marco de los festejos por el D\u00eda de las Madres\u00bb, el empresario y l\u00edder\u00a0 social, Luis Monta\u00f1o reconoci\u00f3 la contribuci\u00f3n esencial de las mujeres en la vida econ\u00f3mica, social y familiar del municipio. &nbsp; Durante un encuentro con [&hellip;]<\/p>\n","protected":false},"author":14,"featured_media":668683,"comment_status":"open","ping_status":"open","sticky":false,"template":"","format":"standard","meta":{"_monsterinsights_skip_tracking":false,"_monsterinsights_sitenote_active":false,"_monsterinsights_sitenote_note":"","_monsterinsights_sitenote_category":0,"footnotes":""},"categories":[5],"tags":[],"class_list":["post-668682","post","type-post","status-publish","format-standard","has-post-thumbnail","hentry","category-estado-de-mexico"],"_links":{"self":[{"href":"https:\/\/www.diarioimagen.net\/index.php?rest_route=\/wp\/v2\/posts\/668682","targetHints":{"allow":["GET"]}}],"collection":[{"href":"https:\/\/www.diarioimagen.net\/index.php?rest_route=\/wp\/v2\/posts"}],"about":[{"href":"https:\/\/www.diarioimagen.net\/index.php?rest_route=\/wp\/v2\/types\/post"}],"author":[{"embeddable":true,"href":"https:\/\/www.diarioimagen.net\/index.php?rest_route=\/wp\/v2\/users\/14"}],"replies":[{"embeddable":true,"href":"https:\/\/www.diarioimagen.net\/index.php?rest_route=%2Fwp%2Fv2%2Fcomments&post=668682"}],"version-history":[{"count":1,"href":"https:\/\/www.diarioimagen.net\/index.php?rest_route=\/wp\/v2\/posts\/668682\/revisions"}],"predecessor-version":[{"id":668684,"href":"https:\/\/www.diarioimagen.net\/index.php?rest_route=\/wp\/v2\/posts\/668682\/revisions\/668684"}],"wp:featuredmedia":[{"embeddable":true,"href":"https:\/\/www.diarioimagen.net\/index.php?rest_route=\/wp\/v2\/media\/668683"}],"wp:attachment":[{"href":"https:\/\/www.diarioimagen.net\/index.php?rest_route=%2Fwp%2Fv2%2Fmedia&parent=668682"}],"wp:term":[{"taxonomy":"category","embeddable":true,"href":"https:\/\/www.diarioimagen.net\/index.php?rest_route=%2Fwp%2Fv2%2Fcategories&post=668682"},{"taxonomy":"post_tag","embeddable":true,"href":"https:\/\/www.diarioimagen.net\/index.php?rest_route=%2Fwp%2Fv2%2Ftags&post=668682"}],"curies":[{"name":"wp","href":"https:\/\/api.w.org\/{rel}","templated":true}]}}