{"id":668699,"date":"2025-05-26T00:00:09","date_gmt":"2025-05-26T06:00:09","guid":{"rendered":"https:\/\/www.diarioimagen.net\/?p=668699"},"modified":"2025-05-25T21:01:14","modified_gmt":"2025-05-26T03:01:14","slug":"ofrece-issemym-tratamiento-especializado-para-meningitis","status":"publish","type":"post","link":"https:\/\/www.diarioimagen.net\/?p=668699","title":{"rendered":"\u00a0  Ofrece ISSEMyM tratamiento especializado para meningitis"},"content":{"rendered":"<ul>\n<li><strong>M\u00e9dicos capacitados y con gran experiencia<\/strong><\/li>\n<\/ul>\n<p>&nbsp;<\/p>\n<div id=\"attachment_668705\" style=\"width: 250px\" class=\"wp-caption alignnone\"><img loading=\"lazy\" decoding=\"async\" aria-describedby=\"caption-attachment-668705\" class=\"size-medium wp-image-668705\" src=\"https:\/\/www.diarioimagen.net\/wp-content\/uploads\/2025\/05\/EDOMEX-2-ok-12-240x180.jpg\" alt=\"\" width=\"240\" height=\"180\" srcset=\"https:\/\/www.diarioimagen.net\/wp-content\/uploads\/2025\/05\/EDOMEX-2-ok-12-240x180.jpg 240w, https:\/\/www.diarioimagen.net\/wp-content\/uploads\/2025\/05\/EDOMEX-2-ok-12-360x270.jpg 360w, https:\/\/www.diarioimagen.net\/wp-content\/uploads\/2025\/05\/EDOMEX-2-ok-12-768x576.jpg 768w, https:\/\/www.diarioimagen.net\/wp-content\/uploads\/2025\/05\/EDOMEX-2-ok-12.jpg 1500w\" sizes=\"auto, (max-width: 240px) 100vw, 240px\" \/><p id=\"caption-attachment-668705\" class=\"wp-caption-text\">El ISSEMyM cuenta con tratamiento especializado, m\u00e9dicos capacitados y con gran experiencia para atender este padecimiento que puede afectar tanto a la poblaci\u00f3n infantil como a los adultos.<\/p><\/div>\n<p>Toluca, Estado de M\u00e9xico.- El dolor de cabeza intenso, especialmente si es acompa\u00f1ado de fiebre y rigidez del cuello, puede ser un s\u00edntoma de meningitis, alert\u00f3 Marco Montell Garc\u00eda, Jefe del Servicio de Infectolog\u00eda del Centro M\u00e9dico Toluca (CMT), del Instituto de Seguridad Social del Estado de M\u00e9xico y Municipios (ISSEMyM).<\/p>\n<p>El especialista indic\u00f3 que este padecimiento, causado por infecciones virales, hongos o bacterias y se puede tratar. Asimismo, subray\u00f3 que el ISSEMYM, organismo sectorizado a la Oficial\u00eda Mayor, cuenta con tratamiento especializado para atender esta enfermedad, as\u00ed como con m\u00e9dicos capacitados y con gran experiencia para atender este tipo de problemas de salud.<\/p>\n<p>Reiter\u00f3 que, con el diagn\u00f3stico oportuno, se evita que el paciente presente secuelas como la disminuci\u00f3n de fuerza motora en el brazo y la pierna del mismo lado, par\u00e1lisis parcial, infarto cerebral, crisis convulsiva o trastornos cognitivos.<\/p>\n<p>A\u00f1adi\u00f3 que puede afectar tanto a la poblaci\u00f3n infantil como a los adultos mayores, as\u00ed como a los pacientes inmunodeprimidos con VIH o a aquellos que se encuentran en tratamiento por trasplante de \u00f3rganos. Tambi\u00e9n puede presentarse en pacientes sanos por factores secundarios como otitis media o sinusitis.<\/p>\n<p>Bajo el principio de El Poder de Servir, Montell Garc\u00eda pidi\u00f3 a la poblaci\u00f3n estar atentos a los s\u00edntomas de la meningitis y en su caso, acudir de inmediato al \u00e1rea de urgencias. De igual manera, recomend\u00f3 protegerse de las v\u00edas respiratorias, vacun\u00e1ndose contra la influenza y el neumococo para evitar que resfriados o contagios no sean atendidos, y estos se conviertan en una infecci\u00f3n neurol\u00f3gica.<\/p>\n<p>&nbsp;<\/p>\n<p>&nbsp;<\/p>\n<p><strong>\u00a0<\/strong><\/p>\n","protected":false},"excerpt":{"rendered":"<p>M\u00e9dicos capacitados y con gran experiencia &nbsp; Toluca, Estado de M\u00e9xico.- El dolor de cabeza intenso, especialmente si es acompa\u00f1ado de fiebre y rigidez del cuello, puede ser un s\u00edntoma de meningitis, alert\u00f3 Marco Montell Garc\u00eda, Jefe del Servicio de Infectolog\u00eda del Centro M\u00e9dico Toluca (CMT), del Instituto de Seguridad Social del Estado de M\u00e9xico [&hellip;]<\/p>\n","protected":false},"author":14,"featured_media":668705,"comment_status":"open","ping_status":"open","sticky":false,"template":"","format":"standard","meta":{"_monsterinsights_skip_tracking":false,"_monsterinsights_sitenote_active":false,"_monsterinsights_sitenote_note":"","_monsterinsights_sitenote_category":0,"footnotes":""},"categories":[5],"tags":[],"class_list":["post-668699","post","type-post","status-publish","format-standard","has-post-thumbnail","hentry","category-estado-de-mexico"],"_links":{"self":[{"href":"https:\/\/www.diarioimagen.net\/index.php?rest_route=\/wp\/v2\/posts\/668699","targetHints":{"allow":["GET"]}}],"collection":[{"href":"https:\/\/www.diarioimagen.net\/index.php?rest_route=\/wp\/v2\/posts"}],"about":[{"href":"https:\/\/www.diarioimagen.net\/index.php?rest_route=\/wp\/v2\/types\/post"}],"author":[{"embeddable":true,"href":"https:\/\/www.diarioimagen.net\/index.php?rest_route=\/wp\/v2\/users\/14"}],"replies":[{"embeddable":true,"href":"https:\/\/www.diarioimagen.net\/index.php?rest_route=%2Fwp%2Fv2%2Fcomments&post=668699"}],"version-history":[{"count":1,"href":"https:\/\/www.diarioimagen.net\/index.php?rest_route=\/wp\/v2\/posts\/668699\/revisions"}],"predecessor-version":[{"id":668711,"href":"https:\/\/www.diarioimagen.net\/index.php?rest_route=\/wp\/v2\/posts\/668699\/revisions\/668711"}],"wp:featuredmedia":[{"embeddable":true,"href":"https:\/\/www.diarioimagen.net\/index.php?rest_route=\/wp\/v2\/media\/668705"}],"wp:attachment":[{"href":"https:\/\/www.diarioimagen.net\/index.php?rest_route=%2Fwp%2Fv2%2Fmedia&parent=668699"}],"wp:term":[{"taxonomy":"category","embeddable":true,"href":"https:\/\/www.diarioimagen.net\/index.php?rest_route=%2Fwp%2Fv2%2Fcategories&post=668699"},{"taxonomy":"post_tag","embeddable":true,"href":"https:\/\/www.diarioimagen.net\/index.php?rest_route=%2Fwp%2Fv2%2Ftags&post=668699"}],"curies":[{"name":"wp","href":"https:\/\/api.w.org\/{rel}","templated":true}]}}