{"id":669089,"date":"2025-05-28T00:00:19","date_gmt":"2025-05-28T06:00:19","guid":{"rendered":"https:\/\/www.diarioimagen.net\/?p=669089"},"modified":"2025-05-27T20:11:29","modified_gmt":"2025-05-28T02:11:29","slug":"un-hecho-movilidad-segura-en-naucalpan-afirma-el-regidor-morenista-francisco-gomez","status":"publish","type":"post","link":"https:\/\/www.diarioimagen.net\/?p=669089","title":{"rendered":"Un hecho, movilidad Segura en Naucalpan,  \u00a0afirma el regidor morenista Francisco G\u00f3mez"},"content":{"rendered":"<p>&nbsp;<\/p>\n<ul>\n<li><strong>Destacan avance de la L\u00ednea 3 del Mexicable<\/strong><\/li>\n<\/ul>\n<p><strong>\u00a0<\/strong><\/p>\n<div id=\"attachment_669090\" style=\"width: 306px\" class=\"wp-caption alignnone\"><img loading=\"lazy\" decoding=\"async\" aria-describedby=\"caption-attachment-669090\" class=\"wp-image-669090 size-large\" src=\"https:\/\/www.diarioimagen.net\/wp-content\/uploads\/2025\/05\/BAENA-1-OK-12-296x270.jpg\" alt=\"\" width=\"296\" height=\"270\" srcset=\"https:\/\/www.diarioimagen.net\/wp-content\/uploads\/2025\/05\/BAENA-1-OK-12-296x270.jpg 296w, https:\/\/www.diarioimagen.net\/wp-content\/uploads\/2025\/05\/BAENA-1-OK-12-240x219.jpg 240w, https:\/\/www.diarioimagen.net\/wp-content\/uploads\/2025\/05\/BAENA-1-OK-12-768x701.jpg 768w, https:\/\/www.diarioimagen.net\/wp-content\/uploads\/2025\/05\/BAENA-1-OK-12-1536x1403.jpg 1536w, https:\/\/www.diarioimagen.net\/wp-content\/uploads\/2025\/05\/BAENA-1-OK-12-2048x1871.jpg 2048w\" sizes=\"auto, (max-width: 296px) 100vw, 296px\" \/><p id=\"caption-attachment-669090\" class=\"wp-caption-text\">El regidor Francisco G\u00f3mez Cortes se\u00f1al\u00f3 que la L\u00ednea 3 del Mexicable mejorar\u00e1 la movilidad de vida de miles de naucalpenses.<\/p><\/div>\n<p>&nbsp;<\/p>\n<p>Naucalpan, M\u00e9x.- Delegados, Consejos de Participaci\u00f3n Ciudadana (Copacis), s\u00edndicos y regidores,\u00a0 aplaudieron el avance de la L\u00ednea 3 del Mexicable, que conectar\u00e1 la parte alta de Naucalpan con la Ciudad de M\u00e9xico, el cual ser\u00e1 un legado hist\u00f3rico que quedar\u00e1 para la posteridad en beneficio de la comunidad.<\/p>\n<p>&nbsp;<\/p>\n<p>Francisco G\u00f3mez Cortes, en su calidad de regidor de Morena, reconoci\u00f3 que \u201cse mejorar\u00e1 la calidad de vida de miles de personas pues contar\u00e1n con una movilidad eficaz y seguridad porque en este sistema de transporte no existen robos\u201d, afirm\u00f3<\/p>\n<p>&nbsp;<\/p>\n<p>En ese sentido, y tras la supervisi\u00f3n de trabajos en la estaci\u00f3n 4 San Antonio Zomeyucan, que recientemente realiz\u00f3 el alcalde junto con la gobernadora Delfina G\u00f3mez \u00c1lvarez, calific\u00f3 la obra como un legado hist\u00f3rico que quedar\u00e1 para la posteridad que beneficiar\u00e1 a la comunidad en la mejora de su calidad de vida.<\/p>\n<p>&nbsp;<\/p>\n<p>En esta estaci\u00f3n se lleva un avance del 33 por ciento en las pilas de cimentaci\u00f3n y se avanza conforme al cronograma de trabajos y la obra no presenta contratiempos. Tambi\u00e9n se realizan trabajos simult\u00e1neos en perforaci\u00f3n, armado, izaje y colocado de pilas; avance constante en pilas con presencia de m\u00faltiples frentes activos\u00a0 (43 de 141 pilas coladas).<\/p>\n<p>&nbsp;<\/p>\n<p>En esta supervisi\u00f3n se inform\u00f3 que la estaci\u00f3n San Antonio Zomeyucan forma parte de la l\u00ednea troncal del telef\u00e9rico, \u201ctenemos seis estaciones en la l\u00ednea troncal y dos antenas, una que va hacia Izcalli Chamapa y la otra antena que va a Lomas del Cadete\u201d. Se destac\u00f3 que se trata de la estaci\u00f3n m\u00e1s grande de todo el telef\u00e9rico y que aqu\u00ed se alojar\u00e1n 178 cabinas de la l\u00ednea troncal.<\/p>\n<p>&nbsp;<\/p>\n<p>Subrayaron que la estaci\u00f3n San Antonio Zomeyucan es la primera estaci\u00f3n de telef\u00e9rico en M\u00e9xico, que tendr\u00e1 un triple transbordo, debido a que si se baja de la cabina, se decide si se va a Izcalli Chamapa o hacia Lomas del Cadete.<\/p>\n<p>&nbsp;<\/p>\n<p>&nbsp;<\/p>\n","protected":false},"excerpt":{"rendered":"<p>&nbsp; Destacan avance de la L\u00ednea 3 del Mexicable \u00a0 &nbsp; Naucalpan, M\u00e9x.- Delegados, Consejos de Participaci\u00f3n Ciudadana (Copacis), s\u00edndicos y regidores,\u00a0 aplaudieron el avance de la L\u00ednea 3 del Mexicable, que conectar\u00e1 la parte alta de Naucalpan con la Ciudad de M\u00e9xico, el cual ser\u00e1 un legado hist\u00f3rico que quedar\u00e1 para la posteridad en [&hellip;]<\/p>\n","protected":false},"author":14,"featured_media":669090,"comment_status":"open","ping_status":"open","sticky":false,"template":"","format":"standard","meta":{"_monsterinsights_skip_tracking":false,"_monsterinsights_sitenote_active":false,"_monsterinsights_sitenote_note":"","_monsterinsights_sitenote_category":0,"footnotes":""},"categories":[5],"tags":[],"class_list":["post-669089","post","type-post","status-publish","format-standard","has-post-thumbnail","hentry","category-estado-de-mexico"],"_links":{"self":[{"href":"https:\/\/www.diarioimagen.net\/index.php?rest_route=\/wp\/v2\/posts\/669089","targetHints":{"allow":["GET"]}}],"collection":[{"href":"https:\/\/www.diarioimagen.net\/index.php?rest_route=\/wp\/v2\/posts"}],"about":[{"href":"https:\/\/www.diarioimagen.net\/index.php?rest_route=\/wp\/v2\/types\/post"}],"author":[{"embeddable":true,"href":"https:\/\/www.diarioimagen.net\/index.php?rest_route=\/wp\/v2\/users\/14"}],"replies":[{"embeddable":true,"href":"https:\/\/www.diarioimagen.net\/index.php?rest_route=%2Fwp%2Fv2%2Fcomments&post=669089"}],"version-history":[{"count":1,"href":"https:\/\/www.diarioimagen.net\/index.php?rest_route=\/wp\/v2\/posts\/669089\/revisions"}],"predecessor-version":[{"id":669091,"href":"https:\/\/www.diarioimagen.net\/index.php?rest_route=\/wp\/v2\/posts\/669089\/revisions\/669091"}],"wp:featuredmedia":[{"embeddable":true,"href":"https:\/\/www.diarioimagen.net\/index.php?rest_route=\/wp\/v2\/media\/669090"}],"wp:attachment":[{"href":"https:\/\/www.diarioimagen.net\/index.php?rest_route=%2Fwp%2Fv2%2Fmedia&parent=669089"}],"wp:term":[{"taxonomy":"category","embeddable":true,"href":"https:\/\/www.diarioimagen.net\/index.php?rest_route=%2Fwp%2Fv2%2Fcategories&post=669089"},{"taxonomy":"post_tag","embeddable":true,"href":"https:\/\/www.diarioimagen.net\/index.php?rest_route=%2Fwp%2Fv2%2Ftags&post=669089"}],"curies":[{"name":"wp","href":"https:\/\/api.w.org\/{rel}","templated":true}]}}