{"id":669174,"date":"2025-05-28T00:00:16","date_gmt":"2025-05-28T06:00:16","guid":{"rendered":"https:\/\/www.diarioimagen.net\/?p=669174"},"modified":"2025-05-27T20:44:53","modified_gmt":"2025-05-28T02:44:53","slug":"profesora-uaemex-participa-en-trabajo-que-documenta-el-desplazamiento-forzado","status":"publish","type":"post","link":"https:\/\/www.diarioimagen.net\/?p=669174","title":{"rendered":"Profesora UAEM\u00e9x participa en trabajo que documenta el desplazamiento forzado"},"content":{"rendered":"<ul>\n<li><strong>Investigaci\u00f3n binacional<\/strong><\/li>\n<\/ul>\n<p><strong>\u00a0<\/strong><\/p>\n<p><strong>\u00a0<\/strong><\/p>\n<p><strong>\u00a0<\/strong><\/p>\n<div id=\"attachment_669175\" style=\"width: 414px\" class=\"wp-caption alignnone\"><img loading=\"lazy\" decoding=\"async\" aria-describedby=\"caption-attachment-669175\" class=\"wp-image-669175 size-large\" src=\"https:\/\/www.diarioimagen.net\/wp-content\/uploads\/2025\/05\/UAEM-2-1-404x270.jpeg\" alt=\"\" width=\"404\" height=\"270\" srcset=\"https:\/\/www.diarioimagen.net\/wp-content\/uploads\/2025\/05\/UAEM-2-1-404x270.jpeg 404w, https:\/\/www.diarioimagen.net\/wp-content\/uploads\/2025\/05\/UAEM-2-1-240x160.jpeg 240w, https:\/\/www.diarioimagen.net\/wp-content\/uploads\/2025\/05\/UAEM-2-1-768x513.jpeg 768w, https:\/\/www.diarioimagen.net\/wp-content\/uploads\/2025\/05\/UAEM-2-1.jpeg 1333w\" sizes=\"auto, (max-width: 404px) 100vw, 404px\" \/><p id=\"caption-attachment-669175\" class=\"wp-caption-text\">La investigadora Mariana Becerra S\u00e1nchez, profesora de la Unidad Acad\u00e9mica Profesional Tlalnepantla de la UAEM\u00e9x, forma parte del equipo binacional de investigaci\u00f3n que desarrolla el proyecto \u201cGeograf\u00edas del desplazamiento forzado\u201d.<\/p><\/div>\n<p>&nbsp;<\/p>\n<p>Tlalnepantla, M\u00e9x.- Mariana Becerra S\u00e1nchez, profesora de la Unidad Acad\u00e9mica Profesional Tlalnepantla de la Universidad Aut\u00f3noma del Estado de M\u00e9xico (UAEM\u00e9x), forma parte del equipo binacional de investigaci\u00f3n que desarrolla el proyecto \u201cGeograf\u00edas del desplazamiento forzado\u201d, que indaga historias de ni\u00f1as, ni\u00f1os y familias mexicanas que huyen de sus comunidades a causa de la violencia.<\/p>\n<p>El trabajo, que inici\u00f3 en el a\u00f1o 2022 y que cuenta con financiamiento de la Universidad de Texas, documenta las experiencias de quienes han sido desplazados internamente en el pa\u00eds, centr\u00e1ndose en los trayectos hacia la frontera norte y en los desaf\u00edos para acceder al asilo en Estados Unidos.<\/p>\n<p>La profesora de la Aut\u00f3noma mexiquense refiri\u00f3 que con base en metodolog\u00edas cualitativas y entrevistas participativas, el equipo integrado por siete investigadoras e investigadores de instituciones como la Universidad Nacional Aut\u00f3noma de M\u00e9xico, el Departamento de Investigaciones Educativas (DIE) del Centro de Investigaci\u00f3n y de Estudios Avanzados (Cinvestav) del Instituto Polit\u00e9cnico Nacional (IPN), la Universidad Aut\u00f3noma Metropolitana y la Universidad de Texas, adem\u00e1s de becarios, realiz\u00f3 m\u00e1s de cien entrevistas, muchas de ellas con infancias desplazadas.<\/p>\n<p>Con un particular inter\u00e9s en los protagonismos infantiles, como parte del trabajo de campo en Ciudad Ju\u00e1rez, Chihuahua, el equipo realiz\u00f3 entrevistas a ni\u00f1as y ni\u00f1os de entre 13 y 17 a\u00f1os, quienes viajaban solos o acompa\u00f1ados por sus familias.<\/p>\n<p>Los relatos, indic\u00f3 Becerra S\u00e1nchez, evidencian c\u00f3mo las infancias sufren las consecuencias del desplazamiento forzado, pero tambi\u00e9n desarrollan formas de cuidado, aprendizaje y resistencia en medio de contextos sumamente adversos.<\/p>\n<p>\u201cLa mayor\u00eda de las familias entrevistadas provienen de estados como Guerrero y Michoac\u00e1n. Se desplazan para proteger a sus hijos e hijas del reclutamiento forzado por parte del crimen organizado. Y en muchos casos, esta decisi\u00f3n representa un acto de resistencia\u201d, asever\u00f3.<\/p>\n<p>De esta manera, destac\u00f3, se identificaron patrones de violencia diferenciada por g\u00e9nero. \u201cLos varones suelen ser reclutados para integrarse al brazo armado de los c\u00e1rteles, mientras que las ni\u00f1as enfrentan riesgos vinculados a violencia sexual, trata y explotaci\u00f3n dom\u00e9stica al interior de los grupos criminales\u201d, dijo.<\/p>\n<p><strong>\u00a0<\/strong><\/p>\n<p><strong>Ni\u00f1os no sue\u00f1an con llegar a EU; sue\u00f1an con regresar a casa y recuperar su vida<\/strong><\/p>\n<p>&nbsp;<\/p>\n<p>Luego de puntualizar que el crimen organizado ha intensificado su control sobre territorios enteros, dificultando a\u00fan m\u00e1s la posibilidad de regresar a las comunidades de origen, Mariana Becerra refiri\u00f3 que el trabajo de investigaci\u00f3n tambi\u00e9n documenta los obst\u00e1culos que enfrentan las personas desplazadas al llegar a la frontera.<\/p>\n<p>Sostuvo que, a pesar de huir de amenazas directas, muchas familias mexicanas encuentran barreras sociopol\u00edticas y administrativas para solicitar asilo en Estados Unidos. El endurecimiento de las pol\u00edticas migratorias, especialmente con el regreso de Donald Trump a la presidencia de los Estados Unidos de Norteam\u00e9rica, provoca estancamientos prolongados en las fronteras y el colapso de mecanismos como las aplicaciones m\u00f3viles para registro de asilo.<\/p>\n<p>Acot\u00f3 que una l\u00ednea de investigaci\u00f3n paralela dentro del proyecto eje analiza las dificultades en el acceso al asilo y c\u00f3mo, incluso en la espera, las personas desplazadas contin\u00faan siendo vulnerables a nuevos abusos y formas de control.<\/p>\n<p>Explic\u00f3 que el trabajo de campo del proyecto de investigaci\u00f3n concluy\u00f3 en el a\u00f1o 2023, pero la investigaci\u00f3n contin\u00faa con la elaboraci\u00f3n de art\u00edculos acad\u00e9micos. Uno de ellos se centra en la relaci\u00f3n entre el desplazamiento forzado y el reclutamiento criminal, con \u00e9nfasis en las diferencias de g\u00e9nero.<\/p>\n<p>&nbsp;<\/p>\n<p>&nbsp;<\/p>\n<p>&nbsp;<\/p>\n<p><strong>\u00a0<\/strong><\/p>\n<p><strong>\u00a0<\/strong><\/p>\n<p>&nbsp;<\/p>\n<p>&nbsp;<\/p>\n","protected":false},"excerpt":{"rendered":"<p>Investigaci\u00f3n binacional \u00a0 \u00a0 \u00a0 &nbsp; Tlalnepantla, M\u00e9x.- Mariana Becerra S\u00e1nchez, profesora de la Unidad Acad\u00e9mica Profesional Tlalnepantla de la Universidad Aut\u00f3noma del Estado de M\u00e9xico (UAEM\u00e9x), forma parte del equipo binacional de investigaci\u00f3n que desarrolla el proyecto \u201cGeograf\u00edas del desplazamiento forzado\u201d, que indaga historias de ni\u00f1as, ni\u00f1os y familias mexicanas que huyen de sus [&hellip;]<\/p>\n","protected":false},"author":14,"featured_media":669175,"comment_status":"open","ping_status":"open","sticky":false,"template":"","format":"standard","meta":{"_monsterinsights_skip_tracking":false,"_monsterinsights_sitenote_active":false,"_monsterinsights_sitenote_note":"","_monsterinsights_sitenote_category":0,"footnotes":""},"categories":[16,5],"tags":[],"class_list":["post-669174","post","type-post","status-publish","format-standard","has-post-thumbnail","hentry","category-destacadas","category-estado-de-mexico"],"_links":{"self":[{"href":"https:\/\/www.diarioimagen.net\/index.php?rest_route=\/wp\/v2\/posts\/669174","targetHints":{"allow":["GET"]}}],"collection":[{"href":"https:\/\/www.diarioimagen.net\/index.php?rest_route=\/wp\/v2\/posts"}],"about":[{"href":"https:\/\/www.diarioimagen.net\/index.php?rest_route=\/wp\/v2\/types\/post"}],"author":[{"embeddable":true,"href":"https:\/\/www.diarioimagen.net\/index.php?rest_route=\/wp\/v2\/users\/14"}],"replies":[{"embeddable":true,"href":"https:\/\/www.diarioimagen.net\/index.php?rest_route=%2Fwp%2Fv2%2Fcomments&post=669174"}],"version-history":[{"count":1,"href":"https:\/\/www.diarioimagen.net\/index.php?rest_route=\/wp\/v2\/posts\/669174\/revisions"}],"predecessor-version":[{"id":669176,"href":"https:\/\/www.diarioimagen.net\/index.php?rest_route=\/wp\/v2\/posts\/669174\/revisions\/669176"}],"wp:featuredmedia":[{"embeddable":true,"href":"https:\/\/www.diarioimagen.net\/index.php?rest_route=\/wp\/v2\/media\/669175"}],"wp:attachment":[{"href":"https:\/\/www.diarioimagen.net\/index.php?rest_route=%2Fwp%2Fv2%2Fmedia&parent=669174"}],"wp:term":[{"taxonomy":"category","embeddable":true,"href":"https:\/\/www.diarioimagen.net\/index.php?rest_route=%2Fwp%2Fv2%2Fcategories&post=669174"},{"taxonomy":"post_tag","embeddable":true,"href":"https:\/\/www.diarioimagen.net\/index.php?rest_route=%2Fwp%2Fv2%2Ftags&post=669174"}],"curies":[{"name":"wp","href":"https:\/\/api.w.org\/{rel}","templated":true}]}}