{"id":669279,"date":"2025-05-29T00:00:13","date_gmt":"2025-05-29T06:00:13","guid":{"rendered":"https:\/\/www.diarioimagen.net\/?p=669279"},"modified":"2025-05-28T21:19:02","modified_gmt":"2025-05-29T03:19:02","slug":"morena-promotor-de-la-democracia-dice-luz-maria-hernandez-bermudez","status":"publish","type":"post","link":"https:\/\/www.diarioimagen.net\/?p=669279","title":{"rendered":"Morena, promotor de la democracia,  dice Luz Mar\u00eda Hern\u00e1ndez Berm\u00fadez"},"content":{"rendered":"<ul>\n<li><strong>Prev\u00e9 jornada electoral ejemplar<\/strong><\/li>\n<\/ul>\n<p><strong>\u00a0<\/strong><\/p>\n<p><img loading=\"lazy\" decoding=\"async\" class=\"alignnone wp-image-669280 size-large\" src=\"https:\/\/www.diarioimagen.net\/wp-content\/uploads\/2025\/05\/BAENA-3-ok-17-410x270.jpg\" alt=\"\" width=\"410\" height=\"270\" srcset=\"https:\/\/www.diarioimagen.net\/wp-content\/uploads\/2025\/05\/BAENA-3-ok-17-410x270.jpg 410w, https:\/\/www.diarioimagen.net\/wp-content\/uploads\/2025\/05\/BAENA-3-ok-17-240x158.jpg 240w, https:\/\/www.diarioimagen.net\/wp-content\/uploads\/2025\/05\/BAENA-3-ok-17-768x505.jpg 768w, https:\/\/www.diarioimagen.net\/wp-content\/uploads\/2025\/05\/BAENA-3-ok-17-1536x1010.jpg 1536w, https:\/\/www.diarioimagen.net\/wp-content\/uploads\/2025\/05\/BAENA-3-ok-17-2048x1347.jpg 2048w\" sizes=\"auto, (max-width: 410px) 100vw, 410px\" \/><\/p>\n<p>Ecatepec, M\u00e9x.- \u201cMientras la oposici\u00f3n demerita un proceso (el judicial), que ha llamado la atenci\u00f3n del mundo, nosotros somos respetuosos y promotores de la democracia\u201d.<\/p>\n<p>&nbsp;<\/p>\n<p>As\u00ed lo expres\u00f3 Luz Mar\u00eda Hern\u00e1ndez Berm\u00fadez, presidenta del Comit\u00e9 Ejecutivo Estatal de Morena en el Estado de M\u00e9xico.<\/p>\n<p>&nbsp;<\/p>\n<p>\u201cMuchas voces se levantan, pero sin pruebas, el que acusa est\u00e1 obligado a comprobar y lo que haga la oposici\u00f3n para manchar un ejercicio democr\u00e1tico como el que tendremos el 1 de junio no afectar\u00e1 la participaci\u00f3n del electorado\u201d manifest\u00f3.<\/p>\n<p>&nbsp;<\/p>\n<p>Por otra parte, la dirigente partidista, abund\u00f3 que \u201ces cierto que para lograr erradicar la corrupci\u00f3n y el clientelismo hemos tenido que remar a contracorriente, pero la aceptaci\u00f3n que tenemos como movimiento de la 4T avala que vamos por buen camino\u201d, remarc\u00f3<\/p>\n<p>&nbsp;<\/p>\n<p>Hern\u00e1ndez Bermudez, insisti\u00f3 en que \u201csabemos que a pesar de los obst\u00e1culos tendremos una jornada electoral acorde a lo que se ha trabajado para dar al pueblo de M\u00e9xico un pa\u00eds, un Estado y un municipio diferente en cuanto a impartici\u00f3n de justicia\u201d , enfatiz\u00f3.<\/p>\n<p>&nbsp;<\/p>\n<p>Finalmente, reiter\u00f3: \u201cque no se equivoquen, pues este 1 de junio de 2025, en M\u00e9xico tendr\u00e1 lugar un proceso electoral sin precedentes, ya que las y los ciudadanos podr\u00e1n emitir su voto para designar a las personas que integrar\u00e1n al Poder Judicial de la Federaci\u00f3n (PJF), dado que nunca se hab\u00eda definido la integraci\u00f3n del PJF mediante voto popular\u201d.<\/p>\n<p>&nbsp;<\/p>\n<p>&nbsp;<\/p>\n","protected":false},"excerpt":{"rendered":"<p>Prev\u00e9 jornada electoral ejemplar \u00a0 Ecatepec, M\u00e9x.- \u201cMientras la oposici\u00f3n demerita un proceso (el judicial), que ha llamado la atenci\u00f3n del mundo, nosotros somos respetuosos y promotores de la democracia\u201d. &nbsp; As\u00ed lo expres\u00f3 Luz Mar\u00eda Hern\u00e1ndez Berm\u00fadez, presidenta del Comit\u00e9 Ejecutivo Estatal de Morena en el Estado de M\u00e9xico. &nbsp; \u201cMuchas voces se levantan, [&hellip;]<\/p>\n","protected":false},"author":14,"featured_media":669280,"comment_status":"open","ping_status":"open","sticky":false,"template":"","format":"standard","meta":{"_monsterinsights_skip_tracking":false,"_monsterinsights_sitenote_active":false,"_monsterinsights_sitenote_note":"","_monsterinsights_sitenote_category":0,"footnotes":""},"categories":[5],"tags":[],"class_list":["post-669279","post","type-post","status-publish","format-standard","has-post-thumbnail","hentry","category-estado-de-mexico"],"_links":{"self":[{"href":"https:\/\/www.diarioimagen.net\/index.php?rest_route=\/wp\/v2\/posts\/669279","targetHints":{"allow":["GET"]}}],"collection":[{"href":"https:\/\/www.diarioimagen.net\/index.php?rest_route=\/wp\/v2\/posts"}],"about":[{"href":"https:\/\/www.diarioimagen.net\/index.php?rest_route=\/wp\/v2\/types\/post"}],"author":[{"embeddable":true,"href":"https:\/\/www.diarioimagen.net\/index.php?rest_route=\/wp\/v2\/users\/14"}],"replies":[{"embeddable":true,"href":"https:\/\/www.diarioimagen.net\/index.php?rest_route=%2Fwp%2Fv2%2Fcomments&post=669279"}],"version-history":[{"count":1,"href":"https:\/\/www.diarioimagen.net\/index.php?rest_route=\/wp\/v2\/posts\/669279\/revisions"}],"predecessor-version":[{"id":669281,"href":"https:\/\/www.diarioimagen.net\/index.php?rest_route=\/wp\/v2\/posts\/669279\/revisions\/669281"}],"wp:featuredmedia":[{"embeddable":true,"href":"https:\/\/www.diarioimagen.net\/index.php?rest_route=\/wp\/v2\/media\/669280"}],"wp:attachment":[{"href":"https:\/\/www.diarioimagen.net\/index.php?rest_route=%2Fwp%2Fv2%2Fmedia&parent=669279"}],"wp:term":[{"taxonomy":"category","embeddable":true,"href":"https:\/\/www.diarioimagen.net\/index.php?rest_route=%2Fwp%2Fv2%2Fcategories&post=669279"},{"taxonomy":"post_tag","embeddable":true,"href":"https:\/\/www.diarioimagen.net\/index.php?rest_route=%2Fwp%2Fv2%2Ftags&post=669279"}],"curies":[{"name":"wp","href":"https:\/\/api.w.org\/{rel}","templated":true}]}}