{"id":669282,"date":"2025-05-29T00:00:14","date_gmt":"2025-05-29T06:00:14","guid":{"rendered":"https:\/\/www.diarioimagen.net\/?p=669282"},"modified":"2025-05-28T21:24:14","modified_gmt":"2025-05-29T03:24:14","slug":"es-importante-impulsar-la-educacion-en-los-jovenes-alfredo-oropeza","status":"publish","type":"post","link":"https:\/\/www.diarioimagen.net\/?p=669282","title":{"rendered":"Es importante impulsar la educaci\u00f3n en los j\u00f3venes: Alfredo Oropeza"},"content":{"rendered":"<p><img loading=\"lazy\" decoding=\"async\" class=\"alignnone wp-image-669283 size-large\" src=\"https:\/\/www.diarioimagen.net\/wp-content\/uploads\/2025\/05\/BAENA-4-ok-19-408x270.jpg\" alt=\"\" width=\"408\" height=\"270\" srcset=\"https:\/\/www.diarioimagen.net\/wp-content\/uploads\/2025\/05\/BAENA-4-ok-19-408x270.jpg 408w, https:\/\/www.diarioimagen.net\/wp-content\/uploads\/2025\/05\/BAENA-4-ok-19-240x159.jpg 240w, https:\/\/www.diarioimagen.net\/wp-content\/uploads\/2025\/05\/BAENA-4-ok-19-768x509.jpg 768w, https:\/\/www.diarioimagen.net\/wp-content\/uploads\/2025\/05\/BAENA-4-ok-19-1536x1017.jpg 1536w, https:\/\/www.diarioimagen.net\/wp-content\/uploads\/2025\/05\/BAENA-4-ok-19-2048x1356.jpg 2048w\" sizes=\"auto, (max-width: 408px) 100vw, 408px\" \/><\/p>\n<p>&nbsp;<\/p>\n<p>Tlalnepantla, M\u00e9x.- El pol\u00edtico mexiquense Alfredo Oropeza particip\u00f3 en una charla con estudiantes de la Escuela Bancaria y Comercial (EBC) Plantel Tlalnepantla, donde comparti\u00f3 su visi\u00f3n sobre la importancia de encontrar una vocaci\u00f3n clara y una misi\u00f3n de vida para construir un camino profesional s\u00f3lido. Durante el encuentro reconoci\u00f3 el papel clave que tienen los j\u00f3venes en el futuro del pa\u00eds y la necesidad de formar liderazgos con prop\u00f3sito.\u00a0 Agradeci\u00f3 la invitaci\u00f3n de la sociedad de alumnos y destac\u00f3 que espacios como este fortalecen la identidad, la preparaci\u00f3n y el compromiso social de las nuevas generaciones.<\/p>\n","protected":false},"excerpt":{"rendered":"<p>&nbsp; Tlalnepantla, M\u00e9x.- El pol\u00edtico mexiquense Alfredo Oropeza particip\u00f3 en una charla con estudiantes de la Escuela Bancaria y Comercial (EBC) Plantel Tlalnepantla, donde comparti\u00f3 su visi\u00f3n sobre la importancia de encontrar una vocaci\u00f3n clara y una misi\u00f3n de vida para construir un camino profesional s\u00f3lido. Durante el encuentro reconoci\u00f3 el papel clave que tienen [&hellip;]<\/p>\n","protected":false},"author":14,"featured_media":669283,"comment_status":"open","ping_status":"open","sticky":false,"template":"","format":"standard","meta":{"_monsterinsights_skip_tracking":false,"_monsterinsights_sitenote_active":false,"_monsterinsights_sitenote_note":"","_monsterinsights_sitenote_category":0,"footnotes":""},"categories":[5],"tags":[],"class_list":["post-669282","post","type-post","status-publish","format-standard","has-post-thumbnail","hentry","category-estado-de-mexico"],"_links":{"self":[{"href":"https:\/\/www.diarioimagen.net\/index.php?rest_route=\/wp\/v2\/posts\/669282","targetHints":{"allow":["GET"]}}],"collection":[{"href":"https:\/\/www.diarioimagen.net\/index.php?rest_route=\/wp\/v2\/posts"}],"about":[{"href":"https:\/\/www.diarioimagen.net\/index.php?rest_route=\/wp\/v2\/types\/post"}],"author":[{"embeddable":true,"href":"https:\/\/www.diarioimagen.net\/index.php?rest_route=\/wp\/v2\/users\/14"}],"replies":[{"embeddable":true,"href":"https:\/\/www.diarioimagen.net\/index.php?rest_route=%2Fwp%2Fv2%2Fcomments&post=669282"}],"version-history":[{"count":1,"href":"https:\/\/www.diarioimagen.net\/index.php?rest_route=\/wp\/v2\/posts\/669282\/revisions"}],"predecessor-version":[{"id":669284,"href":"https:\/\/www.diarioimagen.net\/index.php?rest_route=\/wp\/v2\/posts\/669282\/revisions\/669284"}],"wp:featuredmedia":[{"embeddable":true,"href":"https:\/\/www.diarioimagen.net\/index.php?rest_route=\/wp\/v2\/media\/669283"}],"wp:attachment":[{"href":"https:\/\/www.diarioimagen.net\/index.php?rest_route=%2Fwp%2Fv2%2Fmedia&parent=669282"}],"wp:term":[{"taxonomy":"category","embeddable":true,"href":"https:\/\/www.diarioimagen.net\/index.php?rest_route=%2Fwp%2Fv2%2Fcategories&post=669282"},{"taxonomy":"post_tag","embeddable":true,"href":"https:\/\/www.diarioimagen.net\/index.php?rest_route=%2Fwp%2Fv2%2Ftags&post=669282"}],"curies":[{"name":"wp","href":"https:\/\/api.w.org\/{rel}","templated":true}]}}