{"id":669293,"date":"2025-05-29T00:00:54","date_gmt":"2025-05-29T06:00:54","guid":{"rendered":"https:\/\/www.diarioimagen.net\/?p=669293"},"modified":"2025-05-28T21:30:29","modified_gmt":"2025-05-29T03:30:29","slug":"agnieszka-holland-es-la-primera-directora-en-recibir-la-medalla-cineteca-nacional","status":"publish","type":"post","link":"https:\/\/www.diarioimagen.net\/?p=669293","title":{"rendered":"Agnieszka Holland es la primera directora en recibir la medalla Cineteca Nacional"},"content":{"rendered":"<ul>\n<li><strong>En el marco de la 4\u00aa edici\u00f3n de la Semana de Cine Polaco en M\u00e9xico<\/strong><\/li>\n<li><strong>Encabezar\u00e1 una clase magistral con alumnos del CCC y la Facultad de Cine M\u00e9xico <\/strong><\/li>\n<\/ul>\n<div id=\"attachment_669294\" style=\"width: 470px\" class=\"wp-caption alignnone\"><img loading=\"lazy\" decoding=\"async\" aria-describedby=\"caption-attachment-669294\" class=\"wp-image-669294 size-large\" src=\"https:\/\/www.diarioimagen.net\/wp-content\/uploads\/2025\/05\/CULTURA-8-460x230.jpeg\" alt=\"\" width=\"460\" height=\"230\" srcset=\"https:\/\/www.diarioimagen.net\/wp-content\/uploads\/2025\/05\/CULTURA-8-460x230.jpeg 460w, https:\/\/www.diarioimagen.net\/wp-content\/uploads\/2025\/05\/CULTURA-8-240x120.jpeg 240w, https:\/\/www.diarioimagen.net\/wp-content\/uploads\/2025\/05\/CULTURA-8-768x384.jpeg 768w, https:\/\/www.diarioimagen.net\/wp-content\/uploads\/2025\/05\/CULTURA-8-1536x768.jpeg 1536w, https:\/\/www.diarioimagen.net\/wp-content\/uploads\/2025\/05\/CULTURA-8-2048x1024.jpeg 2048w\" sizes=\"auto, (max-width: 460px) 100vw, 460px\" \/><p id=\"caption-attachment-669294\" class=\"wp-caption-text\">Como parte de la celebraci\u00f3n a su carrera, Holland regresa a la Sala 7 de la Cineteca Nacional el jueves 29 de mayo de 2025, a las 12:00 horas.<\/p><\/div>\n<p>Agnieszka Holland, una de las directoras de cine polaco m\u00e1s reconocidas y prol\u00edficas, es la primera mujer que recibe la Medalla Cineteca Nacional, por su destacada trayectoria en el s\u00e9ptimo arte, en una ceremonia enmarcada dentro de la cuarta edici\u00f3n de la Semana de Cine Polaco en M\u00e9xico, esfuerzo conjunto entre la Secretar\u00eda de Cultura del Gobierno de M\u00e9xico, la Embajada de la Rep\u00fablica de Polonia en M\u00e9xico y la Fundaci\u00f3n HOMO VIATOR.<\/p>\n<p>&nbsp;<\/p>\n<p>\u201cEs un honor para m\u00ed poder presentar mis pel\u00edculas en la Ciudad de M\u00e9xico y en la Cineteca Nacional. El cine es mi vida, mi forma de comunicarme y expresar mis necesidades creativas, pero lo m\u00e1s importante es que es un di\u00e1logo con el p\u00fablico, por eso nunca me bast\u00f3 con que mis pel\u00edculas se vieran en Polonia, por eso estos encuentros con personas de otras culturas me hace saber que s\u00ed tiene mucho sentido hacer cine\u201d, agradeci\u00f3 la cineasta en la ceremonia honor\u00edfica que tuvo lugar en la Sala 7 \u201cAlejandro Galindo\u201d de la Cineteca Nacional de M\u00e9xico, la noche del martes 27 de mayo de 2025.<\/p>\n<p>&nbsp;<\/p>\n<p>Instaurado en 2015, el reconocimiento celebra la trayectoria de directores de cine internacionales, sin embargo, hasta el d\u00eda de hoy solo se hab\u00eda entregado a cineastas como Costa-Gavras, Atom Egoyan, Adolfo Aristarain, Miguel Littin, Jan \u0160vankmajer y Fernando Solanas.<\/p>\n<p>\u201cEs la primera vez que esta medalla se entrega a una mujer y me llena de alegr\u00eda que sea para Agnieszka Holland\u201d, asegur\u00f3 la directora de la Cineteca Nacional, Marina Stavenhagen Vargas, al entregar el reconocimiento.<\/p>\n<p>&nbsp;<\/p>\n<p>\u201cEs un presente que simboliza nuestra profunda admiraci\u00f3n por su cine y por lo que todo ello representa, porque a lo largo de los a\u00f1os, adem\u00e1s de un espl\u00e9ndido oficio, ha demostrado valent\u00eda y compromiso con las historias que narra a trav\u00e9s de sus im\u00e1genes\u201d, a\u00f1adi\u00f3 Stavenhagen Vargas durante la ceremonia que se coron\u00f3 con la proyecci\u00f3n de la \u00f3pera prima de Holland: Actores de Provincia (1978).<\/p>\n<p>&nbsp;<\/p>\n<p>Y es que desde el pasado 23 de mayo y hasta el pr\u00f3ximo 1 de junio, la Cineteca Nacional es el escenario para disfrutar de una retrospectiva que re\u00fane ocho pel\u00edculas creadas entre 1978 y 2023, desde Actores de provincia (1978) y Fiebre (1980) hasta Charlat\u00e1n (2020) y Frontera verde (2023), sus m\u00e1s recientes filmes.<\/p>\n<p>&nbsp;<\/p>\n<p>Como parte de la celebraci\u00f3n a su carrera, Holland regresa a la Sala 7 de la Cineteca Nacional el jueves 29 de mayo de 2025, a las 12:00 h, para ofrecer una conferencia magistral p\u00fablica con alumnos del Centro de Capacitaci\u00f3n Cinematogr\u00e1fica (CCC) y la Facultad de Cine M\u00e9xico, as\u00ed como de diversas escuelas y universidades de cine de Am\u00e9rica Latina de manera virtual.<\/p>\n<p>Asimismo, se instal\u00f3 una exhibici\u00f3n con los ic\u00f3nicos carteles que Andrzej P\u0105gowski realiz\u00f3 para las ocho pel\u00edculas de dicha retrospectiva y se present\u00f3 Agnieszka Holland: el humano en conflicto, una publicaci\u00f3n sobre la vida y obra de la reconocida realizadora polaca, escrito por Magaly Olivera, que se agrega a la colecci\u00f3n conmemorativa por los primeros 50 a\u00f1os de la Cineteca Nacional.<\/p>\n<p>&nbsp;<\/p>\n<p><strong>La mirada Holland<\/strong><\/p>\n<p><strong>\u00a0<\/strong><\/p>\n<p>Con una carrera de medio siglo en el cine, Holland se destaca por abordar temas como conflictos pol\u00edticos, la migraci\u00f3n, el racismo y las consecuencias de la guerra, siempre desde una mirada \u00fanica y humana dentro de pel\u00edculas como Actores de provincia (1978), Cosecha amarga (1985) o Europa, Europa (1990).<\/p>\n<p>&nbsp;<\/p>\n<p>Mientras que como amiga del reconocido Krzysztof Kie\u015blowski, Holland particip\u00f3 en el gui\u00f3n de la Trilog\u00eda de los Colores (1993), seguramente la m\u00e1s aclamada del director y una de las m\u00e1s conocidas a nivel mundial del cine polaco, en la que la directora tambi\u00e9n trabaj\u00f3 en historias que parten desde las p\u00e9rdidas personales, los anhelos y la fe.<\/p>\n<p>&nbsp;<\/p>\n<p>\u201cHa sabido hacer un cine sincero y comprometido con su tiempo. Un cine desde la libertad aun en tiempos de censura, sabiendo que esta libertad es el mayor de los desaf\u00edos que significa la responsabilidad de actuar, respetar y tolerar, comprendiendo tambi\u00e9n la libertad y la mirada de los otros\u201d, expres\u00f3 Marina Stavenhagen.<\/p>\n<p>&nbsp;<\/p>\n<p>\u201cEs una de las figuras m\u00e1s importantes del cine polaco y europeo. Desde sus inicios ha abordado valientemente problemas sociales y pol\u00edticos, siendo una parte clave del llamado Cine de la Inquietud Moral (&#8230;) su cine siempre va al fondo de los temas, aunque no sean f\u00e1ciles\u201d, reconoci\u00f3 a su vez la embajadora de Polonia en M\u00e9xico, Agnieszka Frydrychowicz-Tekieli.<\/p>\n<p>&nbsp;<\/p>\n<p>La diplom\u00e1tica tambi\u00e9n resalt\u00f3 que su notable trabajo art\u00edstico ha llevado a Holland a dirigir grandes co-producciones estadounidenses como la pel\u00edcula fant\u00e1stica El jard\u00edn secreto (1993) y la adaptaci\u00f3n literaria La heredera (1997) y cap\u00edtulos en series exitosas como The Wire, Cold Case y House of Cards, pero siempre fiel, no solo a su estilo, sino tambi\u00e9n a su naturaleza audaz.<\/p>\n<p>\u201cEl cine de Agnieszka Holland encuentra en M\u00e9xico a un p\u00fablico muy receptivo, porque tanto en el cine polaco como en el latinoamericano hay una sensibilidad com\u00fan, como el inter\u00e9s por la historia, la lucha por la justicia y el retrato de la vida cotidiana en tiempos dif\u00edciles, as\u00ed como una profunda fe en el poder del cine para decir la verdad\u201d, celebr\u00f3 Frydrychowicz-Tekieli.<\/p>\n<p>&nbsp;<\/p>\n<p>&nbsp;<\/p>\n","protected":false},"excerpt":{"rendered":"<p>En el marco de la 4\u00aa edici\u00f3n de la Semana de Cine Polaco en M\u00e9xico Encabezar\u00e1 una clase magistral con alumnos del CCC y la Facultad de Cine M\u00e9xico Agnieszka Holland, una de las directoras de cine polaco m\u00e1s reconocidas y prol\u00edficas, es la primera mujer que recibe la Medalla Cineteca Nacional, por su destacada [&hellip;]<\/p>\n","protected":false},"author":14,"featured_media":669294,"comment_status":"open","ping_status":"open","sticky":false,"template":"","format":"standard","meta":{"_monsterinsights_skip_tracking":false,"_monsterinsights_sitenote_active":false,"_monsterinsights_sitenote_note":"","_monsterinsights_sitenote_category":0,"footnotes":""},"categories":[156,12],"tags":[],"class_list":["post-669293","post","type-post","status-publish","format-standard","has-post-thumbnail","hentry","category-cultura","category-espectaculos"],"_links":{"self":[{"href":"https:\/\/www.diarioimagen.net\/index.php?rest_route=\/wp\/v2\/posts\/669293","targetHints":{"allow":["GET"]}}],"collection":[{"href":"https:\/\/www.diarioimagen.net\/index.php?rest_route=\/wp\/v2\/posts"}],"about":[{"href":"https:\/\/www.diarioimagen.net\/index.php?rest_route=\/wp\/v2\/types\/post"}],"author":[{"embeddable":true,"href":"https:\/\/www.diarioimagen.net\/index.php?rest_route=\/wp\/v2\/users\/14"}],"replies":[{"embeddable":true,"href":"https:\/\/www.diarioimagen.net\/index.php?rest_route=%2Fwp%2Fv2%2Fcomments&post=669293"}],"version-history":[{"count":1,"href":"https:\/\/www.diarioimagen.net\/index.php?rest_route=\/wp\/v2\/posts\/669293\/revisions"}],"predecessor-version":[{"id":669295,"href":"https:\/\/www.diarioimagen.net\/index.php?rest_route=\/wp\/v2\/posts\/669293\/revisions\/669295"}],"wp:featuredmedia":[{"embeddable":true,"href":"https:\/\/www.diarioimagen.net\/index.php?rest_route=\/wp\/v2\/media\/669294"}],"wp:attachment":[{"href":"https:\/\/www.diarioimagen.net\/index.php?rest_route=%2Fwp%2Fv2%2Fmedia&parent=669293"}],"wp:term":[{"taxonomy":"category","embeddable":true,"href":"https:\/\/www.diarioimagen.net\/index.php?rest_route=%2Fwp%2Fv2%2Fcategories&post=669293"},{"taxonomy":"post_tag","embeddable":true,"href":"https:\/\/www.diarioimagen.net\/index.php?rest_route=%2Fwp%2Fv2%2Ftags&post=669293"}],"curies":[{"name":"wp","href":"https:\/\/api.w.org\/{rel}","templated":true}]}}