{"id":669299,"date":"2025-05-29T00:00:56","date_gmt":"2025-05-29T06:00:56","guid":{"rendered":"https:\/\/www.diarioimagen.net\/?p=669299"},"modified":"2025-05-28T21:32:52","modified_gmt":"2025-05-29T03:32:52","slug":"invitacion-al-mexico-canta-por-la-paz-y-contra-las-adicciones","status":"publish","type":"post","link":"https:\/\/www.diarioimagen.net\/?p=669299","title":{"rendered":"Invitaci\u00f3n al \u201cM\u00e9xico canta por la paz y contra las adicciones\u201d"},"content":{"rendered":"<ul>\n<li><strong>Llamado a estudiantes de nivel medio superior<\/strong><\/li>\n<\/ul>\n<p><strong> <img loading=\"lazy\" decoding=\"async\" class=\"alignnone wp-image-669300 size-large\" src=\"https:\/\/www.diarioimagen.net\/wp-content\/uploads\/2025\/05\/EDOMEX-2-ok-15-360x270.jpg\" alt=\"\" width=\"360\" height=\"270\" srcset=\"https:\/\/www.diarioimagen.net\/wp-content\/uploads\/2025\/05\/EDOMEX-2-ok-15-360x270.jpg 360w, https:\/\/www.diarioimagen.net\/wp-content\/uploads\/2025\/05\/EDOMEX-2-ok-15-240x180.jpg 240w, https:\/\/www.diarioimagen.net\/wp-content\/uploads\/2025\/05\/EDOMEX-2-ok-15-768x576.jpg 768w, https:\/\/www.diarioimagen.net\/wp-content\/uploads\/2025\/05\/EDOMEX-2-ok-15.jpg 1500w\" sizes=\"auto, (max-width: 360px) 100vw, 360px\" \/><\/strong><\/p>\n<p>&nbsp;<\/p>\n<p>&nbsp;<\/p>\n<p>&nbsp;<\/p>\n<p>Toluca, Estado de M\u00e9xico. &#8211; Con la finalidad de que j\u00f3venes de entre 18 y 34 a\u00f1os expresen su talento art\u00edstico y visi\u00f3n cr\u00edtica a trav\u00e9s de la m\u00fasica, la Secretar\u00eda de Educaci\u00f3n, Ciencia, Tecnolog\u00eda e Innovaci\u00f3n (SECTI) invita a las y los estudiantes de nivel medio superior del Estado de M\u00e9xico a participar en la convocatoria \u201cM\u00e9xico canta por la paz y contra las adicciones\u201d.<\/p>\n<p>En colaboraci\u00f3n con el Gobierno de M\u00e9xico, este certamen, el primero en su tipo con car\u00e1cter binacional, abre un espacio de expresi\u00f3n para j\u00f3venes tanto mexicanos como mexicoestadounidenses, en congruencia con los principios de la Nueva Escuela Mexicana, que promueve una educaci\u00f3n humanista, inclusiva, integral y con visi\u00f3n transformadora.<\/p>\n<p>La SECTI, a cargo de Miguel \u00c1ngel Hern\u00e1ndez Espejel, afirma que el Gobierno del Maestra Delfina G\u00f3mez \u00c1lvarez se une a esta iniciativa para impulsar a las juventudes, ofrecerles un escenario digno para desarrollar su creatividad y transformar las narrativas que hoy hacen apolog\u00eda de la violencia o normalizan el consumo de sustancias.<\/p>\n<p>Las y los interesados pueden registrarse en la plataforma oficial mexicocanta.gob.mx antes del 30 de mayo y subir una grabaci\u00f3n de video o de una canci\u00f3n de m\u00e1ximo tres minutos. Las y los compositores podr\u00e1n postular obras in\u00e9ditas, mientras que los int\u00e9rpretes, podr\u00e1n hacerlo con canciones ya existentes.<\/p>\n<p>\u201cM\u00e9xico canta por la paz y contra las adicciones\u201d busca rescatar los valores que hist\u00f3ricamente nos han unido como naci\u00f3n, fortalecer los g\u00e9neros musicales tradicionales como el mariachi, norte\u00f1o, banda, corrido, tropical, campirano, bolero, duranguense y al mismo tiempo, dar cabida a nuevas fusiones con g\u00e9neros como el rap, hip hop, rock y pop.<\/p>\n<p>&nbsp;<\/p>\n<p>&nbsp;<\/p>\n<p>&nbsp;<\/p>\n<p>&nbsp;<\/p>\n<p>&nbsp;<\/p>\n","protected":false},"excerpt":{"rendered":"<p>Llamado a estudiantes de nivel medio superior &nbsp; &nbsp; &nbsp; Toluca, Estado de M\u00e9xico. &#8211; Con la finalidad de que j\u00f3venes de entre 18 y 34 a\u00f1os expresen su talento art\u00edstico y visi\u00f3n cr\u00edtica a trav\u00e9s de la m\u00fasica, la Secretar\u00eda de Educaci\u00f3n, Ciencia, Tecnolog\u00eda e Innovaci\u00f3n (SECTI) invita a las y los estudiantes de [&hellip;]<\/p>\n","protected":false},"author":14,"featured_media":669300,"comment_status":"open","ping_status":"open","sticky":false,"template":"","format":"standard","meta":{"_monsterinsights_skip_tracking":false,"_monsterinsights_sitenote_active":false,"_monsterinsights_sitenote_note":"","_monsterinsights_sitenote_category":0,"footnotes":""},"categories":[5],"tags":[],"class_list":["post-669299","post","type-post","status-publish","format-standard","has-post-thumbnail","hentry","category-estado-de-mexico"],"_links":{"self":[{"href":"https:\/\/www.diarioimagen.net\/index.php?rest_route=\/wp\/v2\/posts\/669299","targetHints":{"allow":["GET"]}}],"collection":[{"href":"https:\/\/www.diarioimagen.net\/index.php?rest_route=\/wp\/v2\/posts"}],"about":[{"href":"https:\/\/www.diarioimagen.net\/index.php?rest_route=\/wp\/v2\/types\/post"}],"author":[{"embeddable":true,"href":"https:\/\/www.diarioimagen.net\/index.php?rest_route=\/wp\/v2\/users\/14"}],"replies":[{"embeddable":true,"href":"https:\/\/www.diarioimagen.net\/index.php?rest_route=%2Fwp%2Fv2%2Fcomments&post=669299"}],"version-history":[{"count":1,"href":"https:\/\/www.diarioimagen.net\/index.php?rest_route=\/wp\/v2\/posts\/669299\/revisions"}],"predecessor-version":[{"id":669301,"href":"https:\/\/www.diarioimagen.net\/index.php?rest_route=\/wp\/v2\/posts\/669299\/revisions\/669301"}],"wp:featuredmedia":[{"embeddable":true,"href":"https:\/\/www.diarioimagen.net\/index.php?rest_route=\/wp\/v2\/media\/669300"}],"wp:attachment":[{"href":"https:\/\/www.diarioimagen.net\/index.php?rest_route=%2Fwp%2Fv2%2Fmedia&parent=669299"}],"wp:term":[{"taxonomy":"category","embeddable":true,"href":"https:\/\/www.diarioimagen.net\/index.php?rest_route=%2Fwp%2Fv2%2Fcategories&post=669299"},{"taxonomy":"post_tag","embeddable":true,"href":"https:\/\/www.diarioimagen.net\/index.php?rest_route=%2Fwp%2Fv2%2Ftags&post=669299"}],"curies":[{"name":"wp","href":"https:\/\/api.w.org\/{rel}","templated":true}]}}