{"id":669302,"date":"2025-05-29T00:00:07","date_gmt":"2025-05-29T06:00:07","guid":{"rendered":"https:\/\/www.diarioimagen.net\/?p=669302"},"modified":"2025-05-28T21:34:11","modified_gmt":"2025-05-29T03:34:11","slug":"abre-audiciones-para-conformar-elenco-del-musical-el-fantasma-de-la-opera","status":"publish","type":"post","link":"https:\/\/www.diarioimagen.net\/?p=669302","title":{"rendered":"Abre audiciones para conformar elenco del musical El fantasma de la \u00f3pera"},"content":{"rendered":"<ul>\n<li><strong>Inspirado en la novela de 1910 <\/strong><\/li>\n<li><strong>Ser\u00e1 dirigida por Federico Bellone, aclamado director de teatro italiano<\/strong><\/li>\n<\/ul>\n<div id=\"attachment_669303\" style=\"width: 280px\" class=\"wp-caption alignnone\"><img loading=\"lazy\" decoding=\"async\" aria-describedby=\"caption-attachment-669303\" class=\"wp-image-669303 size-large\" src=\"https:\/\/www.diarioimagen.net\/wp-content\/uploads\/2025\/05\/FANTASMA-270x270.jpeg\" alt=\"\" width=\"270\" height=\"270\" srcset=\"https:\/\/www.diarioimagen.net\/wp-content\/uploads\/2025\/05\/FANTASMA-270x270.jpeg 270w, https:\/\/www.diarioimagen.net\/wp-content\/uploads\/2025\/05\/FANTASMA-240x240.jpeg 240w, https:\/\/www.diarioimagen.net\/wp-content\/uploads\/2025\/05\/FANTASMA-150x150.jpeg 150w, https:\/\/www.diarioimagen.net\/wp-content\/uploads\/2025\/05\/FANTASMA-768x768.jpeg 768w, https:\/\/www.diarioimagen.net\/wp-content\/uploads\/2025\/05\/FANTASMA-50x50.jpeg 50w, https:\/\/www.diarioimagen.net\/wp-content\/uploads\/2025\/05\/FANTASMA-75x75.jpeg 75w, https:\/\/www.diarioimagen.net\/wp-content\/uploads\/2025\/05\/FANTASMA-70x70.jpeg 70w, https:\/\/www.diarioimagen.net\/wp-content\/uploads\/2025\/05\/FANTASMA.jpeg 1333w\" sizes=\"auto, (max-width: 270px) 100vw, 270px\" \/><p id=\"caption-attachment-669303\" class=\"wp-caption-text\">El Fantasma de la \u00d3pera es considerada como una de las producciones m\u00e1s bellas y espectaculares de la historia del teatro.<\/p><\/div>\n<p>&nbsp;<\/p>\n<p>Inspirado en la novela de 1910 titulada Le Fant\u00f4me de L\u2019Op\u00e9ra, de Gast\u00f3n Leroux, El Fantasma de la \u00d3pera de Andrew Lloyd Webber narra la historia de una misteriosa figura enmascarada que merodea en las catacumbas de la \u00d3pera de Par\u00eds, ejerciendo un reinado de terror sobre todos los que la habitan. El Fantasma se enamorar\u00e1 perdidamente de una joven soprano, Christine Daa\u00e9, y se dedicar\u00e1 por completo a cultivar sus extraordinarios talentos, utilizando todos los recursos m\u00e1s astutos a su alcance.<\/p>\n<p>&nbsp;<\/p>\n<p>El Fantasma de la \u00d3pera es considerada como una de las producciones m\u00e1s bellas y espectaculares de la historia del teatro, y ha sido hasta ahora vista por m\u00e1s de 160 millones de personas en 58 territorios y 205 ciudades, en 21 idiomas. La rom\u00e1ntica, encantadora y majestuosa m\u00fasica de Andrew Lloyd Webber incluye temas como Music of the Night, All I Ask of You, Wishing You Were Somehow Here Again, Masquerade y la ic\u00f3nica canci\u00f3n principal.<\/p>\n<p>&nbsp;<\/p>\n<p>El Fantasma de la \u00d3pera en M\u00e9xico busca ahora a los miembros de su pr\u00f3ximo elenco. Los productores Morris Gilbert, Claudio Carrera y Let\u2019s Go Company, en asociaci\u00f3n con Mar\u00eda Elena Galindo y Alfonso J. Gonz\u00e1lez, est\u00e1n convocando a audiciones para cantantes-actores y bailarines. Todos los perfiles de los aplicantes son bienvenidos.<\/p>\n<p>&nbsp;<\/p>\n<p>El Fantasma de la \u00d3pera ser\u00e1 dirigida por Federico Bellone, aclamado director de teatro italiano, escen\u00f3grafo, dramaturgo, compositor y productor ejecutivo, reconocido por sus innovadoras contribuciones al teatro musical. Ha dirigido grandes producciones en Europa, el Reino Unido y Am\u00e9rica Latina, incluyendo Dirty Dancing, The Phantom of the Opera, Ghost, The Bodyguard, West Side Story, Fame, Newsies, Mary Poppins y Charlie and the Chocolate Factory.<\/p>\n<p>&nbsp;<\/p>\n<p><strong>BUSCAN<\/strong><\/p>\n<p><strong>\u00a0<\/strong><\/p>\n<p><strong>El Fantasma:<\/strong> 35-50 a\u00f1os. Un genio enmascarado que habita las entra\u00f1as de la \u00d3pera de Par\u00eds. Una figura elegante, apasionada y amargada, con una voz hipn\u00f3tica y una fuerza f\u00edsica tremenda, que se enamora de Christine, joven soprano.<\/p>\n<p>Requisitos vocales: Bar\u00edtono alto con un rango de voz amplio de al menos dos octavas (Lab3 a La5).<\/p>\n<p><strong>Christine Daa\u00e9:<\/strong> Veintea\u00f1era. Una hermosa cantante que comienza su carrera en el Cuerpo de Ballet de la \u00d3pera de Par\u00eds y, con la gu\u00eda y el cari\u00f1o del Fantasma, se convierte en una gran cantante.<\/p>\n<p>Requisitos vocales: Soprano con un rango entre Sol4 y Mi7. Presentar video danza y canto.<\/p>\n<p>Raoul, Vizconde de Chagny: 25-35 a\u00f1os. Joven arist\u00f3crata, rom\u00e1ntico y atractivo.<\/p>\n<p>Requisitos vocales: Bar\u00edtono ligero, con registro vocal entre Sol#3 y Sol#5<\/p>\n<p>&nbsp;<\/p>\n<p><strong>Monsieur Firmin:<\/strong> 45-60 a\u00f1os. Codirector y copropietario de la \u00d3pera de Par\u00eds. De figura ligeramente c\u00f3mica, es un astuto hombre de negocios con poca experiencia art\u00edstica.<\/p>\n<p>Requisitos vocales: Bar\u00edtono agudo (La3 a Sol5).<\/p>\n<p><strong>Monsieur Andr\u00e9:<\/strong> 35-45 a\u00f1os. El otro codirector y copropietario de la \u00d3pera de Par\u00eds. Con gran conocimiento art\u00edstico.<\/p>\n<p>Requisitos vocales: Bar\u00edtono (La3 a Fa5).<\/p>\n<p><strong>Carlotta:<\/strong> De 30 a 40 a\u00f1os. La Primadonna de la \u00d3pera de Par\u00eds. Una diva en toda la extensi\u00f3n de la palabra. Requisitos vocales: Soprano con coloratura con un registro entre Do5 y Mi7.<\/p>\n<p><strong>Madame Giry:<\/strong> 40-50 a\u00f1os. Maestra del Cuerpo de Ballet. Un papel de car\u00e1cter. Cantante\/Actriz con gran talento. Mantiene la postura y el porte firme de una exbailarina.<\/p>\n<p>Requisitos vocales: Mezzo-soprano (La#4 a Sib6).<\/p>\n<p><strong>Meg Giry:<\/strong> Final de la adolescencia, principio de los veintes. Hija de Madame Giry. Miembro del Cuerpo de Ballet. Bailarina de formaci\u00f3n cl\u00e1sica con un excelente trabajo en puntas. Requisitos vocales: Buena t\u00e9cnica vocal (La#4 a La6). Presentar video danza y canto. Las audiciones de danza se realizar\u00e1n antes de las audiciones de canto.<\/p>\n<p><strong>Ubaldo Piangi:<\/strong> De 40 a 50 a\u00f1os. El tenor estrella de la \u00d3pera ha colaborado estrechamente con Carlotta durante varias temporadas.<\/p>\n<p>Requisitos vocales: Tenor agudo (Re4 a Do6 (Do sobre agudo).<\/p>\n<p>&nbsp;<\/p>\n<p><strong>ENSAMBLE<\/strong><\/p>\n<p>Bailarinas y bailarines: T\u00e9cnica cl\u00e1sica que sepan cantar. Presentar video danza y canto.<\/p>\n<p>Si desea audicionar para formar parte de este elenco, completa el siguiente formulario, ten a la mano: <a href=\"https:\/\/docs.google.com\/forms\/d\/e\/1FAIpQLSeq1KN2amPMqT60VIw2J1wOivkH7vWbGWIFsyFddjwv6ccXuA\/viewform\">https:\/\/docs.google.com\/forms\/d\/e\/1FAIpQLSeq1KN2amPMqT60VIw2J1wOivkH7vWbGWIFsyFddjwv6ccXuA\/viewform<\/a><\/p>\n<p>&nbsp;<\/p>\n<p><strong>DOCUMENTOS &#8211; TODOS<\/strong><\/p>\n<p>3 Fotos close-up (retrato rostro), medium shot (de cintura a cabeza) y cuerpo entero &#8211; PDF o JPG no mayor a 10 MB cada una.<\/p>\n<p>Curr\u00edculum &#8211; PDF o Documento no mayor a 10 MB.<\/p>\n<p><strong>CANTO*<\/strong><\/p>\n<p>VIDEO &#8211; TODOS PERSONAJES &#8211; Cantando \u00f3pera, opereta o teatro musical cl\u00e1sico que muestre el registro vocal del personaje para el que audicionas. Duraci\u00f3n: 1 minuto.<\/p>\n<p>VIDEO -BAILARINXS &#8211; Cantando cualquier canci\u00f3n que muestre tu rango vocal. Duraci\u00f3n 1 minuto.<\/p>\n<p>*No a capella, acompa\u00f1ado por un instrumento en vivo o pista sin voces.<\/p>\n<p><strong>DANZA<\/strong><\/p>\n<p>VIDEO &#8211; CHRISTINE DAA\u00c9 y MEG GIRY \/ BAILARINXS combinaci\u00f3n de ballet que demuestre tu t\u00e9cnica y especialidad. Duraci\u00f3n: 1 minuto.<\/p>\n<p>Comp\u00e1rtelos en un LINK de YOUTUBE o VIMEO en configuraci\u00f3n privada y env\u00eda tu password &#8211; contrase\u00f1a. NO DESCARGAMOS MATERIAL. Video hecho espec\u00edficamente para esta audici\u00f3n. Casero, tomado con tu celular. No videos editados, de estudio ni de funci\u00f3n.<\/p>\n<p>Esta convocatoria permanecer\u00e1 abierta hasta el 4 de junio 2025 a las 19:00 horas, tiempo de la CDMX. Los resultados ser\u00e1n enviados por correo electr\u00f3nico a m\u00e1s tardar el 6 de junio. En caso de ser preseleccionadx, deber\u00e1s asistir a una audici\u00f3n presencial la semana del 9 al 13 de junio (primera ronda) y del 16 al 20 de junio (segunda ronda) en el Teatro de los Insurgentes.*<\/p>\n<p>&nbsp;<\/p>\n<p>Cualquier duda contactar al equipo por Email: <a href=\"mailto:fantasma.audiciones.mx@gmail.com\">fantasma.audiciones.mx@gmail.com<\/a> o al +52 56 4836 1772.<\/p>\n<p>&nbsp;<\/p>\n","protected":false},"excerpt":{"rendered":"<p>Inspirado en la novela de 1910 Ser\u00e1 dirigida por Federico Bellone, aclamado director de teatro italiano &nbsp; Inspirado en la novela de 1910 titulada Le Fant\u00f4me de L\u2019Op\u00e9ra, de Gast\u00f3n Leroux, El Fantasma de la \u00d3pera de Andrew Lloyd Webber narra la historia de una misteriosa figura enmascarada que merodea en las catacumbas de la [&hellip;]<\/p>\n","protected":false},"author":14,"featured_media":669303,"comment_status":"open","ping_status":"open","sticky":false,"template":"","format":"standard","meta":{"_monsterinsights_skip_tracking":false,"_monsterinsights_sitenote_active":false,"_monsterinsights_sitenote_note":"","_monsterinsights_sitenote_category":0,"footnotes":""},"categories":[12],"tags":[],"class_list":["post-669302","post","type-post","status-publish","format-standard","has-post-thumbnail","hentry","category-espectaculos"],"_links":{"self":[{"href":"https:\/\/www.diarioimagen.net\/index.php?rest_route=\/wp\/v2\/posts\/669302","targetHints":{"allow":["GET"]}}],"collection":[{"href":"https:\/\/www.diarioimagen.net\/index.php?rest_route=\/wp\/v2\/posts"}],"about":[{"href":"https:\/\/www.diarioimagen.net\/index.php?rest_route=\/wp\/v2\/types\/post"}],"author":[{"embeddable":true,"href":"https:\/\/www.diarioimagen.net\/index.php?rest_route=\/wp\/v2\/users\/14"}],"replies":[{"embeddable":true,"href":"https:\/\/www.diarioimagen.net\/index.php?rest_route=%2Fwp%2Fv2%2Fcomments&post=669302"}],"version-history":[{"count":1,"href":"https:\/\/www.diarioimagen.net\/index.php?rest_route=\/wp\/v2\/posts\/669302\/revisions"}],"predecessor-version":[{"id":669304,"href":"https:\/\/www.diarioimagen.net\/index.php?rest_route=\/wp\/v2\/posts\/669302\/revisions\/669304"}],"wp:featuredmedia":[{"embeddable":true,"href":"https:\/\/www.diarioimagen.net\/index.php?rest_route=\/wp\/v2\/media\/669303"}],"wp:attachment":[{"href":"https:\/\/www.diarioimagen.net\/index.php?rest_route=%2Fwp%2Fv2%2Fmedia&parent=669302"}],"wp:term":[{"taxonomy":"category","embeddable":true,"href":"https:\/\/www.diarioimagen.net\/index.php?rest_route=%2Fwp%2Fv2%2Fcategories&post=669302"},{"taxonomy":"post_tag","embeddable":true,"href":"https:\/\/www.diarioimagen.net\/index.php?rest_route=%2Fwp%2Fv2%2Ftags&post=669302"}],"curies":[{"name":"wp","href":"https:\/\/api.w.org\/{rel}","templated":true}]}}