{"id":669314,"date":"2025-05-29T00:00:38","date_gmt":"2025-05-29T06:00:38","guid":{"rendered":"https:\/\/www.diarioimagen.net\/?p=669314"},"modified":"2025-05-28T21:37:46","modified_gmt":"2025-05-29T03:37:46","slug":"carlos-macias-tour-2025-noches-romanticas-y-llenas-de-emociones","status":"publish","type":"post","link":"https:\/\/www.diarioimagen.net\/?p=669314","title":{"rendered":"Carlos Mac\u00edas Tour 2025: Noches rom\u00e1nticas y llenas de emociones"},"content":{"rendered":"<ul>\n<li><strong>Un fin de semana intimo con sus fans <\/strong><\/li>\n<li><strong>Llevar\u00e1 su show a guitarra y piano al Teatro Silvia Pinal, al Foro La Mentira y la Cueva de Rodrigo de la Cadena <\/strong><\/li>\n<\/ul>\n<div id=\"attachment_669326\" style=\"width: 280px\" class=\"wp-caption alignnone\"><img loading=\"lazy\" decoding=\"async\" aria-describedby=\"caption-attachment-669326\" class=\"wp-image-669326 size-large\" src=\"https:\/\/www.diarioimagen.net\/wp-content\/uploads\/2025\/05\/MACIAS-270x270.jpeg\" alt=\"\" width=\"270\" height=\"270\" srcset=\"https:\/\/www.diarioimagen.net\/wp-content\/uploads\/2025\/05\/MACIAS-270x270.jpeg 270w, https:\/\/www.diarioimagen.net\/wp-content\/uploads\/2025\/05\/MACIAS-240x240.jpeg 240w, https:\/\/www.diarioimagen.net\/wp-content\/uploads\/2025\/05\/MACIAS-150x150.jpeg 150w, https:\/\/www.diarioimagen.net\/wp-content\/uploads\/2025\/05\/MACIAS-768x768.jpeg 768w, https:\/\/www.diarioimagen.net\/wp-content\/uploads\/2025\/05\/MACIAS-50x50.jpeg 50w, https:\/\/www.diarioimagen.net\/wp-content\/uploads\/2025\/05\/MACIAS-75x75.jpeg 75w, https:\/\/www.diarioimagen.net\/wp-content\/uploads\/2025\/05\/MACIAS-70x70.jpeg 70w, https:\/\/www.diarioimagen.net\/wp-content\/uploads\/2025\/05\/MACIAS.jpeg 1333w\" sizes=\"auto, (max-width: 270px) 100vw, 270px\" \/><p id=\"caption-attachment-669326\" class=\"wp-caption-text\">Carlos Mac\u00edas se ha consolidado como uno de los exponentes m\u00e1s destacados de la m\u00fasica rom\u00e1ntica en espa\u00f1ol.<\/p><\/div>\n<p><strong>Por Arturo Arellano <\/strong><\/p>\n<p>&nbsp;<\/p>\n<p>El reconocido cantautor Carlos Mac\u00edas llega a la Ciudad de M\u00e9xico y a M\u00e9rida como parte de su esperado Tour 2025, con presentaciones especiales los d\u00edas 29, 30 y 31 de mayo en el emblem\u00e1tico Teatro Silvia Pinal, el Foro la Mentira y en la Cueva de Rodrigo de la Cadena, de manera respectiva, Estos conciertos prometen ser veladas inolvidables, donde el p\u00fablico podr\u00e1 disfrutar de sus m\u00e1s grandes \u00e9xitos en un ambiente \u00edntimo y acogedor, \u00fanicamente a guitarra y piano.<\/p>\n<p>&nbsp;<\/p>\n<p>Carlos Mac\u00edas se ha consolidado como uno de los exponentes m\u00e1s destacados de la m\u00fasica rom\u00e1ntica en espa\u00f1ol. Su estilo, caracterizado por letras profundas y melod\u00edas envolventes, ha conquistado a miles de seguidores a lo largo de su trayectoria. En esta gira, el artista ofrecer\u00e1 un repertorio que incluir\u00e1 sus temas m\u00e1s emblem\u00e1ticos, as\u00ed como algunas sorpresas para los asistentes, declar\u00f3 en entrevista.<\/p>\n<p>&nbsp;<\/p>\n<p>\u201cEstoy volviendo a los inicios, solo con piano, guitarra y un caj\u00f3n peruano, un poco m\u00e1s \u00edntimo el asunto, para sentir de cerca a la gente, sin tener una lista de canciones, es hacer las que la gente quiere escuchar, dar espacio a que si la gente pide temas los podamos hacer, complacemos. Hace diez d\u00edas estuvimos en Huatulco, Puerto Escondido y Oaxaca, es bonito, ese tipo de conciertos me dan oportunidad de ver a los ojos a la gente y escuchar l lo que dicen\u201d<\/p>\n<p>&nbsp;<\/p>\n<p>Entre otros temas adelant\u00f3 que va a incluir \u201cDivina t\u00fa, Basta, Amarte Asi, Tu olvido, esta \u00faltima que est\u00e1 siendo un exitazo con Alex Fern\u00e1ndez hijo de Alejandro Fern\u00e1ndez, tambi\u00e9n siempre piden la canci\u00f3n de Sin ti, que me est\u00e1 cantando Car\u00edn Le\u00f3n, son las que la gente pide siempre, no pueden faltar, son de si o s\u00ed. Me gusta salirme de la chuleta\u201d.<\/p>\n<p>&nbsp;<\/p>\n<p>Reconoci\u00f3 que \u201ces la ventaja de este formato, de repente la gente pide canciones y no me acordaba que son m\u00edas y las grabo tal artista, incluso hay veces que se me va la onda con la letra, sobre todo con canciones que no suelo cantar seguido, pero es algo org\u00e1nico, genuino, eso se disfruta, es un tema de empat\u00eda con la gente, de tratar de que se sientan bien con las canciones al desnudo, sin tanta bater\u00eda, sin tanto arreglo.<\/p>\n<p>&nbsp;<\/p>\n<p>Adelant\u00f3 que \u201cestamos preparando nuevas canciones para un nuevo disco de m\u00fasica regional mexicana, onda Cristian Nodal y otro que la gente me ha estado pidiendo mucho que es el formato del Cartero, no se cual viene primero, porque meterme al regional est\u00e1 padre, porque es lo m\u00e1s actual y que estoy sonando con Car\u00edn y Alex Fern\u00e1ndez, tambi\u00e9n por Pedro Fern\u00e1ndez que me acaba de grabar una canci\u00f3n que se llama \u2018Bonita\u2019. Entonces quiero hacer un disco regional, pero siempre ser\u00e1 en genero rom\u00e1ntico, jam\u00e1s cantare letras que no van\u201d.<\/p>\n<p>&nbsp;<\/p>\n<p>Finalmente, celebr\u00f3 \u201cAfortunadamente hace mucho tiempo que la balada y el bolero estamos en el ring en el round 10, pero seguimos ah\u00ed peleando, con Canelo con Paquiao, persistimos, aguantamos, queriendo permanecer entre esta moda, que est\u00e1 padre lo regional, el tumbado a excepci\u00f3n de sus letras, pero musicalmente esta bueno, esa chaviza, pero nosotros estamos con nuestra manera de cantarle al romance, m\u00e1s all\u00e1 de la balada y el bolero, para tocar el alma\u201d.<\/p>\n<p>&nbsp;<\/p>\n<p>Carlos Macias se presentar\u00e1 este 29 de mayo en el Teatro Silvia Pinal, luego el 30 en el Foro La Mentira en M\u00e9rida, y finalmente, el 31 del mismo mes en La Cueva del bolero de Rodrigo de la Cadena.<\/p>\n<p>&nbsp;<\/p>\n<blockquote><p><strong>Carlos Macias se presentar\u00e1 este 29 de mayo en el Teatro Silvia Pinal, luego el 30 en el Foro La Mentira en M\u00e9rida, y finalmente, el 31 del mismo mes en La Cueva del bolero de Rodrigo de la Cadena. Boletos en las taquillas de los respectivos inmuebles y en Ticketpoint. <\/strong><\/p><\/blockquote>\n<p><strong>\u00a0<\/strong><\/p>\n<p>&nbsp;<\/p>\n","protected":false},"excerpt":{"rendered":"<p>Un fin de semana intimo con sus fans Llevar\u00e1 su show a guitarra y piano al Teatro Silvia Pinal, al Foro La Mentira y la Cueva de Rodrigo de la Cadena Por Arturo Arellano &nbsp; El reconocido cantautor Carlos Mac\u00edas llega a la Ciudad de M\u00e9xico y a M\u00e9rida como parte de su esperado Tour [&hellip;]<\/p>\n","protected":false},"author":14,"featured_media":669326,"comment_status":"open","ping_status":"open","sticky":false,"template":"","format":"standard","meta":{"_monsterinsights_skip_tracking":false,"_monsterinsights_sitenote_active":false,"_monsterinsights_sitenote_note":"","_monsterinsights_sitenote_category":0,"footnotes":""},"categories":[12],"tags":[],"class_list":["post-669314","post","type-post","status-publish","format-standard","has-post-thumbnail","hentry","category-espectaculos"],"_links":{"self":[{"href":"https:\/\/www.diarioimagen.net\/index.php?rest_route=\/wp\/v2\/posts\/669314","targetHints":{"allow":["GET"]}}],"collection":[{"href":"https:\/\/www.diarioimagen.net\/index.php?rest_route=\/wp\/v2\/posts"}],"about":[{"href":"https:\/\/www.diarioimagen.net\/index.php?rest_route=\/wp\/v2\/types\/post"}],"author":[{"embeddable":true,"href":"https:\/\/www.diarioimagen.net\/index.php?rest_route=\/wp\/v2\/users\/14"}],"replies":[{"embeddable":true,"href":"https:\/\/www.diarioimagen.net\/index.php?rest_route=%2Fwp%2Fv2%2Fcomments&post=669314"}],"version-history":[{"count":1,"href":"https:\/\/www.diarioimagen.net\/index.php?rest_route=\/wp\/v2\/posts\/669314\/revisions"}],"predecessor-version":[{"id":669338,"href":"https:\/\/www.diarioimagen.net\/index.php?rest_route=\/wp\/v2\/posts\/669314\/revisions\/669338"}],"wp:featuredmedia":[{"embeddable":true,"href":"https:\/\/www.diarioimagen.net\/index.php?rest_route=\/wp\/v2\/media\/669326"}],"wp:attachment":[{"href":"https:\/\/www.diarioimagen.net\/index.php?rest_route=%2Fwp%2Fv2%2Fmedia&parent=669314"}],"wp:term":[{"taxonomy":"category","embeddable":true,"href":"https:\/\/www.diarioimagen.net\/index.php?rest_route=%2Fwp%2Fv2%2Fcategories&post=669314"},{"taxonomy":"post_tag","embeddable":true,"href":"https:\/\/www.diarioimagen.net\/index.php?rest_route=%2Fwp%2Fv2%2Ftags&post=669314"}],"curies":[{"name":"wp","href":"https:\/\/api.w.org\/{rel}","templated":true}]}}