{"id":669353,"date":"2025-05-29T00:00:35","date_gmt":"2025-05-29T06:00:35","guid":{"rendered":"https:\/\/www.diarioimagen.net\/?p=669353"},"modified":"2025-05-28T21:42:47","modified_gmt":"2025-05-29T03:42:47","slug":"lista-la-4a-temporada-de-la-aclamada-serie-el-oso-de-fx","status":"publish","type":"post","link":"https:\/\/www.diarioimagen.net\/?p=669353","title":{"rendered":"Lista la 4\u00aa Temporada de la aclamada serie El Oso de FX"},"content":{"rendered":"<ul>\n<li><strong>Ya est\u00e1 disponible el tr\u00e1iler oficial <\/strong><\/li>\n<li><strong>Ganadora de premios Emmy se estrena en Disney+ el 25 de junio <\/strong><\/li>\n<\/ul>\n<div id=\"attachment_669354\" style=\"width: 226px\" class=\"wp-caption alignnone\"><img loading=\"lazy\" decoding=\"async\" aria-describedby=\"caption-attachment-669354\" class=\"wp-image-669354 size-large\" src=\"https:\/\/www.diarioimagen.net\/wp-content\/uploads\/2025\/05\/OSO-OK-216x270.jpg\" alt=\"\" width=\"216\" height=\"270\" srcset=\"https:\/\/www.diarioimagen.net\/wp-content\/uploads\/2025\/05\/OSO-OK-216x270.jpg 216w, https:\/\/www.diarioimagen.net\/wp-content\/uploads\/2025\/05\/OSO-OK-192x240.jpg 192w, https:\/\/www.diarioimagen.net\/wp-content\/uploads\/2025\/05\/OSO-OK-768x959.jpg 768w, https:\/\/www.diarioimagen.net\/wp-content\/uploads\/2025\/05\/OSO-OK-1230x1536.jpg 1230w, https:\/\/www.diarioimagen.net\/wp-content\/uploads\/2025\/05\/OSO-OK.jpg 1333w\" sizes=\"auto, (max-width: 216px) 100vw, 216px\" \/><p id=\"caption-attachment-669354\" class=\"wp-caption-text\">La 4\u00aa temporada de El Oso encuentra a Carmen, Sydney Adamu y \u201cRichie\u201d Jerimovich avanzando para sobrevivir y llevar a \u201cEl Oso\u201d al siguiente nivel.<\/p><\/div>\n<p>Disney+ presenta el tr\u00e1iler oficial de la cuarta temporada de El Oso, la exitosa serie de FX ganadora de premios Emmy\u00ae. La nueva entrega estrena con sus 10 episodios disponibles el mi\u00e9rcoles 25 de junio a partir de las 18:00 horas exclusivamente en Disney+.<\/p>\n<p>&nbsp;<\/p>\n<p>La cuarta temporada de El Oso encuentra a Carmen \u201cCarmy\u201d Berzatto (Jeremy Allen White), Sydney Adamu (Ayo Edebiri) y Richard \u201cRichie\u201d Jerimovich (Ebon Moss-Bachrach) avanzando con determinaci\u00f3n, no solo para sobrevivir, sino para llevar a \u201cEl Oso\u201d al siguiente nivel. Con nuevos desaf\u00edos a cada paso, el equipo debe adaptarse, reajustarse y superar los obst\u00e1culos que se le presentan. En esta temporada, la b\u00fasqueda de la excelencia no significa solo mejorar, sino decidir qu\u00e9 vale la pena conservar.<\/p>\n<p>&nbsp;<\/p>\n<p>La serie tambi\u00e9n cuenta con las actuaciones de Abby Elliott, Lionel Boyce, Liza Col\u00f3n-Zayas y Matty Matheson, con Oliver Platt y Molly Gordon en papeles recurrentes.<\/p>\n<p>&nbsp;<\/p>\n<p>El Oso de FX fue creada por Christopher Storer, quien se desempe\u00f1a como productor ejecutivo junto a Josh Senior, Joanna Calo, Cooper Wehde, Tyson Bidner, Matty Matheson, Hiro Murai y Rene Gube. Courtney Storer es coproductora ejecutiva y productora culinaria. La serie est\u00e1 producida por FX Productions.<\/p>\n<p>&nbsp;<\/p>\n<p>Nombrada Programa de Televisi\u00f3n del A\u00f1o por el American Film Institute en cada una de sus tres primeras temporadas, El Oso de FX gan\u00f3 11 premios Emmy \u00ae por su segunda temporada, la mayor cantidad de premios obtenidos para una serie de comedia en un solo a\u00f1o. Adem\u00e1s, la serie recibi\u00f3 nominaciones y\/o premios de los Golden Globe Awards, Screen Actors Guild Awards, Peabody Awards, Critics\u2019 ChoiceAwards, Writers Guild Awards, Directors Guild Awards, Producer Guild Awards, NAACP Image Awards, Independent Spirit Awards, MPSE Golden Reel Awards, CAS Awards, ACE Eddie Awards y TCA Awards, entre otros.<\/p>\n<p>&nbsp;<\/p>\n<p>Los controles parentales de Disney+ garantizan que la plataforma sea una experiencia de streaming adecuada para todos los miembros de la familia. Los suscriptores pueden crear perfiles protegidos por un PIN y establecer, para determinados perfiles, l\u00edmites de acceso basados en la clasificaci\u00f3n del contenido.<\/p>\n<p>&nbsp;<\/p>\n<blockquote><p><strong>\u00a0El Oso de FX fue creada por Christopher Storer, quien se desempe\u00f1a como productor ejecutivo junto a Josh Senior, Joanna Calo, Cooper Wehde, Tyson Bidner, Matty Matheson, Hiro Murai y Rene Gube.<\/strong><\/p>\n<p><strong>\u00a0<\/strong><\/p>\n<p>&nbsp;<\/p><\/blockquote>\n","protected":false},"excerpt":{"rendered":"<p>Ya est\u00e1 disponible el tr\u00e1iler oficial Ganadora de premios Emmy se estrena en Disney+ el 25 de junio Disney+ presenta el tr\u00e1iler oficial de la cuarta temporada de El Oso, la exitosa serie de FX ganadora de premios Emmy\u00ae. La nueva entrega estrena con sus 10 episodios disponibles el mi\u00e9rcoles 25 de junio a partir [&hellip;]<\/p>\n","protected":false},"author":14,"featured_media":669354,"comment_status":"open","ping_status":"open","sticky":false,"template":"","format":"standard","meta":{"_monsterinsights_skip_tracking":false,"_monsterinsights_sitenote_active":false,"_monsterinsights_sitenote_note":"","_monsterinsights_sitenote_category":0,"footnotes":""},"categories":[12],"tags":[],"class_list":["post-669353","post","type-post","status-publish","format-standard","has-post-thumbnail","hentry","category-espectaculos"],"_links":{"self":[{"href":"https:\/\/www.diarioimagen.net\/index.php?rest_route=\/wp\/v2\/posts\/669353","targetHints":{"allow":["GET"]}}],"collection":[{"href":"https:\/\/www.diarioimagen.net\/index.php?rest_route=\/wp\/v2\/posts"}],"about":[{"href":"https:\/\/www.diarioimagen.net\/index.php?rest_route=\/wp\/v2\/types\/post"}],"author":[{"embeddable":true,"href":"https:\/\/www.diarioimagen.net\/index.php?rest_route=\/wp\/v2\/users\/14"}],"replies":[{"embeddable":true,"href":"https:\/\/www.diarioimagen.net\/index.php?rest_route=%2Fwp%2Fv2%2Fcomments&post=669353"}],"version-history":[{"count":1,"href":"https:\/\/www.diarioimagen.net\/index.php?rest_route=\/wp\/v2\/posts\/669353\/revisions"}],"predecessor-version":[{"id":669355,"href":"https:\/\/www.diarioimagen.net\/index.php?rest_route=\/wp\/v2\/posts\/669353\/revisions\/669355"}],"wp:featuredmedia":[{"embeddable":true,"href":"https:\/\/www.diarioimagen.net\/index.php?rest_route=\/wp\/v2\/media\/669354"}],"wp:attachment":[{"href":"https:\/\/www.diarioimagen.net\/index.php?rest_route=%2Fwp%2Fv2%2Fmedia&parent=669353"}],"wp:term":[{"taxonomy":"category","embeddable":true,"href":"https:\/\/www.diarioimagen.net\/index.php?rest_route=%2Fwp%2Fv2%2Fcategories&post=669353"},{"taxonomy":"post_tag","embeddable":true,"href":"https:\/\/www.diarioimagen.net\/index.php?rest_route=%2Fwp%2Fv2%2Ftags&post=669353"}],"curies":[{"name":"wp","href":"https:\/\/api.w.org\/{rel}","templated":true}]}}