{"id":669368,"date":"2025-05-29T00:00:31","date_gmt":"2025-05-29T06:00:31","guid":{"rendered":"https:\/\/www.diarioimagen.net\/?p=669368"},"modified":"2025-05-28T21:50:50","modified_gmt":"2025-05-29T03:50:50","slug":"pavel-loaria-big-band-regresa-al-lunario-del-auditorio-nacional","status":"publish","type":"post","link":"https:\/\/www.diarioimagen.net\/?p=669368","title":{"rendered":"Pavel Loaria Big Band regresa al Lunario del Auditorio Nacional"},"content":{"rendered":"<ul>\n<li><strong>Con un homenaje a Duke Ellington<\/strong><\/li>\n<li><strong>La cita es el domingo 08 de junio a las 13:00 horas<\/strong><\/li>\n<\/ul>\n<div id=\"attachment_669369\" style=\"width: 185px\" class=\"wp-caption alignnone\"><img loading=\"lazy\" decoding=\"async\" aria-describedby=\"caption-attachment-669369\" class=\"wp-image-669369 size-large\" src=\"https:\/\/www.diarioimagen.net\/wp-content\/uploads\/2025\/05\/PAVEL-175x270.jpeg\" alt=\"\" width=\"175\" height=\"270\" srcset=\"https:\/\/www.diarioimagen.net\/wp-content\/uploads\/2025\/05\/PAVEL-175x270.jpeg 175w, https:\/\/www.diarioimagen.net\/wp-content\/uploads\/2025\/05\/PAVEL-155x240.jpeg 155w, https:\/\/www.diarioimagen.net\/wp-content\/uploads\/2025\/05\/PAVEL-768x1187.jpeg 768w, https:\/\/www.diarioimagen.net\/wp-content\/uploads\/2025\/05\/PAVEL-993x1536.jpeg 993w, https:\/\/www.diarioimagen.net\/wp-content\/uploads\/2025\/05\/PAVEL-1325x2048.jpeg 1325w, https:\/\/www.diarioimagen.net\/wp-content\/uploads\/2025\/05\/PAVEL.jpeg 1333w\" sizes=\"auto, (max-width: 175px) 100vw, 175px\" \/><p id=\"caption-attachment-669369\" class=\"wp-caption-text\">Pavel Loaria Big Band es la primera y \u00fanica banda mexicana integrada por ni\u00f1os y j\u00f3venes con amor por el arte musical del Jazz.<\/p><\/div>\n<p>&nbsp;<\/p>\n<p><strong>Por Isabel Violeta <\/strong><\/p>\n<p>&nbsp;<\/p>\n<p>Pavel Loaria Big Band es la primera y \u00fanica banda mexicana integrada por ni\u00f1os y j\u00f3venes con amor por el arte musical, amantes de la m\u00fasica cl\u00e1sica y el jazz, se encuentran cumpliendo 9 a\u00f1os y se presentar\u00e1n en el Lunario del Auditorio Nacional el domingo 08 de junio a las 13:00 horas.<\/p>\n<p>&nbsp;<\/p>\n<p>Este concierto ser\u00e1 un peque\u00f1o homenaje a Duke Ellington por lo que se titula \u201cPlays Duke Ellington\u201d en donde interpretar\u00e1n temas como \u201cSatin doll\u201d, \u201cTake me a train\u201d, \u201cIt don\u00b4t mean a thing\u201d, \u201cC jam blues y \u201cJack the bear\u201d.<\/p>\n<p>&nbsp;<\/p>\n<p>En entrevista Pavel Loaria director de la banda nos cont\u00f3 \u201cestamos muy contentos por que cumplimos 9 a\u00f1os y con este concierto es una manera de celebrarlo, que mejor que en este importante recinto\u201d.<\/p>\n<p>&nbsp;<\/p>\n<p>Sobre la elecci\u00f3n de este tema fue porque \u201cdecid\u00ed que di\u00e9ramos este salto para que tocaran un repertorio un poco m\u00e1s complicado, un repertorio que ha sido representado por m\u00fasicos profesionales, primera vez lo interpretar\u00e1n los m\u00fasicos m\u00e1s peque\u00f1os\u201d coment\u00f3 el director.<\/p>\n<p>&nbsp;<\/p>\n<p>Si bien, podr\u00eda pensarse que los j\u00f3venes no est\u00e1n interesados en el jazz, Pavel Loaria cree que \u201ctodos quieren ser un gato jazz, siempre que nos acercamos a pel\u00edculas o caricaturas no lo sabemos, pero tienen mucho jazz, entonces la manera de acercarlos ha sido f\u00e1cil y enriquecedora, pues es un mundo que ya conoc\u00edan, pero que no reconoc\u00edan. Hay muchas facilidades para que los ni\u00f1os y los j\u00f3venes se acerquen al Jazz\u201d.<\/p>\n<p>&nbsp;<\/p>\n<p>Estos 9 a\u00f1os han estado llenos de puros logros \u201ctrabajar con los ni\u00f1os y j\u00f3venes me ha tra\u00eddo muchas experiencias, me siento orgulloso, pues son los primeros mexicanos en presentarse en Cuba en el Jazz Festival, fueron a Barcelona, este es nuestro doceavo Lunario, es sumamente gratificante compartirlo con las generaciones, han sido poco m\u00e1s de 150 chicos que han estado con nosotros\u201d afirm\u00f3 Pavel Loaria.<\/p>\n<p>&nbsp;<\/p>\n<p>Las expectativas del director y los j\u00f3venes son grandes, como las ganas de que m\u00e1s gente escuche y se interese en este maravilloso g\u00e9nero \u201ctenemos muchas expectativas, ellos son muy j\u00f3venes, pero es gratificante escuchar las canciones en sus instrumentos. Queremos que vengan m\u00e1s j\u00f3venes a escuchar este Jazz de ellos para ellos\u201d.<\/p>\n<p>&nbsp;<\/p>\n<p>Si alguno est\u00e1 interesado en integrarse a la Big Band pueden acercarse a las redes sociales de la banda, con solo mandar un mensaje se les env\u00eda toda la informaci\u00f3n necesaria.<\/p>\n<p>&nbsp;<\/p>\n<p>Los boletos se encuentran a la venta en el sistema Ticketmaster con distintas promociones como el \u201cFamily pack\u201d en donde compras tres y te llevas cuatro y los jueves de 2&#215;1 de ticket master, o bien los puedes comprar en taquillas.<\/p>\n<p>&nbsp;<\/p>\n<p><strong>\u00a0<\/strong><\/p>\n","protected":false},"excerpt":{"rendered":"<p>Con un homenaje a Duke Ellington La cita es el domingo 08 de junio a las 13:00 horas &nbsp; Por Isabel Violeta &nbsp; Pavel Loaria Big Band es la primera y \u00fanica banda mexicana integrada por ni\u00f1os y j\u00f3venes con amor por el arte musical, amantes de la m\u00fasica cl\u00e1sica y el jazz, se encuentran [&hellip;]<\/p>\n","protected":false},"author":14,"featured_media":669369,"comment_status":"open","ping_status":"open","sticky":false,"template":"","format":"standard","meta":{"_monsterinsights_skip_tracking":false,"_monsterinsights_sitenote_active":false,"_monsterinsights_sitenote_note":"","_monsterinsights_sitenote_category":0,"footnotes":""},"categories":[12],"tags":[],"class_list":["post-669368","post","type-post","status-publish","format-standard","has-post-thumbnail","hentry","category-espectaculos"],"_links":{"self":[{"href":"https:\/\/www.diarioimagen.net\/index.php?rest_route=\/wp\/v2\/posts\/669368","targetHints":{"allow":["GET"]}}],"collection":[{"href":"https:\/\/www.diarioimagen.net\/index.php?rest_route=\/wp\/v2\/posts"}],"about":[{"href":"https:\/\/www.diarioimagen.net\/index.php?rest_route=\/wp\/v2\/types\/post"}],"author":[{"embeddable":true,"href":"https:\/\/www.diarioimagen.net\/index.php?rest_route=\/wp\/v2\/users\/14"}],"replies":[{"embeddable":true,"href":"https:\/\/www.diarioimagen.net\/index.php?rest_route=%2Fwp%2Fv2%2Fcomments&post=669368"}],"version-history":[{"count":1,"href":"https:\/\/www.diarioimagen.net\/index.php?rest_route=\/wp\/v2\/posts\/669368\/revisions"}],"predecessor-version":[{"id":669370,"href":"https:\/\/www.diarioimagen.net\/index.php?rest_route=\/wp\/v2\/posts\/669368\/revisions\/669370"}],"wp:featuredmedia":[{"embeddable":true,"href":"https:\/\/www.diarioimagen.net\/index.php?rest_route=\/wp\/v2\/media\/669369"}],"wp:attachment":[{"href":"https:\/\/www.diarioimagen.net\/index.php?rest_route=%2Fwp%2Fv2%2Fmedia&parent=669368"}],"wp:term":[{"taxonomy":"category","embeddable":true,"href":"https:\/\/www.diarioimagen.net\/index.php?rest_route=%2Fwp%2Fv2%2Fcategories&post=669368"},{"taxonomy":"post_tag","embeddable":true,"href":"https:\/\/www.diarioimagen.net\/index.php?rest_route=%2Fwp%2Fv2%2Ftags&post=669368"}],"curies":[{"name":"wp","href":"https:\/\/api.w.org\/{rel}","templated":true}]}}